{"id":179386,"date":"2025-12-31T06:38:15","date_gmt":"2025-12-31T06:38:15","guid":{"rendered":"https:\/\/www.europesays.com\/pl\/179386\/"},"modified":"2025-12-31T06:38:15","modified_gmt":"2025-12-31T06:38:15","slug":"uderzenie-zimy-w-sylwestra-meteorolodzy-nawet-15c-polska","status":"publish","type":"post","link":"https:\/\/www.europesays.com\/pl\/179386\/","title":{"rendered":"Uderzenie zimy w Sylwestra. Meteorolodzy: nawet -15\u00b0C &#8211; Polska"},"content":{"rendered":"<p>Zima nie odpu\u015bci. IMGW aktualizuje prognoz\u0119 na Sylwestra<\/p>\n<p>Atak zimy dotar\u0142 do Polski. P\u00f3\u0142noc, centrum i wsch\u00f3d kraju kraju ju\u017c zmagaj\u0105 si\u0119 z intensywnymi opadami \u015bniegu i wichurami, co powoduje zawieje i zamiecie \u015bnie\u017cne. Dodatkowo sztorm na Ba\u0142tyku wpycha wod\u0119 w g\u0142\u0105b l\u0105du,\u00a0tworz\u0105c zagro\u017cenie powodziowe. Obowi\u0105zuj\u0105 alerty\u00a0<a href=\"https:\/\/polskieradio24.pl\/artykul\/3627443,alert-rcb-dla-pieciu-wojewodztw-ostrzezenie-przed-zamieciami-snieznymi\" rel=\"nofollow noopener\" target=\"_blank\">RCB<\/a> i <a href=\"https:\/\/polskieradio24.pl\/artykul\/3627656,sniezyce-i-wichury-czerwone-alerty-imgw\" rel=\"nofollow noopener\" target=\"_blank\">IMGW<\/a>.<\/p>\n<p>Czytaj tak\u017ce:<\/p>\n<ul class=\"ArticleContent_articleUlList__sA7TW\">&#13;<\/p>\n<li><a href=\"https:\/\/polskieradio24.pl\/artykul\/3627697,samochody-i-plugi-utknely-w-zaspach-ludzi-ratowali-rolnicy\" rel=\"nofollow noopener\" target=\"_blank\">Samochody i p\u0142ugi utkn\u0119\u0142y w zaspach. Ludzi ratowali rolnicy<\/a><\/li>\n<p>&#13;<\/p>\n<li><a href=\"https:\/\/polskieradio24.pl\/artykul\/3627640,woda-zalewa-frombork-trwa-walka-z-cofka-na-zalewie-wislanym\" rel=\"nofollow noopener\" target=\"_blank\">Woda zalewa Frombork. Trwa walka z cofk\u0105 na Zalewie Wi\u015blanym<\/a><\/li>\n<p>&#13;\n<\/ul>\n<p>Wszystko wskazuje na to, \u017ce do Sylwestra pogoda si\u0119 nie uspokoi. Rzeczniczka IMGW Agnieszka Prasek w prognozie dla Polskiego Radia zapowiada\u00a0kontynuacj\u0119\u00a0uderzenia zimy.<\/p>\n<p>Nawet -15 stopni Celsjusza<\/p>\n<p>W noc sylwestrow\u0105 w centralnej, wschodniej i p\u00f3\u0142nocno-wschodniej Polsce temperatury mog\u0105 spa\u015b\u0107 nawet do -15 stopni Celsjusza. Jeszcze trudniejsze warunki spodziewane s\u0105 w g\u00f3rach, gdzie przy silnym wietrze temperatura odczuwalna mo\u017ce si\u0119ga\u0107 nawet -30 stopni. &#8211; Sytuacja b\u0119dzie trudna &#8211; podkre\u015bla Agnieszka Prasek z IMGW.<\/p>\n<p>Pos\u0142uchaj<\/p>\n<p>Agnieszka Prasek z IMGW prognozuje \u015bnieg i mr\u00f3z na Sylwestra (IAR) 0:17<\/p>\n<p><img alt=\"+\" loading=\"lazy\" decoding=\"async\" data-nimg=\"fill\" style=\"position:absolute;height:100%;width:100%;left:0;top:0;right:0;bottom:0;color:transparent\"   src=\"https:\/\/polskieradio24.pl\/assets\/add_playlist_icon.svg?w=3840&amp;q=75\"\/>Dodaj do playlisty<img alt=\"+\" loading=\"lazy\" decoding=\"async\" data-nimg=\"fill\" style=\"position:absolute;height:100%;width:100%;left:0;top:0;right:0;bottom:0;color:transparent\"   src=\"https:\/\/polskieradio24.pl\/assets\/add_playlist_icon.svg?w=3840&amp;q=75\"\/><\/p>\n<p>Dodaj do playlisty<\/p>\n<p>Instytut\u00a0ostrzega r\u00f3wnie\u017c przed intensywnymi opadami \u015bniegu od Zatoki Gda\u0144skiej i Warmii, przez Mazury i Podlasie, a\u017c po Mazowsze. W tych\u00a0regionach mo\u017cliwe s\u0105 burze \u015bnie\u017cne.<\/p>\n<p>Co dalej? Na pogodowym radarze kolejny atak zimy<\/p>\n<p>Nowy Rok te\u017c przywita nas \u015bniegiem. Pada\u0107 b\u0119dzie praktycznie w ca\u0142ej Polsce z wyj\u0105tkiem zachodnich wojew\u00f3dztw. Temperatury b\u0119d\u0105 w ci\u0105gu dnia maksymalnie oscylowa\u0107 w granicach zera lub 1 stopnia na plusie.\u00a0W nocy termometry wska\u017c\u0105 jednak przewa\u017cnie ujemne warto\u015bci.<\/p>\n<p>IMGW przewiduje, \u017ce ten stan rzeczy utrzyma si\u0119 do weekendu, a ju\u017c w poniedzia\u0142ek 5 stycznia do Polski nadci\u0105gnie kolejna fala arktycznego powietrza, kt\u00f3ra spowoduje, \u017ce wsz\u0119dzie w Polsce temperatura spadnie poni\u017cej zera. Termometry mog\u0105 miejscami wskaza\u0107 nawet -12 stopni.\u00a0<\/p>\n<p>Na Trzech Kr\u00f3li temperatury b\u0119d\u0105 kszta\u0142towa\u0142y si\u0119 bardzo podobnie. W dodatku &#8211; wed\u0142ug modelu meteorologicznego ECMWF &#8211; w ca\u0142ej Polsce b\u0119dzie si\u0119 utrzymywa\u0142a pokrywa \u015bnie\u017cna. Miejscami nawet do 30 centymetr\u00f3w.<\/p>\n<p> <img decoding=\"async\" src=\"https:\/\/www.europesays.com\/pl\/wp-content\/uploads\/2025\/12\/8a0823b0-d45a-47eb-b5a9-91634c69f9d3.jpg\" alt=\"Prognozowana grubo\u015b\u0107 pokrywy \u015bnie\u017cnej na 6 stycznia 2026 roku\"\/>    Prognozowana grubo\u015b\u0107 pokrywy \u015bnie\u017cnej na 6 stycznia 2026 roku    <\/p>\n<p>Czytaj tak\u017ce:<\/p>\n<ul class=\"ArticleContent_articleUlList__sA7TW\">&#13;<\/p>\n<li><a href=\"https:\/\/polskieradio24.pl\/artykul\/3627571,alert-gotowosci-wot-w-zwiazku-z-pogoda-zolnierze-rusza-na-ratunek\" rel=\"nofollow noopener\" target=\"_blank\">Alert gotowo\u015bci WOT w zwi\u0105zku z pogod\u0105. \u017bo\u0142nierze rusz\u0105 na ratunek<\/a><\/li>\n<p>&#13;\n<\/ul>\n<p>\u0179r\u00f3d\u0142o: Polskie Radio\/IMGW\/tw<\/p>\n","protected":false},"excerpt":{"rendered":"Zima nie odpu\u015bci. IMGW aktualizuje prognoz\u0119 na Sylwestra Atak zimy dotar\u0142 do Polski. P\u00f3\u0142noc, centrum i wsch\u00f3d kraju&hellip;\n","protected":false},"author":2,"featured_media":179387,"comment_status":"","ping_status":"","sticky":false,"template":"","format":"standard","meta":{"footnotes":""},"categories":[12],"tags":[32,33,36,37,27,34,35,28,31,25,42,38,40,39,41,29,30,26],"class_list":{"0":"post-179386","1":"post","2":"type-post","3":"status-publish","4":"format-standard","5":"has-post-thumbnail","7":"category-polska","8":"tag-breaking-news","9":"tag-breakingnews","10":"tag-featured-news","11":"tag-featurednews","12":"tag-headlines","13":"tag-latest-news","14":"tag-latestnews","15":"tag-naglowki","16":"tag-najwazniejsze-artykuly","17":"tag-news","18":"tag-pl","19":"tag-poland","20":"tag-polish","21":"tag-polska","22":"tag-polski","23":"tag-top-stories","24":"tag-topstories","25":"tag-wiadomosci"},"share_on_mastodon":{"url":"https:\/\/pubeurope.com\/@pl\/115812807733954806","error":""},"_links":{"self":[{"href":"https:\/\/www.europesays.com\/pl\/wp-json\/wp\/v2\/posts\/179386","targetHints":{"allow":["GET"]}}],"collection":[{"href":"https:\/\/www.europesays.com\/pl\/wp-json\/wp\/v2\/posts"}],"about":[{"href":"https:\/\/www.europesays.com\/pl\/wp-json\/wp\/v2\/types\/post"}],"author":[{"embeddable":true,"href":"https:\/\/www.europesays.com\/pl\/wp-json\/wp\/v2\/users\/2"}],"replies":[{"embeddable":true,"href":"https:\/\/www.europesays.com\/pl\/wp-json\/wp\/v2\/comments?post=179386"}],"version-history":[{"count":0,"href":"https:\/\/www.europesays.com\/pl\/wp-json\/wp\/v2\/posts\/179386\/revisions"}],"wp:featuredmedia":[{"embeddable":true,"href":"https:\/\/www.europesays.com\/pl\/wp-json\/wp\/v2\/media\/179387"}],"wp:attachment":[{"href":"https:\/\/www.europesays.com\/pl\/wp-json\/wp\/v2\/media?parent=179386"}],"wp:term":[{"taxonomy":"category","embeddable":true,"href":"https:\/\/www.europesays.com\/pl\/wp-json\/wp\/v2\/categories?post=179386"},{"taxonomy":"post_tag","embeddable":true,"href":"https:\/\/www.europesays.com\/pl\/wp-json\/wp\/v2\/tags?post=179386"}],"curies":[{"name":"wp","href":"https:\/\/api.w.org\/{rel}","templated":true}]}}