{"id":179404,"date":"2025-12-31T06:53:13","date_gmt":"2025-12-31T06:53:13","guid":{"rendered":"https:\/\/www.europesays.com\/pl\/179404\/"},"modified":"2025-12-31T06:53:13","modified_gmt":"2025-12-31T06:53:13","slug":"7036-zl-pensji-minimalnej-dla-opiekuna-medycznego-waloryzacja-w-2026-roku-pod-znakiem-zapytania","status":"publish","type":"post","link":"https:\/\/www.europesays.com\/pl\/179404\/","title":{"rendered":"7036 z\u0142 pensji minimalnej dla opiekuna medycznego. Waloryzacja w 2026 roku pod znakiem zapytania"},"content":{"rendered":"<ul class=\"list-5\">\n<li>\n<p>\t\t\t\tAutor:<br \/>\n\t\t\t\t\t\t\t\t\t\t\t\t\t\t\t\t\t\t<a href=\"https:\/\/www.pulshr.pl\/autor\/oprac-an,944,0.html\" rel=\"nofollow noopener\" target=\"_blank\">Oprac. AN<\/a><\/p>\n<p><\/p>\n<p>\t\t\t\t\tOpublikowano: 30 gru 2025 19:04<\/p>\n<\/li>\n<\/ul>\n<p class=\"lead\">Pensje minimalne pracownik\u00f3w publicznej ochrony zdrowia s\u0105 regulowane ustaw\u0105. Tu p\u0142ace minimalne s\u0105 znacznie wy\u017csze ni\u017c te wprowadzane przez rz\u0105d od 1 stycznia 2026 roku. Na przyk\u0142ad minimalna opiekuna medycznego to ponad 7 tys. z\u0142brutto, piel\u0119gniarki ze \u015brednim wykszta\u0142ceniem i specjalizacj\u0105\u00a0&#8211; 8 345,35 z\u0142, a diagnosty i laboratoryjnego z wy\u017cszym wykszta\u0142ceniem i specjalizacj\u0105 &#8211; 10 554 z\u0142.<\/p>\n<p>\t\t\t<img decoding=\"async\" src=\"https:\/\/www.europesays.com\/pl\/wp-content\/uploads\/2025\/12\/132293_r2_990.jpg\" fetchpriority=\"high\" alt=\"7036 z\u0142 pensji minimalnej dla opiekuna medycznego. Waloryzacja w 2026 roku pod znakiem zapytania\" title=\"Minimalne pensje w publicznej ochronie zdrowia okre\u015bla ustawa. Jest w niej zapisana rownie\u017c p\u0142aca minimalna opiekun\u00f3w medycznych\" width=\"990\" height=\"543\"\/><\/p>\n<p>\t\t\t\t\tMinimalne pensje w publicznej ochronie zdrowia okre\u015bla ustawa. Jest w niej zapisana rownie\u017c p\u0142aca minimalna opiekun\u00f3w medycznych<\/p>\n<p>\n\t\t\t\t\t\t\tfot. PeopleImages \/ Shutterstock\n\t\t\t\t\t\t<\/p>\n<p>\t\t\u00a0<\/p>\n<p>        <a href=\"https:\/\/www.pulshr.pl\/wynagrodzenia\/1-stycznia-przelicza-emerytury-miesiecznie-nawet-150-zl-wiecej-wiemy-kogo-obejmie-zmiana-lista,116184.html\" class=\"read-more-box-img-cnt\" rel=\"nofollow noopener\" target=\"_blank\"><br \/>\n        \t            <img decoding=\"async\" src=\"https:\/\/www.europesays.com\/pl\/wp-content\/uploads\/2025\/12\/132290_r0_300.jpg\" class=\"read-more-box-img\" loading=\"lazy\" alt=\"ZUS ponownie przeliczy emerytury. Niekt\u00f3rzy zyskaj\u0105 150 z\u0142 miesi\u0119cznie\" width=\"300\" height=\"200\"\/><br \/>\n                    <\/a><\/p>\n<p>Koniec podwy\u017cek\u00a0pensji minimalnej medyk\u00f3w?<\/p>\n<p>Minimalne pensje w publicznej ochronie zdrowia okre\u015bla ustawa o minimalnych wynagrodzeniach dla pracownik\u00f3w zatrudnionych w podmiotach leczniczych. Przepisy zak\u0142adaj\u0105 coroczn\u0105 waloryzacj\u0119 od 1 lipca oraz \u017ce wysoko\u015b\u0107 najni\u017cszej pensji jest iloczynem wsp\u00f3\u0142czynnika pracy okre\u015blonego w tabeli p\u0142ac i kwoty przeci\u0119tnego miesi\u0119cznego wynagrodzenia brutto w gospodarce narodowej w roku poprzedzaj\u0105cym og\u0142aszanej przez GUS.<\/p>\n<p>Rosn\u0105ce pensje medyk\u00f3w s\u0105 jednak coraz wi\u0119kszym obci\u0105\u017ceniem dla bud\u017cetu. W zwi\u0105zku z tym Ministerstwo Zdrowia zapowiada zmiany w ustawie, aby t\u0119 dynamik\u0119 podwy\u017cek jeszcze obni\u017cy\u0107.<\/p>\n<p>Jak informuje rynekzdrowia.pl resort chce te\u017c przeniesienia waloryzacji z lipca na stycze\u0144, co oznacza\u0142oby, \u017ce najbli\u017csze podwy\u017cki w ochronie zdrowia mia\u0142yby miejsce nie w lipcu 2026 roku a w styczniu 2027 roku.<\/p>\n<p>&#8211; Na pocz\u0105tku stycznia 2026 roku przedstawimy projekt nowelizacji m\u00f3wi\u0105cy o przesuni\u0119ciu waloryzacji na stycze\u0144 oraz o oparciu wzrostu minimalnych wynagrodze\u0144 na wzro\u015bcie p\u0142ac w sferze bud\u017cetowej &#8211; cytuje zapowied\u017a wiceminister zdrowia Katarzyny K\u0119ckiej Rynek Zdrowia.<\/p>\n<p>        <a href=\"https:\/\/www.pulshr.pl\/prawo-pracy\/6-dni-urlopu-wiecej-1-stycznia-wchodzi-nowe-prawo-rewolucja-dla-milionow-polakow,116147.html\" class=\"read-more-box-img-cnt\" rel=\"nofollow noopener\" target=\"_blank\"><br \/>\n        \t            <img decoding=\"async\" src=\"https:\/\/www.europesays.com\/pl\/wp-content\/uploads\/2025\/12\/132280_r0_300.jpg\" class=\"read-more-box-img\" loading=\"lazy\" alt=\"Nowe zasady wliczania do sta\u017cu pracy zatrudnienia na umow\u0119 zlecenie a wi\u0119kszy wymiar urlopu\" width=\"300\" height=\"200\"\/><br \/>\n                    <\/a><\/p>\n<p>Ile zarabia opiekun medyczny, piel\u0119gniarka i ratownik?<\/p>\n<p>Od 1 lipca 2025 roku minimalne wynagrodzenia w ochronie zdrowia wynosz\u0105\u00a0(kwoty brutto):\u00a0<\/p>\n<ul>&#13;<\/p>\n<li>Lekarz albo lekarz dentysta\u00a0ze specjalizacj\u0105 (wsp\u00f3\u0142czynnik pracy 1,45) &#8211;\u00a011 863,49 z\u0142\u00a0(wzrost o 1 488,04 z\u0142)<\/li>\n<p>&#13;<\/p>\n<li>Farmaceuta, fizjoterapeuta, diagnosta laboratoryjny, psycholog kliniczny, inny pracownik wykonuj\u0105cy zaw\u00f3d medyczny inny ni\u017c okre\u015blony w lp. 1, 3 i 4 z wymaganym wy\u017cszym wykszta\u0142ceniem na poziomie magisterskim i specjalizacj\u0105, piel\u0119gniarka z tytu\u0142em zawodowym magister piel\u0119gniarstwa albo po\u0142o\u017cna z tytu\u0142em magister po\u0142o\u017cnictwa z wymagan\u0105 specjalizacj\u0105 w dziedzinie piel\u0119gniarstwa lub w dziedzinie maj\u0105cej zastosowanie w ochronie zdrowia (1,29) &#8211;\u00a010 554,42 z\u0142\u00a0(wzrost o 1 323,85 z\u0142)<\/li>\n<p>&#13;<\/p>\n<li>Lekarz albo lekarz dentysta, bez specjalizacji\u00a0(1,19) &#8211;\u00a09 736,25 z\u0142\u00a0(wzrost o 1 221,23 z\u0142)<\/li>\n<p>&#13;<\/p>\n<li>Sta\u017cysta\u00a0(0,95) &#8211;\u00a07 772,63 z\u0142\u00a0(wzrost o 974,92 z\u0142)<\/li>\n<p>&#13;<\/p>\n<li>Farmaceuta, fizjoterapeuta, diagnosta laboratoryjny, piel\u0119gniarka, po\u0142o\u017cna, technik elektroradiolog, psycholog, inny pracownik wykonuj\u0105cy zaw\u00f3d medyczny inny ni\u017c okre\u015blony w lp. 1\u22124 z wymaganym wy\u017cszym wykszta\u0142ceniem na poziomie magisterskim; piel\u0119gniarka, po\u0142o\u017cna z wymaganym wy\u017cszym wykszta\u0142ceniem (studia I stopnia) i specjalizacj\u0105, albo piel\u0119gniarka, po\u0142o\u017cna ze \u015brednim wykszta\u0142ceniem i specjalizacj\u0105 (1,02) &#8211;\u00a08 345,35 z\u0142\u00a0(wzrost o 1 046,76 z\u0142)<\/li>\n<p>&#13;<\/p>\n<li>Fizjoterapeuta, piel\u0119gniarka, po\u0142o\u017cna, ratownik medyczny, technik elektroradiolog, inny pracownik wykonuj\u0105cy zaw\u00f3d medyczny inny ni\u017c okre\u015blony w lp. 1\u20135 z wymaganym wy\u017cszym wykszta\u0142ceniem na poziomie studi\u00f3w I stopnia; fizjoterapeuta, ratownik medyczny, technik analityki medycznej, technik elektroradiolog z wymaganym \u015brednim wykszta\u0142ceniem albo piel\u0119gniarka albo po\u0142o\u017cna z wymaganym \u015brednim wykszta\u0142ceniem, kt\u00f3ra nie posiada tytu\u0142u specjalisty w dziedzinie piel\u0119gniarstwa lub dziedzinie maj\u0105cej zastosowanie w ochronie zdrowia (0,94) &#8211;\u00a07 690,82 z\u0142\u00a0(wzrost o 964,67 z\u0142)<\/li>\n<p>&#13;<\/p>\n<li>Inny pracownik wykonuj\u0105cy zaw\u00f3d medyczny inny ni\u017c okre\u015blony w lp. 1\u20136 z wymaganym \u015brednim wykszta\u0142ceniem oraz opiekun medyczny (0,86) &#8211;\u00a07 036,28 z\u0142\u00a0(wzrost o 882,57 z\u0142)<\/li>\n<p>&#13;<\/p>\n<li>Pracownik dzia\u0142alno\u015bci podstawowej, inny ni\u017c pracownik wykonuj\u0105cy zaw\u00f3d medyczny z wymaganym wykszta\u0142ceniem wy\u017cszym (1) &#8211;\u00a08 181,72 z\u0142\u00a0(wzrost o 1 026,24 z\u0142)<\/li>\n<p>&#13;<\/p>\n<li>Pracownik dzia\u0142alno\u015bci podstawowej, inny ni\u017c pracownik wykonuj\u0105cy zaw\u00f3d medyczny z wymaganym wykszta\u0142ceniem \u015brednim (0,78) &#8211;\u00a06 381,74 z\u0142\u00a0(wzrost o 800,47 z\u0142)<\/li>\n<p>&#13;<\/p>\n<li>Pracownik dzia\u0142alno\u015bci podstawowej, inny ni\u017c pracownik wykonuj\u0105cy zaw\u00f3d medyczny z wymaganym wykszta\u0142ceniem poni\u017cej \u015bredniego (0,65) &#8211;\u00a05 318,12 z\u0142\u00a0(wzrost o 667,06 z\u0142)<\/li>\n<p>&#13;\n<\/ul>\n<p>        <a href=\"https:\/\/www.pulshr.pl\/prawo-pracy\/2-dni-dodatkowego-urlopu-termin-mija-31-grudnia,116163.html\" class=\"read-more-box-img-cnt\" rel=\"nofollow noopener\" target=\"_blank\"><br \/>\n        \t            <img decoding=\"async\" src=\"https:\/\/www.europesays.com\/pl\/wp-content\/uploads\/2025\/12\/132292_r0_300.jpg\" class=\"read-more-box-img\" loading=\"lazy\" alt=\"2 dni dodatkowego urlopu. Termin mija 31 grudnia\" width=\"300\" height=\"200\"\/><br \/>\n                    <\/a><\/p>\n<p>\u00a0<\/p>\n","protected":false},"excerpt":{"rendered":"Autor: Oprac. AN Opublikowano: 30 gru 2025 19:04 Pensje minimalne pracownik\u00f3w publicznej ochrony zdrowia s\u0105 regulowane ustaw\u0105. Tu&hellip;\n","protected":false},"author":2,"featured_media":179405,"comment_status":"","ping_status":"","sticky":false,"template":"","format":"standard","meta":{"footnotes":""},"categories":[5],"tags":[664,820,25454,32,33,36,37,27,34,35,28,31,25452,818,25,42,38,40,39,41,29,30,25453,819,26],"class_list":{"0":"post-179404","1":"post","2":"type-post","3":"status-publish","4":"format-standard","5":"has-post-thumbnail","7":"category-naglowki","8":"tag-typedefinedterm","9":"tag-25947-html","10":"tag-40973-html","11":"tag-breaking-news","12":"tag-breakingnews","13":"tag-featured-news","14":"tag-featurednews","15":"tag-headlines","16":"tag-latest-news","17":"tag-latestnews","18":"tag-naglowki","19":"tag-najwazniejsze-artykuly","20":"tag-namepensja-minimalna","21":"tag-namepu0142aca-minimalna","22":"tag-news","23":"tag-pl","24":"tag-poland","25":"tag-polish","26":"tag-polska","27":"tag-polski","28":"tag-top-stories","29":"tag-topstories","30":"tag-urlhttps-www-pulshr-pl-lista-pensja-minimalna","31":"tag-urlhttps-www-pulshr-pl-lista-placa-minimalna","32":"tag-wiadomosci"},"share_on_mastodon":{"url":"https:\/\/pubeurope.com\/@pl\/115812866718610186","error":""},"_links":{"self":[{"href":"https:\/\/www.europesays.com\/pl\/wp-json\/wp\/v2\/posts\/179404","targetHints":{"allow":["GET"]}}],"collection":[{"href":"https:\/\/www.europesays.com\/pl\/wp-json\/wp\/v2\/posts"}],"about":[{"href":"https:\/\/www.europesays.com\/pl\/wp-json\/wp\/v2\/types\/post"}],"author":[{"embeddable":true,"href":"https:\/\/www.europesays.com\/pl\/wp-json\/wp\/v2\/users\/2"}],"replies":[{"embeddable":true,"href":"https:\/\/www.europesays.com\/pl\/wp-json\/wp\/v2\/comments?post=179404"}],"version-history":[{"count":0,"href":"https:\/\/www.europesays.com\/pl\/wp-json\/wp\/v2\/posts\/179404\/revisions"}],"wp:featuredmedia":[{"embeddable":true,"href":"https:\/\/www.europesays.com\/pl\/wp-json\/wp\/v2\/media\/179405"}],"wp:attachment":[{"href":"https:\/\/www.europesays.com\/pl\/wp-json\/wp\/v2\/media?parent=179404"}],"wp:term":[{"taxonomy":"category","embeddable":true,"href":"https:\/\/www.europesays.com\/pl\/wp-json\/wp\/v2\/categories?post=179404"},{"taxonomy":"post_tag","embeddable":true,"href":"https:\/\/www.europesays.com\/pl\/wp-json\/wp\/v2\/tags?post=179404"}],"curies":[{"name":"wp","href":"https:\/\/api.w.org\/{rel}","templated":true}]}}