{"id":179443,"date":"2025-12-31T07:16:15","date_gmt":"2025-12-31T07:16:15","guid":{"rendered":"https:\/\/www.europesays.com\/pl\/179443\/"},"modified":"2025-12-31T07:16:15","modified_gmt":"2025-12-31T07:16:15","slug":"kuba-wojewodzki-w-gorzkich-slowach-o-programie-skolima-i-zenka-martyniuka","status":"publish","type":"post","link":"https:\/\/www.europesays.com\/pl\/179443\/","title":{"rendered":"Kuba Wojew\u00f3dzki w gorzkich s\u0142owach o programie Skolima i Zenka Martyniuka"},"content":{"rendered":"<p class=\"ods-c-paragraph \"><a href=\"https:\/\/plejada.pl\/temat\/kuba-wojewodzki-dziennikarz-jakub-wojewodzki\/x310yht\" id=\"e735dd23-5d63-42ac-898a-9025edec8d4a\" rel=\"nofollow noopener\" target=\"_blank\">Kuba Wojew\u00f3dzki<\/a> od lat komentuje bie\u017c\u0105ce wydarzenia ze \u015bwiata show-biznesu na \u0142amach tygodnika &#8222;Polityka&#8221;. W swoich tekstach nie stroni od z\u0142o\u015bliwo\u015bci, cz\u0119sto ironicznie odnosz\u0105c si\u0119 do zachowa\u0144 i wypowiedzi znanych os\u00f3b. Tym razem dziennikarz skupi\u0142 si\u0119 na programie &#8222;Disco Star&#8221;, kt\u00f3ry wkr\u00f3tce pojawi si\u0119 w ram\u00f3wce Polsatu.<\/p>\n<p>Dalszy ci\u0105g artyku\u0142u pod materia\u0142em wideo<\/p>\n<p> Jakie zmiany zasz\u0142y w programie Disco Star? <\/p>\n<p> Kto zasi\u0105dzie w jury nowej edycji Disco Star? <\/p>\n<p> Kiedy b\u0119dzie emitowany program Disco Star? <\/p>\n<p> Jakie uwagi Kuba Wojew\u00f3dzki ma na temat juror\u00f3w? <\/p>\n<p>  Kuba Wojew\u00f3dzki wulgarnie o programie Skolima i Zenka Martyniuka<\/p>\n<p class=\"ods-c-paragraph \">Talent show &#8222;Disco Star&#8221; przeznaczony jest dla wykonawc\u00f3w disco polo i b\u0119dzie emitowany w pi\u0105tkowe wieczory o godzinie 19:55. W jury dziewi\u0105tej edycji programu zasi\u0105d\u0105 <a href=\"https:\/\/plejada.pl\/temat\/zenek-martyniuk-piosenkarz-zenon-martyniuk\/zyxvrx7\" id=\"3f91f51a-38fd-4f9d-8355-a76e5e0a939a\" rel=\"nofollow noopener\" target=\"_blank\">Zenon Martyniuk<\/a>, <a href=\"https:\/\/plejada.pl\/temat\/skolim\/vxt7jl3\" id=\"dd2d8b2e-da25-4255-8354-dee32364a5e9\" rel=\"nofollow noopener\" target=\"_blank\">Skolim<\/a>, Magda Naro\u017cna oraz Marcin Miller. W najnowszym felietonie dla &#8222;Polityki&#8221; Kuba Wojew\u00f3dzki wspomnia\u0142 o programie, uderzaj\u0105c w juror\u00f3w.<\/p>\n<blockquote class=\"ods-o-quota\">\n<p class=\"ods-o-quota__paragraph\">Talent show dla muzyk\u00f3w disco polo pod tytu\u0142em &#8222;Disco star&#8221; pojawi si\u0119 na g\u0142\u00f3wnej antenie Polsatu. W pi\u0105tki o godz. 19.55. W jury m.in. Zenek i Skolim. Zacytuj\u0119 moj\u0105 ulubion\u0105 recenzj\u0119 filmu &#8222;Psy 3&#8221;: &#8222;Bardzo, k***a, szkoda&#8221;<\/p>\n<\/blockquote>\n<p class=\"ods-c-paragraph \">\u2014 napisa\u0142.<\/p>\n<p class=\"ods-c-paragraph \">Nowa ods\u0142ona &#8222;Disco Star&#8221; to powr\u00f3t programu, kt\u00f3ry wcze\u015bniej by\u0142 emitowany w Polo TV. Polsat ju\u017c latem testowa\u0142 zainteresowanie widz\u00f3w tym formatem, pokazuj\u0105c powt\u00f3rki poprzednich sezon\u00f3w. Teraz stacja zdecydowa\u0142a si\u0119 na premierowe odcinki, kt\u00f3re maj\u0105 przyci\u0105gn\u0105\u0107 przed telewizory szerok\u0105 publiczno\u015b\u0107.<\/p>\n<p>   <img decoding=\"async\" src=\"https:\/\/www.europesays.com\/pl\/wp-content\/uploads\/2025\/12\/hmXk9lBaHR0cHM6Ly9vY2RuLmV1L3B1bHNjbXMvTURBXy8yMTA0MTcxYzIzYzdiNDJjNGIyMzUxMmEyNjEwZjMzYS5qcGeSlQMAA.jpeg\" height=\"625\" width=\"940\" alt=\"Skolim\" loading=\"lazy\" class=\"ods-c-image__img ods-c-image__img--viewport-width\"\/><\/p>\n<p>SkolimPiotr Andrzejczak \/ MW Media<\/p>\n<p> <img decoding=\"async\" src=\"https:\/\/www.europesays.com\/pl\/wp-content\/uploads\/2025\/12\/KTGk9lBaHR0cHM6Ly9vY2RuLmV1L3B1bHNjbXMvTURBXy8zZWZkOTcyMWNmNjdmN2M0OWRmZjUyNjJlNjU5MWZlZi5qcGeRlQLNB.jpeg\" height=\"626\" width=\"940\" alt=\"Zenek Martyniuk\" loading=\"lazy\" class=\"ods-c-image__img ods-c-image__img--viewport-width\"\/><\/p>\n<p>Zenek MartyniukMW Media Toru\u0144 \/ MW Media<\/p>\n<p> <img decoding=\"async\" src=\"https:\/\/www.europesays.com\/pl\/wp-content\/uploads\/2025\/10\/l1ok9lBaHR0cHM6Ly9vY2RuLmV1L3B1bHNjbXMvTURBXy9mNzhlMzM3YjcyOGUwZWJiNTY0NmU3NGJhY2I5NTVmNS5qcGeRlQLNA.jpeg\" height=\"529\" width=\"940\" alt=\"Kuba Wojew\u00f3dzki\" loading=\"lazy\" class=\"ods-c-image__img ods-c-image__img--vertical\"\/><\/p>\n<p>Kuba Wojew\u00f3dzkiJAROSLAW ANTONIAK\/MWMEDIA WARSZAWA \/ MW Media<\/p>\n<p class=\"ods-c-paragraph \">Dzi\u0119kujemy, \u017ce przeczyta\u0142a\u015b\/e\u015b nasz artyku\u0142 do ko\u0144ca. W serwisie Plejada.pl ka\u017cdego dnia piszemy o najwa\u017cniejszych wydarzeniach show-biznesowych. B\u0105d\u017a na bie\u017c\u0105co! <a rel=\"nofollow noopener\" href=\"https:\/\/profile.google.com\/cp\/Cg0vZy8xMWJ6X19wdHBx\" id=\"b3b262d1-0104-4079-a579-586c97540eba\" target=\"_blank\">Obserwuj<\/a> Plejad\u0119 w Wiadomo\u015bciach Google. Odwied\u017a nas tak\u017ce na <a rel=\"nofollow noopener\" href=\"https:\/\/www.facebook.com\/plejadapl\" id=\"7d3541a5-8f82-4988-b5dd-806a877f4ad4\" target=\"_blank\">Facebooku<\/a>, <a rel=\"nofollow noopener\" href=\"https:\/\/www.instagram.com\/plejadapl\/\" id=\"21786753-f37a-476a-95ee-0f70a0165c0f\" target=\"_blank\">Instagramie<\/a>, <a rel=\"nofollow noopener\" href=\"https:\/\/www.youtube.com\/c\/plejada\" id=\"3a0db5e3-0aa6-4df2-828d-0f81aed724b1\" target=\"_blank\">YouTube<\/a> oraz <a rel=\"nofollow noopener\" href=\"https:\/\/www.tiktok.com\/@plejada_pl\" id=\"f654f173-855f-4729-abc1-29d08801e1e1\" target=\"_blank\">TikToku<\/a>.<\/p>\n<p class=\"ods-c-paragraph \">Chcesz podzieli\u0107 si\u0119 ciekawym newsem lub zaproponowa\u0107 temat? Skontaktuj si\u0119 z nami, pisz\u0105c e-maila na adres: <a rel=\"nofollow noopener\" href=\"https:\/\/plejada.pl\/newsy\/kuba-wojewodzki-w-gorzkich-slowach-o-programie-skolima-i-zenka-martyniuka\/mailto:plejada@redakcjaonet.pl\" id=\"d3f25d57-418e-4448-8a32-aa60b1cdaad9\" target=\"_blank\">plejada@redakcjaonet.pl<\/a>.<\/p>\n<p><script async src=\"\/\/www.instagram.com\/embed.js\"><\/script><script async src=\"\/\/www.tiktok.com\/embed.js\"><\/script><\/p>\n","protected":false},"excerpt":{"rendered":"Kuba Wojew\u00f3dzki od lat komentuje bie\u017c\u0105ce wydarzenia ze \u015bwiata show-biznesu na \u0142amach tygodnika &#8222;Polityka&#8221;. W swoich tekstach nie&hellip;\n","protected":false},"author":2,"featured_media":179444,"comment_status":"","ping_status":"","sticky":false,"template":"","format":"standard","meta":{"footnotes":""},"categories":[22],"tags":[16641,122,623,48,125,46,42,38,40,39,41,123,47,6566,6567,16031],"class_list":{"0":"post-179443","1":"post","2":"type-post","3":"status-publish","4":"format-standard","5":"has-post-thumbnail","7":"category-rozrywka","8":"tag-disco_polo","9":"tag-entertainment","10":"tag-kuba_wojewodzki","11":"tag-nat_styl","12":"tag-newsy","13":"tag-omp","14":"tag-pl","15":"tag-poland","16":"tag-polish","17":"tag-polska","18":"tag-polski","19":"tag-rozrywka","20":"tag-screening_general","21":"tag-skolim","22":"tag-zenek_martyniuk","23":"tag-zenon_martyniuk"},"share_on_mastodon":{"url":"https:\/\/pubeurope.com\/@pl\/115812957268558670","error":""},"_links":{"self":[{"href":"https:\/\/www.europesays.com\/pl\/wp-json\/wp\/v2\/posts\/179443","targetHints":{"allow":["GET"]}}],"collection":[{"href":"https:\/\/www.europesays.com\/pl\/wp-json\/wp\/v2\/posts"}],"about":[{"href":"https:\/\/www.europesays.com\/pl\/wp-json\/wp\/v2\/types\/post"}],"author":[{"embeddable":true,"href":"https:\/\/www.europesays.com\/pl\/wp-json\/wp\/v2\/users\/2"}],"replies":[{"embeddable":true,"href":"https:\/\/www.europesays.com\/pl\/wp-json\/wp\/v2\/comments?post=179443"}],"version-history":[{"count":0,"href":"https:\/\/www.europesays.com\/pl\/wp-json\/wp\/v2\/posts\/179443\/revisions"}],"wp:featuredmedia":[{"embeddable":true,"href":"https:\/\/www.europesays.com\/pl\/wp-json\/wp\/v2\/media\/179444"}],"wp:attachment":[{"href":"https:\/\/www.europesays.com\/pl\/wp-json\/wp\/v2\/media?parent=179443"}],"wp:term":[{"taxonomy":"category","embeddable":true,"href":"https:\/\/www.europesays.com\/pl\/wp-json\/wp\/v2\/categories?post=179443"},{"taxonomy":"post_tag","embeddable":true,"href":"https:\/\/www.europesays.com\/pl\/wp-json\/wp\/v2\/tags?post=179443"}],"curies":[{"name":"wp","href":"https:\/\/api.w.org\/{rel}","templated":true}]}}