{"id":179453,"date":"2025-12-31T07:22:07","date_gmt":"2025-12-31T07:22:07","guid":{"rendered":"https:\/\/www.europesays.com\/pl\/179453\/"},"modified":"2025-12-31T07:22:07","modified_gmt":"2025-12-31T07:22:07","slug":"brawurowy-typ-toniego-kroosa-przed-mistrzostwami-swiata-poniosla-go-fantazja-sportowefakty","status":"publish","type":"post","link":"https:\/\/www.europesays.com\/pl\/179453\/","title":{"rendered":"Brawurowy typ Toniego Kroosa przed mistrzostwami \u015bwiata. Ponios\u0142a go fantazja? &#8211; SportoweFakty"},"content":{"rendered":"<ol>\n<li><a href=\"https:\/\/news.google.com\/rss\/articles\/CBMiwgFBVV95cUxNOXJsNHBHT2gtblRvX3RwNjk0a0NBMTJyOVJUaXlZUHBqLUNYWWNCRTZ0am5wZlE0U1FJSm9YdUtNcVk0T0pOVVFfbjdfeEw3Yk14ampUaWZCYlo1cTBIVU5TSVRkLTJWYVVPdXY1U2drRnU1cEpTLWZET1ZKYzNXYmRNbEEyWlNqdmlYelp2RkNxdzRSSE9heHpkbUpFT0FoeXp1dXpQTFo5MnhVdDhCbnhsWW5JclE4a1RXMUF2aHlVdw?oc=5\" target=\"_blank\" rel=\"nofollow noopener\">Brawurowy typ Toniego Kroosa przed mistrzostwami \u015bwiata. Ponios\u0142a go fantazja?<\/a>&nbsp;&nbsp;SportoweFakty<\/li>\n<li><a href=\"https:\/\/news.google.com\/rss\/articles\/CBMiuAFBVV95cUxQeS1qUjlyMlJoNlpJVk9EaTlicmk1aXl6N1h5cExrdmM2R3hXczE5Sm9MdkJiZmowdVVQX3JDQ1p1MU9RNFUxcU9IQmlwaUlwQTFqQzdwbXZUcTM0NEtWeDY5NWhvNkkxeDk4V2JNUFVWcC1hWjBxTEdDT3VsZ21uNjRfX3lrM0NKMnRndnZXSGhZU0hjaWpvSS1pM2p2emtqX1VCSUtsN3J5VC11TW5wNnRRdFViNmxQ?oc=5\" target=\"_blank\" rel=\"nofollow noopener\">Sensacyjny kandydat do wygrania mundialu. Kroos naprawd\u0119 to powiedzia\u0142<\/a>&nbsp;&nbsp;Meczyki.pl<\/li>\n<li><a href=\"https:\/\/news.google.com\/rss\/articles\/CBMibEFVX3lxTE9zeXFucjZXTmF0b3RKTTI0Ujk3cndUdThaMXoyNkU1SmpYQU1panA2T3NmTXFjeGFiZVMwcFhWaW9vNUF3QVg5MHFXaEdjUkwwMFE2SzNNVGowTm9wdUt0OGh6UF8weWhYWUw0aA?oc=5\" target=\"_blank\" rel=\"nofollow noopener\">Toni Kroos krytykuje format mundialu i wskazuje faworyt\u00f3w turnieju!<\/a>&nbsp;&nbsp;Fangol<\/li>\n<li><a href=\"https:\/\/news.google.com\/rss\/articles\/CBMi0gFBVV95cUxPelQ0M1FLNTVyck1uMFlDWE9sZV9ZckJkdDIxTUhRSXBsTUJLekJVa0J6X1VlcV9nak45a1ItZ2x2TE5vQVJlbkpFamN6NmIwdmpub0hCRHpLX2NMM0g2TUZzS2V0aE9DaDJWbVRFZ1huN1ZFb1JrVzd1Z3NxeTJwZkI5M2tmMm1tOUx5Y0pYWms3dzBKcnJjLWx0VFQyME9ObjF5dExkQ0hHYVR6TnlWbGp1bEhzbkxJYUZhbDlpN3VFOTFCZTY1WUFBVFlpR1p6REE?oc=5\" target=\"_blank\" rel=\"nofollow noopener\">By\u0142y mistrz \u015bwiata ostrzega przed przysz\u0142orocznym mundialem<\/a>&nbsp;&nbsp;Przegl\u0105d Sportowy Onet<\/li>\n<li><a href=\"https:\/\/news.google.com\/rss\/articles\/CBMitAFBVV95cUxORlBpR0FOZnFJNmZnZVhUOTF0RWFYN29zUDZPVkVaU1ZOUFUzUVhEdHFFN29DLVNfeGRnVWhsRVRQTVRFeG9HZ2pYdDNYc3FGdGRzY1R3bjI4VTdSaDhIelR0TERrNVU3X3VlV2lkWUxIandMMFJMTExTUGhvbWdXU3M4ZXJCVVR1TlZFcFBNeGFlZ01Qc3A5cXZyTXpNR3NzaEhoSVhXaXlEVFJIQTdITDFscmE?oc=5\" target=\"_blank\" rel=\"nofollow noopener\">Pi\u0142karska legenda prognozuje przed M\u015a! &#8222;Jeste\u015bmy jednym z faworyt\u00f3w&#8221;<\/a>&nbsp;&nbsp;www.polsatsport.pl<\/li>\n<\/ol>\n","protected":false},"excerpt":{"rendered":"Brawurowy typ Toniego Kroosa przed mistrzostwami \u015bwiata. Ponios\u0142a go fantazja?&nbsp;&nbsp;SportoweFakty Sensacyjny kandydat do wygrania mundialu. Kroos naprawd\u0119 to&hellip;\n","protected":false},"author":2,"featured_media":179454,"comment_status":"","ping_status":"","sticky":false,"template":"","format":"standard","meta":{"footnotes":""},"categories":[24],"tags":[21441,3037,9090,989,269,42,38,40,39,41,34875,127,126,9062],"class_list":{"0":"post-179453","1":"post","2":"type-post","3":"status-publish","4":"format-standard","5":"has-post-thumbnail","7":"category-sport","8":"tag-maroko","9":"tag-mistrzostwa-swiata","10":"tag-mistrzostwa-swiata-2026","11":"tag-pilka-na-swiecie","12":"tag-pilka-nozna","13":"tag-pl","14":"tag-poland","15":"tag-polish","16":"tag-polska","17":"tag-polski","18":"tag-reprezentacja-maroka","19":"tag-sport","20":"tag-sports","21":"tag-toni-kroos"},"share_on_mastodon":{"url":"https:\/\/pubeurope.com\/@pl\/115812980694992902","error":""},"_links":{"self":[{"href":"https:\/\/www.europesays.com\/pl\/wp-json\/wp\/v2\/posts\/179453","targetHints":{"allow":["GET"]}}],"collection":[{"href":"https:\/\/www.europesays.com\/pl\/wp-json\/wp\/v2\/posts"}],"about":[{"href":"https:\/\/www.europesays.com\/pl\/wp-json\/wp\/v2\/types\/post"}],"author":[{"embeddable":true,"href":"https:\/\/www.europesays.com\/pl\/wp-json\/wp\/v2\/users\/2"}],"replies":[{"embeddable":true,"href":"https:\/\/www.europesays.com\/pl\/wp-json\/wp\/v2\/comments?post=179453"}],"version-history":[{"count":0,"href":"https:\/\/www.europesays.com\/pl\/wp-json\/wp\/v2\/posts\/179453\/revisions"}],"wp:featuredmedia":[{"embeddable":true,"href":"https:\/\/www.europesays.com\/pl\/wp-json\/wp\/v2\/media\/179454"}],"wp:attachment":[{"href":"https:\/\/www.europesays.com\/pl\/wp-json\/wp\/v2\/media?parent=179453"}],"wp:term":[{"taxonomy":"category","embeddable":true,"href":"https:\/\/www.europesays.com\/pl\/wp-json\/wp\/v2\/categories?post=179453"},{"taxonomy":"post_tag","embeddable":true,"href":"https:\/\/www.europesays.com\/pl\/wp-json\/wp\/v2\/tags?post=179453"}],"curies":[{"name":"wp","href":"https:\/\/api.w.org\/{rel}","templated":true}]}}