{"id":179503,"date":"2025-12-31T07:56:08","date_gmt":"2025-12-31T07:56:08","guid":{"rendered":"https:\/\/www.europesays.com\/pl\/179503\/"},"modified":"2025-12-31T07:56:08","modified_gmt":"2025-12-31T07:56:08","slug":"zawal-i-udar-beda-leczone-po-nowemu-to-przelom-ktory-moze-uratowac-tysiace-pacjentow","status":"publish","type":"post","link":"https:\/\/www.europesays.com\/pl\/179503\/","title":{"rendered":"Zawa\u0142 i udar b\u0119d\u0105 leczone po nowemu. To prze\u0142om, kt\u00f3ry mo\u017ce uratowa\u0107 tysi\u0105ce pacjent\u00f3w"},"content":{"rendered":"<p>SPIS TRE\u015aCI<\/p>\n<ol class=\"ods-a-table-of-content__items\">\n<li class=\"ods-a-table-of-content__item\"><a href=\"#toc-nowy-lek-z-tikagrelorem-na-liscie-lekow-refundowanych-oto-dlaczego-jest-to-wazna-zmiana\" class=\"ods-a-table-of-content__link\">Nowy lek z tikagrelorem na li\u015bcie lek\u00f3w refundowanych. Oto dlaczego jest to wa\u017cna zmiana<\/a><\/li>\n<li class=\"ods-a-table-of-content__item\"><a href=\"#toc-co-jeszcze-czeka-pacjentow-w-zwiazku-z-nowa-lista-lekow-refundowanych\" class=\"ods-a-table-of-content__link\">Co jeszcze czeka pacjent\u00f3w w zwi\u0105zku z now\u0105 list\u0105 lek\u00f3w refundowanych?<\/a><\/li>\n<\/ol>\n<p>Nowy lek z tikagrelorem na li\u015bcie lek\u00f3w refundowanych. Oto dlaczego jest to wa\u017cna zmiana<\/p>\n<p class=\"ods-c-paragraph \">Na pocz\u0105tku przysz\u0142ego roku na li\u015bcie lek\u00f3w refundowanych pojawi si\u0119 pierwszy preparat oparty na tikagrelorze, substancji obni\u017caj\u0105cej prawdopodobie\u0144stwo wyst\u0105pienia <a href=\"https:\/\/www.medonet.pl\/choroby-od-a-do-z\/urazy-i-stany-nagle,zawal-serca,artykul,1579555.html\" id=\"22690531-774c-4554-a18f-d1d7f35f4a12\" rel=\"nofollow noopener\" target=\"_blank\">zawa\u0142u serca<\/a> oraz <a href=\"https:\/\/www.medonet.pl\/choroby-od-a-do-z\/urazy-i-stany-nagle,udar-mozgu,artykul,1578700.html\" id=\"b4baa543-67d7-49af-a48d-47d8bae00f93\" rel=\"nofollow noopener\" target=\"_blank\">udaru<\/a>. Dotychczas pacjenci mieli do dyspozycji wy\u0142\u0105cznie jeden lek z tikagrelorem, lecz po zako\u0144czeniu ochrony patentowej w czerwcu bie\u017c\u0105cego roku na rynku pojawi\u0142y si\u0119 jego odpowiedniki. Obecnie za oryginalny produkt trzeba zap\u0142aci\u0107 od oko\u0142o 87 z\u0142 do nawet 460 z\u0142 za opakowanie zawieraj\u0105ce 56 tabletek, podczas gdy ceny zamiennik\u00f3w rozpoczynaj\u0105 si\u0119 od oko\u0142o 30 z\u0142.<\/p>\n<p class=\"ods-c-paragraph \">\u2014 Po refundacji cena leku Legrex wyniesie 40\u201344 z\u0142 72 gr za opakowanie, co oznacza realn\u0105 oszcz\u0119dno\u015b\u0107 dla pacjent\u00f3w. Jest to szczeg\u00f3lnie wa\u017cne, poniewa\u017c tikagrelor zazwyczaj stosuje si\u0119 d\u0142ugo, cz\u0119sto do ko\u0144ca \u017cycia \u2014 informuje Talar-\u015apionek. \u2014 Niestety od stycznia wzrosn\u0105 ceny lek\u00f3w stosowanych w <a href=\"https:\/\/www.medonet.pl\/zdrowie\/zdrowie-dla-kazdego,choroba-parkinsona---przyczyny--objawy--leczenie,artykul,1607074.html\" id=\"bdcc6e13-8e05-41b2-a34d-aa4d85ac6a43\" rel=\"nofollow noopener\" target=\"_blank\">chorobie Parkinsona<\/a> \u2014 np. Madopar kapsu\u0142ki i tabletki zdro\u017cej\u0105 o 29 z\u0142 32 gr za opakowanie 100 sztuk. Podwy\u017cki obejm\u0105 tak\u017ce leki ratuj\u0105ce \u017cycie, jak adrenalina w ampu\u0142kostrzykawkach Epipen Junior i Senior, kt\u00f3ra zdro\u017ceje o 28 z\u0142 89 gr, oraz nieznacznie leki na astm\u0119 i POChP w formie proszku do inhalacji \u2014 informuje Talar-\u015apionek.<\/p>\n<p class=\"ods-c-paragraph \">Wi\u0119cej o nowych pozycjach na styczniowej li\u015bcie dla pacjent\u00f3w znajdziesz w artykule Medonetu: <a href=\"https:\/\/www.medonet.pl\/badania-kliniczne\/o-badaniach-klinicznych,od-1-stycznia-zmiany-w-aptekach--pacjenci-nie-maja-co-liczyc-na-obnizke-cen,artykul,13756879.html\" id=\"04fef61e-42cc-4385-9576-90b983613265\" rel=\"nofollow noopener\" target=\"_blank\">Od 1 stycznia konkretne zmiany w aptekach. Pacjenci nie maj\u0105 co liczy\u0107 na obni\u017ck\u0119 cen<\/a>. Koniecznie przeczytaj!<\/p>\n<p>Dalszy ci\u0105g artyku\u0142u pod materia\u0142em wideo<\/p>\n<p> Jakie leki zosta\u0142y dodane do listy refundacyjnej? <\/p>\n<p> Ile b\u0119dzie kosztowa\u0107 nowy lek z tikagrelorem? <\/p>\n<p> Czy s\u0105 jakie\u015b leki, kt\u00f3re zdro\u017cej\u0105 od stycznia? <\/p>\n<p> Jakie zmiany czekaj\u0105 pacjent\u00f3w w aptekach? <\/p>\n<p>  Co jeszcze czeka pacjent\u00f3w w zwi\u0105zku z now\u0105 list\u0105 lek\u00f3w refundowanych?<\/p>\n<p class=\"ods-c-paragraph \">Farmaceutka z portalu GdziePoLek.pl podkre\u015bla w rozmowie z Medonetem, \u017ce w najnowszym obwieszczeniu nie uj\u0119to 124 produkt\u00f3w lub wskaza\u0144, kt\u00f3re znajdowa\u0142y si\u0119 w poprzedniej wersji. Zwraca uwag\u0119, \u017ce wi\u0119kszo\u015b\u0107 z nich \u2014 w tym m.in. krople na jaskr\u0119 z brinzolamidem, leki przeciwpadaczkowe z lewetiracetamem, preparaty z kwetiapin\u0105 stosowane w schizofrenii czy propranolol wykorzystywany w terapii nadci\u015bnienia \u2014 ma refundowane zamienniki, co oznacza, \u017ce pacjenci nadal b\u0119d\u0105 mieli zapewniony dost\u0119p do leczenia.<\/p>\n<p class=\"ods-c-paragraph \">Farmaceutka zaznacza w rozmowie z Medonetem, \u017ce pacjenci nie powinni jednak liczy\u0107 na realne obni\u017cki cen w aptekach. Cho\u0107 od stycznia 395 lek\u00f3w i wyrob\u00f3w medycznych obj\u0119tych refundacj\u0105 b\u0119dzie kosztowa\u0107 mniej, jedynie 16 z nich potanieje o wi\u0119cej ni\u017c 10 z\u0142, w tym m.in. Aryzalera na schizofreni\u0119 (o 19,91 z\u0142), Neocate Junior (o 12,24 z\u0142) oraz Visanne 2 mg stosowany w endometriozie (o 11,95 z\u0142). W przypadku a\u017c 258 preparat\u00f3w obni\u017cki nie przekrocz\u0105 1 z\u0142, co sprawi, \u017ce dla wi\u0119kszo\u015bci pacjent\u00f3w b\u0119d\u0105 praktycznie niezauwa\u017calne.<\/p>\n<p> Tre\u015bci z serwisu Medonet maj\u0105 na celu polepszenie, a nie zast\u0105pienie, kontaktu pomi\u0119dzy U\u017cytkownikiem a jego lekarzem. Serwis ma charakter wy\u0142\u0105cznie informacyjno-edukacyjny. Przed zastosowaniem si\u0119 do porad z zakresu wiedzy specjalistycznej, w szczeg\u00f3lno\u015bci medycznych, zawartych w Serwisie nale\u017cy bezwzgl\u0119dnie skonsultowa\u0107 si\u0119 z lekarzem. <\/p>\n","protected":false},"excerpt":{"rendered":"SPIS TRE\u015aCI Nowy lek z tikagrelorem na li\u015bcie lek\u00f3w refundowanych. Oto dlaczego jest to wa\u017cna zmiana Co jeszcze&hellip;\n","protected":false},"author":2,"featured_media":179504,"comment_status":"","ping_status":"","sticky":false,"template":"","format":"standard","meta":{"footnotes":""},"categories":[5],"tags":[7882,32,33,35240,36,37,27,34,35,34602,28,31,48,25,46,42,38,40,39,41,7877,35241,47,35239,29,30,18154,26,7363],"class_list":{"0":"post-179503","1":"post","2":"type-post","3":"status-publish","4":"format-standard","5":"has-post-thumbnail","7":"category-naglowki","8":"tag-apteki","9":"tag-breaking-news","10":"tag-breakingnews","11":"tag-choroby_sercowo_naczyniowe","12":"tag-featured-news","13":"tag-featurednews","14":"tag-headlines","15":"tag-latest-news","16":"tag-latestnews","17":"tag-lekarstwa_apteki","18":"tag-naglowki","19":"tag-najwazniejsze-artykuly","20":"tag-nat_styl","21":"tag-news","22":"tag-omp","23":"tag-pl","24":"tag-poland","25":"tag-polish","26":"tag-polska","27":"tag-polski","28":"tag-refundacja_leku","29":"tag-refundacja_w_kardiologii","30":"tag-screening_general","31":"tag-sercowo_naczyniowe","32":"tag-top-stories","33":"tag-topstories","34":"tag-udar","35":"tag-wiadomosci","36":"tag-zawal_serca"},"share_on_mastodon":{"url":"https:\/\/pubeurope.com\/@pl\/115813114463856597","error":""},"_links":{"self":[{"href":"https:\/\/www.europesays.com\/pl\/wp-json\/wp\/v2\/posts\/179503","targetHints":{"allow":["GET"]}}],"collection":[{"href":"https:\/\/www.europesays.com\/pl\/wp-json\/wp\/v2\/posts"}],"about":[{"href":"https:\/\/www.europesays.com\/pl\/wp-json\/wp\/v2\/types\/post"}],"author":[{"embeddable":true,"href":"https:\/\/www.europesays.com\/pl\/wp-json\/wp\/v2\/users\/2"}],"replies":[{"embeddable":true,"href":"https:\/\/www.europesays.com\/pl\/wp-json\/wp\/v2\/comments?post=179503"}],"version-history":[{"count":0,"href":"https:\/\/www.europesays.com\/pl\/wp-json\/wp\/v2\/posts\/179503\/revisions"}],"wp:featuredmedia":[{"embeddable":true,"href":"https:\/\/www.europesays.com\/pl\/wp-json\/wp\/v2\/media\/179504"}],"wp:attachment":[{"href":"https:\/\/www.europesays.com\/pl\/wp-json\/wp\/v2\/media?parent=179503"}],"wp:term":[{"taxonomy":"category","embeddable":true,"href":"https:\/\/www.europesays.com\/pl\/wp-json\/wp\/v2\/categories?post=179503"},{"taxonomy":"post_tag","embeddable":true,"href":"https:\/\/www.europesays.com\/pl\/wp-json\/wp\/v2\/tags?post=179503"}],"curies":[{"name":"wp","href":"https:\/\/api.w.org\/{rel}","templated":true}]}}