{"id":179505,"date":"2025-12-31T07:57:08","date_gmt":"2025-12-31T07:57:08","guid":{"rendered":"https:\/\/www.europesays.com\/pl\/179505\/"},"modified":"2025-12-31T07:57:08","modified_gmt":"2025-12-31T07:57:08","slug":"najwazniejszy-moment-tylko-spojrz-z-kim-wysciskal-sie-zyla","status":"publish","type":"post","link":"https:\/\/www.europesays.com\/pl\/179505\/","title":{"rendered":"&#8222;Najwa\u017cniejszy moment&#8221;. Tylko sp\u00f3jrz, z kim wy\u015bciska\u0142 si\u0119 \u017by\u0142a"},"content":{"rendered":"\n<p class=\"contentpart contentpart--default contentpart--text\" data-position=\"0\">Zmagania w Oberstdorfie by\u0142y pierwszym akcentem rywalizacji w <a href=\"https:\/\/sportowefakty.wp.pl\/skoki-narciarskie\/turniej-czterech-skoczni\" rel=\"nofollow noopener\" target=\"_blank\">Turnieju Czterech Skoczni<\/a>. Konkurs ten zako\u0144czy\u0142 si\u0119 zwyci\u0119stwem Domena Prevca, kt\u00f3ry nie da\u0142 rywalom \u017cadnych szans i potwierdzi\u0142 kapitaln\u0105 dyspozycj\u0119. Najlepszym z Polak\u00f3w by\u0142 <a href=\"https:\/\/sportowefakty.wp.pl\/skoki-narciarskie\/kacper-tomasiak\" rel=\"nofollow noopener\" target=\"_blank\">Kacper Tomasiak<\/a>, kt\u00f3ry uplasowa\u0142 si\u0119 na 14. lokacie.<\/p>\n<p class=\"contentpart contentpart--default contentpart--text\" data-position=\"1\">Powod\u00f3w do zadowolenia nie mia\u0142 <a href=\"https:\/\/sportowefakty.wp.pl\/skoki-narciarskie\/piotr-zyla\" rel=\"nofollow noopener\" target=\"_blank\">Piotr \u017by\u0142a<\/a>. Nasz weteran przepad\u0142 ju\u017c bowiem w pierwszej serii, w kt\u00f3rej skoczy\u0142 123 metry. To prze\u0142o\u017cy\u0142o si\u0119 na 36. miejsce i przegranie pary KO z Esto\u0144czykiem Arttim Aigro.<\/p>\n<p> <img role=\"presentation\" src=\"https:\/\/std.wpcdn.pl\/images\/adv\/placeholder_wp.svg\" loading=\"lazy\" alt=\"\" decoding=\"async\"\/>  <\/p>\n<p class=\"contentpart contentpart--default contentpart--text\" data-position=\"2\">ZOBACZ WIDEO: Oto jakie zdanie o trenerze polskich skoczk\u00f3w maj\u0105 kibice<\/p>\n<p class=\"contentpart contentpart--default contentpart--text\" data-position=\"4\">38-latek mia\u0142 jednak powody do u\u015bmiechu, co uwieczni\u0142 obiektyw Tadeusza Mieczy\u0144skiego z portalu skijumping.pl. Wszystko za spraw\u0105 spotkania z poprzednim trenerem polskiej kadry, <a href=\"https:\/\/sportowefakty.wp.pl\/skoki-narciarskie\/thomas-thurnbichler\" rel=\"nofollow noopener\" target=\"_blank\">Thomasem Thurnbichlerem<\/a>. Panowie trafili na siebie pod skoczni\u0105 w Oberstdorfie.<\/p>\n<p class=\"contentpart contentpart--default contentpart--text\" data-position=\"5\">Nasz zawodnik i obecny trener niemieckiej kadry B uci\u0119li sobie chwilow\u0105 pogaw\u0119dk\u0119. Nie zabrak\u0142o te\u017c szczerego u\u015bcisku, kt\u00f3ry by\u0142 dowodem wzajemnego szacunku obu pan\u00f3w. &#8222;To by\u0142 najwa\u017cniejszy moment skok\u00f3w na Schattenbergschanze&#8221; &#8211; skwitowa\u0142 Eurosport Polska, umieszczaj\u0105c zdj\u0119cia z tego spotkania na portalu X.<\/p>\n<p class=\"contentpart contentpart--default contentpart--text\" data-position=\"6\">Drugi konkurs TCS odb\u0119dzie si\u0119 ju\u017c w Nowy Rok w Garmisch-Partenkirchen. Zanim jednak skoczkowie powalcz\u0105 o punkty do klasyfikacji cyklu, b\u0119d\u0105 mieli okazj\u0119 zapozna\u0107 si\u0119 z obiektem. Wszystko za spraw\u0105 dw\u00f3ch serii treningowych, zaplanowanych na \u015brod\u0119 (godz. 11:00 i 12:00). O 16:00 odb\u0119d\u0105 si\u0119 z kolei kwalifikacje.<\/p>\n<p> <img role=\"presentation\" src=\"https:\/\/std.wpcdn.pl\/images\/adv\/placeholder_wp.svg\" loading=\"lazy\" alt=\"\" decoding=\"async\"\/>       <\/p>\n","protected":false},"excerpt":{"rendered":"Zmagania w Oberstdorfie by\u0142y pierwszym akcentem rywalizacji w Turnieju Czterech Skoczni. Konkurs ten zako\u0144czy\u0142 si\u0119 zwyci\u0119stwem Domena Prevca,&hellip;\n","protected":false},"author":2,"featured_media":179506,"comment_status":"","ping_status":"","sticky":false,"template":"","format":"standard","meta":{"footnotes":""},"categories":[24],"tags":[17243,42,38,40,39,41,1538,127,268,126,447,25855,29423],"class_list":{"0":"post-179505","1":"post","2":"type-post","3":"status-publish","4":"format-standard","5":"has-post-thumbnail","7":"category-sport","8":"tag-piotr-zyla","9":"tag-pl","10":"tag-poland","11":"tag-polish","12":"tag-polska","13":"tag-polski","14":"tag-skoki-narciarskie","15":"tag-sport","16":"tag-sportowybar","17":"tag-sports","18":"tag-sporty-zimowe","19":"tag-thomas-thurnbichler","20":"tag-turniej-czterech-skoczni"},"share_on_mastodon":{"url":"https:\/\/pubeurope.com\/@pl\/115813118377153546","error":""},"_links":{"self":[{"href":"https:\/\/www.europesays.com\/pl\/wp-json\/wp\/v2\/posts\/179505","targetHints":{"allow":["GET"]}}],"collection":[{"href":"https:\/\/www.europesays.com\/pl\/wp-json\/wp\/v2\/posts"}],"about":[{"href":"https:\/\/www.europesays.com\/pl\/wp-json\/wp\/v2\/types\/post"}],"author":[{"embeddable":true,"href":"https:\/\/www.europesays.com\/pl\/wp-json\/wp\/v2\/users\/2"}],"replies":[{"embeddable":true,"href":"https:\/\/www.europesays.com\/pl\/wp-json\/wp\/v2\/comments?post=179505"}],"version-history":[{"count":0,"href":"https:\/\/www.europesays.com\/pl\/wp-json\/wp\/v2\/posts\/179505\/revisions"}],"wp:featuredmedia":[{"embeddable":true,"href":"https:\/\/www.europesays.com\/pl\/wp-json\/wp\/v2\/media\/179506"}],"wp:attachment":[{"href":"https:\/\/www.europesays.com\/pl\/wp-json\/wp\/v2\/media?parent=179505"}],"wp:term":[{"taxonomy":"category","embeddable":true,"href":"https:\/\/www.europesays.com\/pl\/wp-json\/wp\/v2\/categories?post=179505"},{"taxonomy":"post_tag","embeddable":true,"href":"https:\/\/www.europesays.com\/pl\/wp-json\/wp\/v2\/tags?post=179505"}],"curies":[{"name":"wp","href":"https:\/\/api.w.org\/{rel}","templated":true}]}}