{"id":179551,"date":"2025-12-31T08:24:05","date_gmt":"2025-12-31T08:24:05","guid":{"rendered":"https:\/\/www.europesays.com\/pl\/179551\/"},"modified":"2025-12-31T08:24:05","modified_gmt":"2025-12-31T08:24:05","slug":"atak-zimy-sparalizowal-polske-auta-w-rowach-zator-na-trasie-s7","status":"publish","type":"post","link":"https:\/\/www.europesays.com\/pl\/179551\/","title":{"rendered":"Atak zimy sparali\u017cowa\u0142 Polsk\u0119. Auta w rowach, zator na trasie S7"},"content":{"rendered":"<p>Najwa\u017cniejsze informacje: <\/p>\n<ul>\n<li>Policja informuje o\u00a0stopniowym przywracaniu ruchu na S7 w\u00a0obu kierunkach.<\/li>\n<li>Korki si\u0119ga\u0142y ok. 7\u00a0km w\u00a0stron\u0119 Warszawy i\u00a0prawie 16 km w\u00a0stron\u0119 Gda\u0144ska.<\/li>\n<li>Ostr\u00f3da przygotowa\u0142a ciep\u0142e napoje, przek\u0105ski, powerbanki i\u00a0nocleg dla kierowc\u00f3w.<\/li>\n<\/ul>\n<p>To by\u0142 ci\u0119\u017cki wiecz\u00f3r i\u00a0ci\u0119\u017cka noc dla kierowc\u00f3w, kt\u00f3rzy wyprawili si\u0119 w\u00a0drog\u0119 tras\u0105 S7. W\u00a0pobli\u017cu Ostr\u00f3dy zablokowa\u0142y j\u0105 ci\u0119\u017car\u00f3wki, kt\u00f3re nie poradzi\u0142y sobie z\u00a0wjazdem pod g\u00f3rk\u0119 na oblodzonej i\u00a0o\u015bnie\u017conej nawierzchni. Trasa by\u0142a zablokowana w\u00a0obu kierunkach: w\u00a0stron\u0119 Gda\u0144ska i\u00a0w\u00a0stron\u0119 Warszawy.<\/p>\n<p>Upiecz kark\u00f3wk\u0119 w\u00a0ten spos\u00f3b i\u00a0podaj w\u00a0sylwestra. Ka\u017cdy poprosi o\u00a0dok\u0142adk\u0119 <\/p>\n<p>W gigantycznym korku utkn\u0119\u0142y setki aut. Wieczorem korek z\u00a0Gda\u0144ska w\u00a0stron\u0119 Warszawy mia\u0142 ok. 7\u00a0km &#8211;\u00a0od MOP Grabin do Rychnowa. W\u00a0przeciwnym kierunku, z\u00a0Warszawy do Gda\u0144ska, zator si\u0119ga\u0142 prawie 16 km &#8211;\u00a0od Olsztynka do Rychnowa. Sytuacja z\u00a0minuty na minut\u0119 stawa\u0142a si\u0119 coraz powa\u017cniejsza. Uwi\u0119zieni ludzie, czasem rodziny z\u00a0dzie\u0107mi, nie mieli co je\u015b\u0107, ani pi\u0107. Nie mieli dost\u0119pu do toalet, niekt\u00f3rzy z\u00a0nich potrzebowali lekarstw.<\/p>\n<p> <img role=\"presentation\" class=\"absolute left-1\/2 top-1\/2 max-h-[80%] max-w-[100px] -translate-x-1\/2 -translate-y-1\/2\" src=\"https:\/\/v.wpimg.pl\/ZXJfd3AudTkrBBIAbg54LGhcRlAxHQUrPgJGH2MAeGJoSQ1eIBI_K2UHAEVuBTY5KQMMXC0RPyoVERQdMgM9ejc\" loading=\"lazy\" decoding=\"async\"\/><\/p>\n<p>Walka z\u00a0zaspami na\u00a0S7 <\/p>\n<p>Padaj\u0105cy \u015bnieg z\u00a0minuty na minut\u0119 pogarsza\u0142 ich sytuacj\u0119. Pr\u00f3ba utworzenia tzw. korytarza \u017cycia spe\u0142z\u0142a na niczym. Tworz\u0105ce si\u0119 na drodze zaspy uniemo\u017cliwia\u0142y przejazd autom osobowym. W\u00a0wielu z\u00a0nich ko\u0144czy\u0142o si\u0119 paliwo.<\/p>\n<p>Policja stara\u0142a si\u0119 udro\u017cni\u0107 tras\u0119, usun\u0105\u0107 z\u00a0niej blokuj\u0105ce j\u0105 ci\u0119\u017car\u00f3wki, ale nie by\u0142o to \u0142atwe zadanie. Oko\u0142o godziny 2\u00a0w\u00a0nocy uda\u0142o si\u0119 udro\u017cni\u0107 tras\u0119 w\u00a0kierunku Gda\u0144ska. Policjanci apelowali do kierowc\u00f3w stoj\u0105cych w\u00a0korku w\u00a0kierunku Warszawy o\u00a0cierpliwo\u015b\u0107 &#8211;\u00a0prace nad udro\u017cnieniem drogi w\u00a0tym kierunku wci\u0105\u017c trwa\u0142y.<\/p>\n<p> <a href=\"https:\/\/wiadomosci.wp.pl\/blokada-na-trasie-ciezarowki-utknely-w-zaspach-7238126790409184a\" class=\"teaser-inline\" rel=\"nofollow noopener\" target=\"_blank\">  <img decoding=\"async\" src=\"https:\/\/www.europesays.com\/pl\/wp-content\/uploads\/2025\/12\/NzI5NmQxYRsoVzhefgNsDmsPbAQ4WmJYPBd0T35JfEJ5TWELOBQrCCxFIUM2CjsKKEI-QyEUYRs5XGEbYFcqEzpFIgwoVysXK1Aq.jpeg\" width=\"0\" height=\"0\" loading=\"lazy\" class=\"wp-media-image cropped\" alt=\"Blokada na trasie. Ci\u0119\u017car\u00f3wki utkn\u0119\u0142y w zaspach\"\/><\/p>\n<p>Blokada na trasie. Ci\u0119\u017car\u00f3wki utkn\u0119\u0142y w zaspach<\/p>\n<p><\/a> <img role=\"presentation\" class=\"absolute left-1\/2 top-1\/2 max-h-[80%] max-w-[100px] -translate-x-1\/2 -translate-y-1\/2\" src=\"https:\/\/v.wpimg.pl\/ZXJfd3AudTkrBBIAbg54LGhcRlAxHQUrPgJGH2MAeGJoSQ1eIBI_K2UHAEVuBTY5KQMMXC0RPyoVERQdMgM9ejc\" loading=\"lazy\" decoding=\"async\"\/> <\/p>\n<p>Z pomoc\u0105 uwi\u0119zionym kierowcom ruszy\u0142 urz\u0105d miasta w\u00a0Ostr\u00f3dzie. Przekaza\u0142 policji ciep\u0142e napoje, ciastka i\u00a0powerbanki dla potrzebuj\u0105cych. Zaoferowano tak\u017ce nocleg w\u00a0budynku urz\u0119du miasta w\u00a0Ostr\u00f3dzie.<\/p>\n<p>Mniejsze zatory tworzy\u0142y si\u0119 tak\u017ce na tej trasie w\u00a0okolicach Warszawy, M\u0142awy, Olsztynka i\u00a0Nidzicy.<\/p>\n<p>Problemy pasa\u017cer\u00f3w kolei <\/p>\n<p>Problemy mieli tak\u017ce pasa\u017cerowie poci\u0105gu IC Or\u0142owicz jad\u0105cego z\u00a0Krakowa do Olsztyna. Sk\u0142ad stan\u0105\u0142 w\u00a0szczerym polu w\u00a0pobli\u017cu Olsztynka. Pasa\u017cerowie skar\u017cyli si\u0119 redakcji serwisu tko.pl, \u017ce nikt ich nie informuje o\u00a0tym, co si\u0119 dzieje. Od obs\u0142ugi poci\u0105gu mieli us\u0142ysze\u0107, \u017ce by\u0107 mo\u017ce sp\u0119dz\u0105 w\u00a0wagonach ca\u0142\u0105 noc.<\/p>\n<p> <img role=\"presentation\" class=\"absolute left-1\/2 top-1\/2 max-h-[80%] max-w-[100px] -translate-x-1\/2 -translate-y-1\/2\" src=\"https:\/\/v.wpimg.pl\/ZXJfd3AudTkrBBIAbg54LGhcRlAxHQUrPgJGH2MAeGJoSQ1eIBI_K2UHAEVuBTY5KQMMXC0RPyoVERQdMgM9ejc\" loading=\"lazy\" decoding=\"async\"\/> <\/p>\n<p>Okaza\u0142o si\u0119, \u017ce przyczyn\u0105 przymusowego postoju, kt\u00f3ry trwa\u0142 ok. 2\u00a0godzin by\u0142a awaria urz\u0105dze\u0144 sterowania ruchem kolejowym. Ostatecznie po godzinie 23 poci\u0105g ruszy\u0142 i\u00a0dojecha\u0142 do stacji docelowej.<\/p>\n<p> <a href=\"https:\/\/wiadomosci.wp.pl\/ekstremalna-pogoda-stanal-pociag-w-mlawie-7238142268389888a\" class=\"teaser-inline\" rel=\"nofollow noopener\" target=\"_blank\">  <img decoding=\"async\" src=\"https:\/\/www.europesays.com\/pl\/wp-content\/uploads\/2025\/12\/ZmY3ZGE1dQw4USx0akp4GXsJeC4sE3ZPLBFgZWoAaFVpS3UhLF0_HzxDNWkiQy8dOEQqaTVddQwpWnUxdB4-BCpDNiY8Hj8AO1Y-.jpeg\" width=\"0\" height=\"0\" loading=\"lazy\" class=\"wp-media-image cropped\" alt=\"Ekstremalna pogoda. Stan\u0105\u0142 poci\u0105g w M\u0142awie\"\/><\/p>\n<p>Ekstremalna pogoda. Stan\u0105\u0142 poci\u0105g w M\u0142awie<\/p>\n<p><\/a> <\/p>\n<p>Wcze\u015bniej, jak informowa\u0142 wiceszef MSWiA Wies\u0142aw Szczepa\u0144ski, problemy mia\u0142 tak\u017ce poci\u0105g kolei mazowieckich, kt\u00f3ry utkn\u0105\u0142 na stacji M\u0142awa. Sk\u0142ad mia\u0142 awari\u0119 i\u00a0zablokowa\u0142 rozjazdy.<\/p>\n<p> <img role=\"presentation\" class=\"absolute left-1\/2 top-1\/2 max-h-[80%] max-w-[100px] -translate-x-1\/2 -translate-y-1\/2\" src=\"https:\/\/v.wpimg.pl\/ZXJfd3AudTkrBBIAbg54LGhcRlAxHQUrPgJGH2MAeGJoSQ1eIBI_K2UHAEVuBTY5KQMMXC0RPyoVERQdMgM9ejc\" loading=\"lazy\" decoding=\"async\"\/><\/p>\n<p>Problemy na\u00a0lotniskach, &#8222;cofka&#8221; we\u00a0Fromborku i\u00a0Elbl\u0105gu <\/p>\n<p>Problemy z\u00a0powodu opad\u00f3w \u015bniegu mia\u0142o tak\u017ce lotnisko w\u00a0Modlinie, a\u00a0tak\u017ce warszawski port lotniczy na Ok\u0119ciu. Cz\u0119\u015b\u0107 lot\u00f3w trzeba by\u0142o przekierowa\u0107 na inne lotniska.<\/p>\n<p> <a href=\"https:\/\/wiadomosci.wp.pl\/zagrozenie-powodziowe-w-elblagu-kolejne-ulice-zablokowane-7238141702941184a\" class=\"teaser-inline\" rel=\"nofollow noopener\" target=\"_blank\">  <img decoding=\"async\" src=\"https:\/\/www.europesays.com\/pl\/wp-content\/uploads\/2025\/12\/ZGRkMTQzdSYzCTtnfgF4M3BRbz04WHZlJ0l3dn5LaH9iE2IyOBY_NTcbIno2CC83Mxw9eiEWdSYiAmIiYFU-LiEbITUoVT8qMA4p.jpeg\" width=\"0\" height=\"0\" loading=\"lazy\" class=\"wp-media-image cropped\" alt=\"Zagro\u017cenie powodziowe w Elbl\u0105gu. Specjalne zabezpieczenia na kolejnej ulicy\"\/><\/p>\n<p>Zagro\u017cenie powodziowe w Elbl\u0105gu. Specjalne zabezpieczenia na kolejnej ulicy<\/p>\n<p><\/a> <\/p>\n<p>Silny wiatr z\u00a0p\u00f3\u0142nocy i\u00a0p\u00f3\u0142nocnego zachodu wywo\u0142a\u0142 zjawisko tzw. cofki. Niebezpiecznie by\u0142o we Fromborku i\u00a0Elbl\u0105gu. Na szcz\u0119\u015bcie, po godzinie 2\u00a0w\u00a0nocy wiatr si\u0119 uspokoi\u0142 i\u00a0woda w\u00a0rzece Elbl\u0105g powoli zacz\u0119\u0142a opada\u0107.<\/p>\n<p> <img role=\"presentation\" class=\"absolute left-1\/2 top-1\/2 max-h-[80%] max-w-[100px] -translate-x-1\/2 -translate-y-1\/2\" src=\"https:\/\/v.wpimg.pl\/ZXJfd3AudTkrBBIAbg54LGhcRlAxHQUrPgJGH2MAeGJoSQ1eIBI_K2UHAEVuBTY5KQMMXC0RPyoVERQdMgM9ejc\" loading=\"lazy\" decoding=\"async\"\/> <a href=\"https:\/\/wiadomosci.wp.pl\/awaria-sieci-cieplowniczej-na-pradze-mieszkancy-bez-ogrzewania-7238133824383488a\" class=\"teaser-inline\" rel=\"nofollow noopener\" target=\"_blank\">  <img decoding=\"async\" src=\"https:\/\/www.europesays.com\/pl\/wp-content\/uploads\/2025\/12\/ZmYwMjUzdQw4FTtZegF4GXtNbwM8WHZPLFV3SHpLaFVpD2IMPBY_HzwHIkQyCC8dOAA9RCUWdQwpHmIcZFU-BCoHIQssVT8AOxIp.jpeg\" width=\"0\" height=\"0\" loading=\"lazy\" class=\"wp-media-image cropped\" alt=\"Awaria sieci ciep\u0142owniczej na Pradze. Mieszka\u0144cy bez ogrzewania\"\/><\/p>\n<p>Awaria sieci ciep\u0142owniczej na Pradze. Mieszka\u0144cy bez ogrzewania<\/p>\n<p><\/a> <\/p>\n<p>Pe\u0142ne r\u0119ce roboty mieli stra\u017cacy, kt\u00f3rzy usuwali z\u00a0dr\u00f3g powalone przez \u015bnieg i\u00a0silny wiatr drzewa. \u015anieg zrywa\u0142 te\u017c linie energetyczne, a\u00a0nag\u0142y spadek temperatury wywo\u0142a\u0142 wiele awarii sieci wodoci\u0105gowych i\u00a0ciep\u0142owniczych, m.in. w\u00a0Warszawie.<\/p>\n<p>\u0179r\u00f3d\u0142o: PAP, tko.pl, remiza.pl, tvn24.pl<\/p>\n","protected":false},"excerpt":{"rendered":"Najwa\u017cniejsze informacje: Policja informuje o\u00a0stopniowym przywracaniu ruchu na S7 w\u00a0obu kierunkach. Korki si\u0119ga\u0142y ok. 7\u00a0km w\u00a0stron\u0119 Warszawy i\u00a0prawie&hellip;\n","protected":false},"author":2,"featured_media":179552,"comment_status":"","ping_status":"","sticky":false,"template":"","format":"standard","meta":{"footnotes":""},"categories":[5],"tags":[32,33,36,37,27,34,35,28,31,25,42,38,40,39,41,29,30,26],"class_list":{"0":"post-179551","1":"post","2":"type-post","3":"status-publish","4":"format-standard","5":"has-post-thumbnail","7":"category-naglowki","8":"tag-breaking-news","9":"tag-breakingnews","10":"tag-featured-news","11":"tag-featurednews","12":"tag-headlines","13":"tag-latest-news","14":"tag-latestnews","15":"tag-naglowki","16":"tag-najwazniejsze-artykuly","17":"tag-news","18":"tag-pl","19":"tag-poland","20":"tag-polish","21":"tag-polska","22":"tag-polski","23":"tag-top-stories","24":"tag-topstories","25":"tag-wiadomosci"},"share_on_mastodon":{"url":"https:\/\/pubeurope.com\/@pl\/115813224562748844","error":""},"_links":{"self":[{"href":"https:\/\/www.europesays.com\/pl\/wp-json\/wp\/v2\/posts\/179551","targetHints":{"allow":["GET"]}}],"collection":[{"href":"https:\/\/www.europesays.com\/pl\/wp-json\/wp\/v2\/posts"}],"about":[{"href":"https:\/\/www.europesays.com\/pl\/wp-json\/wp\/v2\/types\/post"}],"author":[{"embeddable":true,"href":"https:\/\/www.europesays.com\/pl\/wp-json\/wp\/v2\/users\/2"}],"replies":[{"embeddable":true,"href":"https:\/\/www.europesays.com\/pl\/wp-json\/wp\/v2\/comments?post=179551"}],"version-history":[{"count":0,"href":"https:\/\/www.europesays.com\/pl\/wp-json\/wp\/v2\/posts\/179551\/revisions"}],"wp:featuredmedia":[{"embeddable":true,"href":"https:\/\/www.europesays.com\/pl\/wp-json\/wp\/v2\/media\/179552"}],"wp:attachment":[{"href":"https:\/\/www.europesays.com\/pl\/wp-json\/wp\/v2\/media?parent=179551"}],"wp:term":[{"taxonomy":"category","embeddable":true,"href":"https:\/\/www.europesays.com\/pl\/wp-json\/wp\/v2\/categories?post=179551"},{"taxonomy":"post_tag","embeddable":true,"href":"https:\/\/www.europesays.com\/pl\/wp-json\/wp\/v2\/tags?post=179551"}],"curies":[{"name":"wp","href":"https:\/\/api.w.org\/{rel}","templated":true}]}}