{"id":179553,"date":"2025-12-31T08:25:03","date_gmt":"2025-12-31T08:25:03","guid":{"rendered":"https:\/\/www.europesays.com\/pl\/179553\/"},"modified":"2025-12-31T08:25:03","modified_gmt":"2025-12-31T08:25:03","slug":"dostala-oferte-z-tanca-z-gwiazdami-juz-sie-do-niej-odniosla","status":"publish","type":"post","link":"https:\/\/www.europesays.com\/pl\/179553\/","title":{"rendered":"Dosta\u0142a ofert\u0119 z &#8222;Ta\u0144ca z Gwiazdami&#8221;. Ju\u017c si\u0119 do niej odnios\u0142a"},"content":{"rendered":"\n<p class=\"contentpart contentpart--default contentpart--text\" data-position=\"0\">&#8222;Taniec z gwiazdami&#8221; to format, kt\u00f3ry stara si\u0119 przyci\u0105ga\u0107 najpopularniejsze postacie w \u015bwiecie show-biznesu. Nie brakuje oczywi\u015bcie gwiazd sportu, kt\u00f3re ciesz\u0105 si\u0119 uznaniem fan\u00f3w. W poprzednim sezonie by\u0142a to Katarzyna Zillmann, kt\u00f3ra dotar\u0142a do p\u00f3\u0142fina\u0142u.<\/p>\n<p class=\"contentpart contentpart--default contentpart--text\" data-position=\"1\">Idealn\u0105 wr\u0119cz kandydatk\u0105 do wyst\u0119pu w tym show wydaje si\u0119\u00a0<a href=\"https:\/\/sportowefakty.wp.pl\/boks\/julia-szeremeta\" rel=\"nofollow noopener\" target=\"_blank\">Julia Szeremeta<\/a>. 22-letnia pi\u0119\u015bciarka zachwyci\u0142a podczas ubieg\u0142orocznych igrzysk olimpijskich w Pary\u017cu, gdzie zdoby\u0142a srebrny medal. Od tego momentu jej popularno\u015b\u0107 wyra\u017anie wzros\u0142a, co prze\u0142o\u017cy\u0142o si\u0119 na spore zainteresowanie ze strony medi\u00f3w.<\/p>\n<p> <img role=\"presentation\" src=\"https:\/\/std.wpcdn.pl\/images\/adv\/placeholder_wp.svg\" loading=\"lazy\" alt=\"\" decoding=\"async\"\/>  <\/p>\n<p class=\"contentpart contentpart--default contentpart--text\" data-position=\"2\">ZOBACZ WIDEO: Mistrz KSW nie wytrzyma\u0142 podczas wywiadu. &#8222;Zatrzymajmy t\u0119 karuzel\u0119 \u015bmiechu&#8221;<\/p>\n<p class=\"contentpart contentpart--default contentpart--text\" data-position=\"4\">Szeremeta odnios\u0142a si\u0119 do potencjalnego wyst\u0119pu w &#8222;Ta\u0144cu z gwiazdami&#8221; w rozmowie z &#8222;Faktem&#8221;. &#8211; Wiem, \u017ce kilka propozycji by\u0142o, ale zwyczajnie nie mam na to czasu. Menad\u017cer wiele takich ofert mi nawet nie przekazuje, \u017ceby mi nie zawraca\u0107 g\u0142owy &#8211; stwierdzi\u0142a wprost.<\/p>\n<p class=\"contentpart contentpart--default contentpart--text\" data-position=\"5\">Odpowied\u017a 22-latki nie powinna dziwi\u0107. Kalendarz jej wyst\u0119p\u00f3w jest napakowany, a ch\u0119\u0107 odniesienia sukcesu jeszcze wi\u0119ksza. W tym roku wywalczy\u0142a srebro Pucharu \u015awiata w Brazylii oraz stan\u0119\u0142a na drugim stopniu podium podczas mistrzostw \u015bwiata w Londynie. Do tego dochodz\u0105 liczne obowi\u0105zki medialne.<\/p>\n<p class=\"contentpart contentpart--default contentpart--text\" data-position=\"6\">Nasza pi\u0119\u015bciarka nie wyklucza jednak udzia\u0142u w tym formacie w przysz\u0142o\u015bci. &#8211; Mo\u017ce nie by\u0142abym najgorsza, ale trzeba mie\u0107 na to czas. Kiedy\u015b w przysz\u0142o\u015bci ch\u0119tnie spr\u00f3bowa\u0142abym swoich si\u0142 w tym programie, ale na pewno jeszcze nie teraz &#8211; podsumowa\u0142a wicemistrzyni olimpijska z Pary\u017ca.<\/p>\n","protected":false},"excerpt":{"rendered":"&#8222;Taniec z gwiazdami&#8221; to format, kt\u00f3ry stara si\u0119 przyci\u0105ga\u0107 najpopularniejsze postacie w \u015bwiecie show-biznesu. Nie brakuje oczywi\u015bcie gwiazd&hellip;\n","protected":false},"author":2,"featured_media":179554,"comment_status":"","ping_status":"","sticky":false,"template":"","format":"standard","meta":{"footnotes":""},"categories":[24],"tags":[2514,1840,1842,42,38,40,39,41,127,268,126,1256],"class_list":{"0":"post-179553","1":"post","2":"type-post","3":"status-publish","4":"format-standard","5":"has-post-thumbnail","7":"category-sport","8":"tag-boks","9":"tag-boks-olimpijski","10":"tag-julia-szeremeta","11":"tag-pl","12":"tag-poland","13":"tag-polish","14":"tag-polska","15":"tag-polski","16":"tag-sport","17":"tag-sportowybar","18":"tag-sports","19":"tag-sporty-walki"},"share_on_mastodon":{"url":"","error":""},"_links":{"self":[{"href":"https:\/\/www.europesays.com\/pl\/wp-json\/wp\/v2\/posts\/179553","targetHints":{"allow":["GET"]}}],"collection":[{"href":"https:\/\/www.europesays.com\/pl\/wp-json\/wp\/v2\/posts"}],"about":[{"href":"https:\/\/www.europesays.com\/pl\/wp-json\/wp\/v2\/types\/post"}],"author":[{"embeddable":true,"href":"https:\/\/www.europesays.com\/pl\/wp-json\/wp\/v2\/users\/2"}],"replies":[{"embeddable":true,"href":"https:\/\/www.europesays.com\/pl\/wp-json\/wp\/v2\/comments?post=179553"}],"version-history":[{"count":0,"href":"https:\/\/www.europesays.com\/pl\/wp-json\/wp\/v2\/posts\/179553\/revisions"}],"wp:featuredmedia":[{"embeddable":true,"href":"https:\/\/www.europesays.com\/pl\/wp-json\/wp\/v2\/media\/179554"}],"wp:attachment":[{"href":"https:\/\/www.europesays.com\/pl\/wp-json\/wp\/v2\/media?parent=179553"}],"wp:term":[{"taxonomy":"category","embeddable":true,"href":"https:\/\/www.europesays.com\/pl\/wp-json\/wp\/v2\/categories?post=179553"},{"taxonomy":"post_tag","embeddable":true,"href":"https:\/\/www.europesays.com\/pl\/wp-json\/wp\/v2\/tags?post=179553"}],"curies":[{"name":"wp","href":"https:\/\/api.w.org\/{rel}","templated":true}]}}