{"id":179572,"date":"2025-12-31T08:39:15","date_gmt":"2025-12-31T08:39:15","guid":{"rendered":"https:\/\/www.europesays.com\/pl\/179572\/"},"modified":"2025-12-31T08:39:15","modified_gmt":"2025-12-31T08:39:15","slug":"stroem-i-prevc-najlepsze-na-treningu-transmisja","status":"publish","type":"post","link":"https:\/\/www.europesays.com\/pl\/179572\/","title":{"rendered":"Stroem i Prevc najlepsze na treningu [TRANSMISJA]"},"content":{"rendered":"<p>Anna Odine Stroem okaza\u0142a si\u0119 najlepsza w pierwszej serii treningowej przed kwalifikacjami do sylwestrowego konkursu Turnieju Dw\u00f3ch Nocy na Grosse Olympiaschanze (HS142) w Garmisch-Partenkirchen. Reprezentantka Norwegii poszybowa\u0142a na odleg\u0142o\u015b\u0107 128,5 metra. W drugiej rundzie g\u00f3r\u0105 by\u0142a S\u0142owenka Nika Prevc (128,5 m).<\/p>\n<p>                            <a class=\"fancybox\" href=\"https:\/\/www.skijumping.pl\/content\/images\/news\/powieksz\/stroem_2025-03-02_02-01-30.jpg\" data-fancybox=\"gallery37771\" data-caption=\"Anna Odine Stroem, fot. Tadeusz Mieczy\u0144ski\" rel=\"nofollow noopener\" target=\"_blank\"><img decoding=\"async\" class=\"img-responsive lazyload\" src=\"https:\/\/www.europesays.com\/pl\/wp-content\/uploads\/2025\/09\/280x190_q80_stroem_2025-03-02_02-01-30.jpg\" alt=\"Anna Odine Stroem\" title=\"Anna Odine Stroem\"\/><\/a>Anna Odine Stroem<\/p>\n<p>W pierwszej serii treningowej najlepsza okaza\u0142a si\u0119 Anna Odine Stroem. Norwe\u017cka z wynikiem 128,5 metra wyprzedzi\u0142a Nozomi Maruyam\u0119 (131,5 m) i Agnes Reisch (135,5 m). Czwarta by\u0142a Nika Prevc (131,5 m), pi\u0105ta Abigail Strate (134,5 m), a sz\u00f3sta Selina Freitag (133 m).<\/p>\n<p>Sk\u0142ad czo\u0142owej dziesi\u0105tki uzupe\u0142ni\u0142y Sara Takanashi (134 m), Zeng Ping (128,5 m), Nika Vodan (132 m) oraz Yuka Seto (128 m) ex aequo z Gyd\u0105 Westvold Hansen (132 m).<\/p>\n<p>Czterdzieste pi\u0105te miejsce zaj\u0119\u0142a Anna Twardosz (104,5 m). Cztery lokaty ni\u017cej uplasowa\u0142a si\u0119 Pola Be\u0142towska (109 m).<\/p>\n<p>Pierwszy trening rozegrano z 25., 23., 22., 21., 20., 19. i 18. belki.<\/p>\n<p>W drugiej rundzie b\u0142ysn\u0119\u0142a Nika Prevc (128,5 m), kt\u00f3ra okaza\u0142a si\u0119 lepsza od Lisy Eder (124,5 m) i Nozomi Maruyamy (122 m). Tu\u017c za czo\u0142ow\u0105 tr\u00f3jk\u0105 uplasowa\u0142y si\u0119 Zeng Ping (133 m), Heidi Dyhre Traaserud (115,5 m) i Gyda Westvold Hansen (126,5 m).<\/p>\n<p>Si\u00f3dme miejsce zaj\u0119\u0142a Abigail Strate (119,5 m), \u00f3sma by\u0142a Sara Takanashi (117 m), dziewi\u0105ta Frida Westman (114,5 m), za\u015b dziesi\u0105ta Selina Freitag (117 m).<\/p>\n<p>Anna Twardosz z wynikiem 107,5 metra uplasowa\u0142a si\u0119 na trzydziestej sz\u00f3stej pozycji. Czterdziesta dziewi\u0105ta by\u0142a Pola Be\u0142towska (104,5 m).<\/p>\n<p>Drug\u0105 seri\u0119 treningow\u0105 przeprowadzono z 25., 23. i 20. platformy.<\/p>\n<p>Pocz\u0105tek kwalifikacji o 17:30.<\/p>\n<p><a href=\"https:\/\/www.skijumping.pl\/live-berkutschi\/lps\" target=\"_blank\" rel=\"nofollow noopener\">Wyniki b\u0119dziecie mogli \u015bledzi\u0107 za po\u015brednictwem relacji LIVE Berkutschi &gt;&gt;&gt;<\/a><\/p>\n<p>lub <a href=\"http:\/\/live.skijumping.pl\/lps\" target=\"_blank\" rel=\"nofollow noopener\">relacji LIVE FIS &gt;&gt;&gt;<\/a><\/p>\n<p>TRANSMISJA KWALIFIKACJI:<\/p>\n","protected":false},"excerpt":{"rendered":"Anna Odine Stroem okaza\u0142a si\u0119 najlepsza w pierwszej serii treningowej przed kwalifikacjami do sylwestrowego konkursu Turnieju Dw\u00f3ch Nocy&hellip;\n","protected":false},"author":2,"featured_media":6768,"comment_status":"","ping_status":"","sticky":false,"template":"","format":"standard","meta":{"footnotes":""},"categories":[24],"tags":[1574,1546,1557,1558,1561,1573,1571,1563,291,1553,1564,1549,1551,1543,1550,1562,1547,1565,1540,1568,1544,42,38,40,39,41,1554,1359,1567,1560,1559,1566,1556,1569,1539,1538,1555,127,126,1552,1541,1548,1542,1570,1572,645,1545],"class_list":{"0":"post-179572","1":"post","2":"type-post","3":"status-publish","4":"format-standard","5":"has-post-thumbnail","7":"category-sport","8":"tag-4skocznie","9":"tag-adam","10":"tag-adam-malysz","11":"tag-adammalysz","12":"tag-coc","13":"tag-czteryskocznie","14":"tag-fis","15":"tag-fis-cup","16":"tag-historia","17":"tag-horngacher","18":"tag-io","19":"tag-kobayashi","20":"tag-kraft","21":"tag-kuba","22":"tag-kubacki","23":"tag-lotos-cup","24":"tag-malysz","25":"tag-ms","26":"tag-narciarskie","27":"tag-narty","28":"tag-piotrek","29":"tag-pl","30":"tag-poland","31":"tag-polish","32":"tag-polska","33":"tag-polski","34":"tag-polskie","35":"tag-ranking","36":"tag-ski-jumping","37":"tag-skijump","38":"tag-skijumping","39":"tag-skoczkowie","40":"tag-skocznia","41":"tag-skocznie","42":"tag-skoki","43":"tag-skoki-narciarskie","44":"tag-skokinarciarskie","45":"tag-sport","46":"tag-sports","47":"tag-stefan","48":"tag-stoch","49":"tag-wellinger","50":"tag-wolny","51":"tag-zakopane","52":"tag-zawody","53":"tag-zdjecia","54":"tag-zyla"},"share_on_mastodon":{"url":"","error":"Validation failed: Text character limit of 500 exceeded"},"_links":{"self":[{"href":"https:\/\/www.europesays.com\/pl\/wp-json\/wp\/v2\/posts\/179572","targetHints":{"allow":["GET"]}}],"collection":[{"href":"https:\/\/www.europesays.com\/pl\/wp-json\/wp\/v2\/posts"}],"about":[{"href":"https:\/\/www.europesays.com\/pl\/wp-json\/wp\/v2\/types\/post"}],"author":[{"embeddable":true,"href":"https:\/\/www.europesays.com\/pl\/wp-json\/wp\/v2\/users\/2"}],"replies":[{"embeddable":true,"href":"https:\/\/www.europesays.com\/pl\/wp-json\/wp\/v2\/comments?post=179572"}],"version-history":[{"count":0,"href":"https:\/\/www.europesays.com\/pl\/wp-json\/wp\/v2\/posts\/179572\/revisions"}],"wp:featuredmedia":[{"embeddable":true,"href":"https:\/\/www.europesays.com\/pl\/wp-json\/wp\/v2\/media\/6768"}],"wp:attachment":[{"href":"https:\/\/www.europesays.com\/pl\/wp-json\/wp\/v2\/media?parent=179572"}],"wp:term":[{"taxonomy":"category","embeddable":true,"href":"https:\/\/www.europesays.com\/pl\/wp-json\/wp\/v2\/categories?post=179572"},{"taxonomy":"post_tag","embeddable":true,"href":"https:\/\/www.europesays.com\/pl\/wp-json\/wp\/v2\/tags?post=179572"}],"curies":[{"name":"wp","href":"https:\/\/api.w.org\/{rel}","templated":true}]}}