{"id":179659,"date":"2025-12-31T09:41:17","date_gmt":"2025-12-31T09:41:17","guid":{"rendered":"https:\/\/www.europesays.com\/pl\/179659\/"},"modified":"2025-12-31T09:41:17","modified_gmt":"2025-12-31T09:41:17","slug":"rok-2026-w-prawie-pracy-pracownikow-i-pracodawcow-czeka-fala-zmian","status":"publish","type":"post","link":"https:\/\/www.europesays.com\/pl\/179659\/","title":{"rendered":"Rok 2026 w prawie pracy. Pracownik\u00f3w i pracodawc\u00f3w czeka fala zmian"},"content":{"rendered":"<ul>&#13;<\/p>\n<li>W 2026 roku wzro\u015bnie p\u0142aca minimalna, jednocze\u015bnie nadal prowadzone s\u0105 prace nad ustaw\u0105 implementuj\u0105c\u0105 unijn\u0105 dyrektyw\u0119 o adekwatnych wynagrodzeniach. Kolejne obowi\u0105zki zwi\u0105zane z minimalnym wynagrodzeniem s\u0105 wi\u0119c ju\u017c na horyzoncie.<\/li>\n<p>&#13;<\/p>\n<li>Od 2026 roku sta\u017c pracy b\u0119dzie liczony nie tylko na podstawie etatu, lecz tak\u017ce m.in. dzia\u0142alno\u015bci gospodarczej, um\u00f3w zlecenia czy pracy wykonywanej za granic\u0105.<\/li>\n<p>&#13;<\/p>\n<li>R\u00f3wnie\u017c od 2026 roku planowane jest wprowadzenie nowych przepis\u00f3w dotycz\u0105cych zwolnie\u0144 lekarskich. ZUS zyska szersze uprawnienia do kontroli L4, co mo\u017ce skutkowa\u0107 \u0142atwiejsz\u0105 utrat\u0105 prawa do zasi\u0142ku przez pracownika.<\/li>\n<p>&#13;<\/p>\n<li>W 2026 roku maj\u0105 te\u017c wej\u015b\u0107 w \u017cycie obowi\u0105zki zwi\u0105zane z transparentno\u015bci\u0105 wynagrodze\u0144, wynikaj\u0105ce z unijnej dyrektywy.\u00a0<\/li>\n<p>&#13;\n<\/ul>\n<p>Miniony rok przyni\u00f3s\u0142 sporo zmian na rynku pracy. 2026 pod tym wzgl\u0119dem nie b\u0119dzie inny. Przysz\u0142y rok przyniesie szereg istotnych zmian w prawie pracy. Cz\u0119\u015b\u0107 z nich zosta\u0142a ju\u017c zatwierdzona, nad innymi trwaj\u0105 prace legislacyjne. Zmiany te b\u0119d\u0105 mia\u0142y znacz\u0105cy wp\u0142yw na funkcjonowanie firm oraz sytuacj\u0119 pracownik\u00f3w, dlatego warto przyjrze\u0107 si\u0119 im bli\u017cej.<\/p>\n<p>Nowa stawka p\u0142acy minimalnej w 2026 roku. Ile wyniesie?<\/p>\n<p>Od 1 stycznia 2026 roku p\u0142aca minimalna wzro\u015bnie do 4806 z\u0142 brutto (z 4666 z\u0142 brutto obecnie). Na r\u0119k\u0119 oznacza to nieco ponad 3,6 tys. z\u0142. Z kolei minimalna stawka godzinowa b\u0119dzie wynosi\u0107 31,4 z\u0142 brutto.<\/p>\n<p>Z danych GUS wynika, \u017ce w poprzednim roku oko\u0142o 3,1 mln os\u00f3b pobiera\u0142o w Polsce najni\u017csze wynagrodzenie.<\/p>\n<p>Przypomnijmy &#8211; nowa wysoko\u015b\u0107 pensji minimalnej by\u0142a kwesti\u0105 sporn\u0105. \u015arodowisko przedsi\u0119biorc\u00f3w postulowa\u0142o ni\u017csz\u0105 kwot\u0119, na poziomie oko\u0142o 4700 z\u0142. Zwi\u0105zki zawodowe za\u015b domaga\u0142y si\u0119 wynagrodzenia na poziomie 5015 z\u0142. Rz\u0105d poszed\u0142 na kompromisowe rozwi\u0105zanie i ustali\u0142 najni\u017csz\u0105 pensj\u0119 w kwocie 4806 z\u0142 brutto.<\/p>\n<p>        <a href=\"https:\/\/www.pulshr.pl\/wynagrodzenia\/beda-zmiany-w-drugim-progu-podatkowym-ministerstwo-zabralo-glos,116011.html\" class=\"read-more-box-img-cnt\" rel=\"nofollow noopener\" target=\"_blank\"><br \/>\n        \t            <img decoding=\"async\" src=\"https:\/\/www.europesays.com\/pl\/wp-content\/uploads\/2025\/12\/132041_r0_300.jpg\" class=\"read-more-box-img\" loading=\"lazy\" alt=\"B\u0119d\u0105 zmiany w drugim progu podatkowym? Ministerstwo zabra\u0142o g\u0142os\" width=\"300\" height=\"200\"\/><br \/>\n                    <\/a><\/p>\n<p>Zmiany w naliczaniu sta\u017cy pracy. Nowe przepisy zaczn\u0105 obowi\u0105zywa\u0107 w 2026 roku<\/p>\n<p>W 2026 r. zaczn\u0105 obowi\u0105zywa\u0107 nowe zasady ustalania sta\u017cu pracy. Do okresu zatrudnienia b\u0119dzie mo\u017cna wliczy\u0107 nie tylko lata pracy na etacie, ale i te wynikaj\u0105ce z innych form aktywno\u015bci zawodowej.<\/p>\n<p>Wed\u0142ug nowych zasad do sta\u017cu pracy wliczane b\u0119d\u0105:<\/p>\n<ul>&#13;<\/p>\n<li>okres prowadzenia dzia\u0142alno\u015bci gospodarczej,<\/li>\n<p>&#13;<\/p>\n<li>okres zawieszenia dzia\u0142alno\u015bci z powodu opieki nad dzieckiem,<br \/>wsp\u00f3\u0142praca z osob\u0105 prowadz\u0105c\u0105 dzia\u0142alno\u015b\u0107 gospodarcz\u0105,<\/li>\n<p>&#13;<\/p>\n<li>praca na umowach zlecenia i innych umowach o \u015bwiadczenie us\u0142ug,<br \/>praca na umowach agencyjnych, cz\u0142onkostwo w rolniczych sp\u00f3\u0142dzielniach produkcyjnych i sp\u00f3\u0142dzielniach k\u00f3\u0142ek rolniczych,<\/li>\n<p>&#13;<\/p>\n<li>praca za granic\u0105.<\/li>\n<p>&#13;\n<\/ul>\n<p>Do sta\u017cu pracy nie wliczymy natomiast um\u00f3w o dzie\u0142o, okresu praktyk studenckich czy wolontariatu. Trzeba te\u017c wiedzie\u0107, \u017ce okresy zatrudnienia nie b\u0119d\u0105 si\u0119 sumowa\u0142y.<\/p>\n<p>Data wej\u015bcia w \u017cycie nowych przepis\u00f3w b\u0119dzie inna w zale\u017cno\u015bci od sektora:<\/p>\n<ul>&#13;<\/p>\n<li>od 1 stycznia 2026 r. dla sektora publicznego,<\/li>\n<p>&#13;<\/p>\n<li>od 1 maja 2026 r. dla sektora prywatnego.<\/li>\n<p>&#13;\n<\/ul>\n<p>Zmiany w sposobie interpretacji okresu zatrudnienia daj\u0105 pracownikom szereg korzy\u015bci, takich jak:<\/p>\n<ul>&#13;<\/p>\n<li>d\u0142u\u017cszy wymiar urlopu wypoczynkowego,<\/li>\n<p>&#13;<\/p>\n<li>d\u0142u\u017cszy okres wypowiedzenia umowy o prac\u0119,<br \/>wy\u017csza odprawa z tytu\u0142u jej rozwi\u0105zania z przyczyn niedotycz\u0105cych pracownika,<\/li>\n<p>&#13;<\/p>\n<li>wy\u017csze nagrody jubileuszowe i dodatki sta\u017cowe,<br \/>szybszy awans,<\/li>\n<p>&#13;<\/p>\n<li>nowe mo\u017cliwo\u015bci aplikowania na oferty pracy, je\u015bli okre\u015blony sta\u017c pracy jest warunkiem do awansu lub pozyskania pracy.<\/li>\n<p>&#13;\n<\/ul>\n<p>Emerytury czerwcowe.\u00a0ZUS z urz\u0119du ponownie ustali wysoko\u015b\u0107 \u015bwiadcze\u0144<\/p>\n<p>Emerytury czerwcowe to problem os\u00f3b urodzonych po 1948 roku, kt\u00f3re przesz\u0142y na emerytur\u0119 w latach 2009-2019. Je\u017celi z\u0142o\u017cy\u0142y wniosek w czerwcu, to ich \u015bwiadczenie jest ni\u017csze ni\u017c os\u00f3b, kt\u00f3re z\u0142o\u017cy\u0142y wniosek w kwietniu czy w maju. Suma wska\u017anik\u00f3w waloryzacji kwartalnej, kt\u00f3rymi zosta\u0142yby obj\u0119te sk\u0142adki emerytalne oraz kapita\u0142 pocz\u0105tkowy przy przej\u015bciu na emerytur\u0119 w kwietniu lub maju, jest zazwyczaj wy\u017csza od wska\u017anika waloryzacji rocznej, kt\u00f3ry stosuje si\u0119 przy ustalaniu emerytury w czerwcu danego roku &#8211; st\u0105d wynika\u0142 problem ni\u017cszych \u015bwiadcze\u0144 tej grupy os\u00f3b.<\/p>\n<p>Rozwi\u0105zanie przygotowane w Ministerstwie Rodziny, Pracy i Polityki Spo\u0142ecznej zak\u0142ada, \u017ce ZUS z urz\u0119du ponownie ustali emerytury i renty rodzinne os\u00f3b, kt\u00f3re w latach 2009-2019 przesz\u0142y na emerytur\u0119 lub rent\u0119 rodzinn\u0105 w czerwcu.<\/p>\n<p>&#8211; To zmiana wa\u017cna i oczekiwana. W pierwszym kwartale 2026 roku Zak\u0142ad Ubezpiecze\u0144 Spo\u0142ecznych wyda decyzje wobec wszystkich emeryt\u00f3w i rencist\u00f3w, kt\u00f3rych ta zmiana dotyczy, podwy\u017cszaj\u0105ce \u015bwiadczenia &#8211; zaznaczy\u0142 wiceminister Sebastian Gajewski podczas ko\u0144coworocznego briefingu prasowego.<\/p>\n<p>Jak to wygl\u0105da w liczbach? Regulacje obejm\u0105 oko\u0142o 103 tys. os\u00f3b (95,5 tys. os\u00f3b pobieraj\u0105cych emerytury i 8 tys. os\u00f3b pobieraj\u0105cych renty rodzinne). Szacowana przeci\u0119tna podwy\u017cka to ok. 220 z\u0142.<\/p>\n<p>Wy\u017cszy zasi\u0142ek pogrzebowy. \u015awiadczenie wzro\u015bnie\u00a0z 4 tys. z\u0142 do 7 tys. z\u0142\u00a0<\/p>\n<p><a href=\"https:\/\/www.pulshr.pl\/wynagrodzenia\/zasilek-pogrzebowy-od-1-stycznia-2026-na-zmiane-czekano-14-lat,115765.html\" target=\"_blank\" rel=\"nofollow noopener\">1 stycznia 2026 roku wchodzi w \u017cycie nowelizacja ustawy, zgodnie z kt\u00f3r\u0105 zasi\u0142ek pogrzebowy wzro\u015bnie z 4 tys. z\u0142 do 7 tys. z\u0142.<\/a>\u00a0Kwota ta b\u0119dzie waloryzowana i podwy\u017cszana o wska\u017anik wzrostu cen i us\u0142ug konsumpcyjnych, je\u015bli inflacja w danym roku przekroczy 5 proc.<\/p>\n<p>Nowelizacja skraca r\u00f3wnie\u017c maksymalny czas wyp\u0142aty zasi\u0142ku do 14 dni, a nie jak obecnie 30 dni. Ustalenie prawa do zasi\u0142ku pogrzebowego nie b\u0119dzie wymaga\u0142o wydania przez ZUS decyzji, je\u017celi koszty pogrzebu ponios\u0142a jedna osoba.<\/p>\n<p>        <a href=\"https:\/\/www.pulshr.pl\/pr-wewnetrzny\/l4-stalo-sie-w-polsce-luksusem-na-ktory-wielu-pracownikow-nie-moze-sobie-pozwolic,115518.html\" class=\"read-more-box-img-cnt\" rel=\"nofollow noopener\" target=\"_blank\"><br \/>\n        \t            <img decoding=\"async\" src=\"https:\/\/www.europesays.com\/pl\/wp-content\/uploads\/2025\/12\/131389_r0_300.jpg\" class=\"read-more-box-img\" loading=\"lazy\" alt=\"L4 sta\u0142o si\u0119 w Polsce luksusem, na kt\u00f3ry wielu pracownik\u00f3w nie mo\u017ce sobie pozwoli\u0107\" width=\"300\" height=\"200\"\/><br \/>\n                    <\/a><\/p>\n<p>Nowe zasady zwolnie\u0144 lekarskich od 1 stycznia. Najwi\u0119ksza zmiana od lat<\/p>\n<p>Nowelizacja ustawy o systemie ubezpiecze\u0144 spo\u0142ecznych oraz niekt\u00f3rych innych ustaw, przygotowana w Ministerstwie Rodziny, Pracy i Polityki Spo\u0142ecznej wdro\u017cy m.in.\u00a0nowe zasady kontroli zwolnie\u0144 lekarskich. Przepisy wprowadzaj\u0105 te\u017c bardziej precyzyjne regu\u0142y okre\u015blaj\u0105ce, kiedy pracownik mo\u017ce utraci\u0107 prawo do zasi\u0142ku chorobowego.\u00a0<\/p>\n<p>Regulacja wprowadza tak\u017ce mo\u017cliwo\u015b\u0107 korzystania ze zwolnienia w jednym miejscu, a pracowania w drugim (np. dla os\u00f3b z dwoma etatami &#8211; je\u015bli charakter pracy na to pozwala).<\/p>\n<p><a href=\"https:\/\/www.pulshr.pl\/prawo-pracy\/rewolucja-w-zus-coraz-blizej-nowe-zasady-zwolnien-i-kontroli-l4,115985.html?mp=promo\" target=\"_blank\" rel=\"nofollow noopener\">19 grudnia 2025 roku pos\u0142owie przyj\u0119li senackie poprawki do projektu ustawy. <\/a>Cztery z nich mia\u0142y charakter legislacyjno-redakcyjny. Pi\u0105ta dotyczy\u0142a liczby lekarzy orzekaj\u0105cych w drugiej instancji.<\/p>\n<p>Zgodnie z nowymi przepisami ubezpieczony straci \u015bwiadczenie, je\u015bli w trakcie zwolnienia:<\/p>\n<ul>&#13;<\/p>\n<li>wykonuje prac\u0119 zarobkow\u0105 (z wyj\u0105tkiem drobnych aktywno\u015bci, takich jak zakupy),<\/li>\n<p>&#13;<\/p>\n<li>podejmuje dzia\u0142ania mog\u0105ce przed\u0142u\u017cy\u0107 chorob\u0119, np. forsowne wyjazdy podczas rekonwalescencji.<\/li>\n<p>&#13;\n<\/ul>\n<p>Regulacja dopuszcza tak\u017ce mo\u017cliwo\u015b\u0107 korzystania ze zwolnienia w jednym miejscu pracy i \u015bwiadczenia pracy w drugim, o ile charakter obowi\u0105zk\u00f3w faktycznie to umo\u017cliwia.<\/p>\n<p>Nowe zasady kontroli zwolnie\u0144 pozwol\u0105 ZUS-owi \u017c\u0105da\u0107 udost\u0119pnienia dokumentacji medycznej od podmiotu lub lekarza wystawiaj\u0105cego za\u015bwiadczenie. Kontrole b\u0119d\u0105 obejmowa\u0107 r\u00f3wnie\u017c sprawdzenie, czy nie ma innych domownik\u00f3w mog\u0105cych zapewni\u0107 opiek\u0119 w przypadku zasi\u0142ku opieku\u0144czego.<\/p>\n<p>Ustawa poza pewnymi wyj\u0105tkami wejdzie w \u017cycie po up\u0142ywie trzech miesi\u0119cy od dnia og\u0142oszenia.<\/p>\n<p>\t\t<img decoding=\"async\" loading=\"lazy\" alt=\"Nowe regulacje dotycz\u0105 zar\u00f3wno praw i obowi\u0105zk\u00f3w pracownik\u00f3w, jak i wymaga\u0144 stawianych pracodawcom Fot. Vitaly Gariev \/ Unsplash\" src=\"https:\/\/www.europesays.com\/pl\/wp-content\/uploads\/2025\/12\/132146.jpg\" width=\"990\" height=\"543\"\/><\/p>\n<p>\n\t\tNowe regulacje dotycz\u0105 zar\u00f3wno praw i obowi\u0105zk\u00f3w pracownik\u00f3w, jak i wymaga\u0144 stawianych pracodawcom Fot. Vitaly Gariev \/ Unsplash\n\t<\/p>\n<p>Zmiany, kt\u00f3re wprowadzi\u0142a ustawa o uk\u0142adach zbiorowych pracy<\/p>\n<p>13 grudnia wesz\u0142a w \u017cycie ustawa o uk\u0142adach zbiorowych pracy i porozumieniach zbiorowych. Celem regulacji jest uproszczenie proces\u00f3w zawierania uk\u0142ad\u00f3w i porozumie\u0144 oraz ich promocja.<\/p>\n<p>Zgodnie z ustaw\u0105 partnerzy spo\u0142eczni b\u0119d\u0105 mogli wsp\u00f3lnie decydowa\u0107, w jakim zakresie uk\u0142ad zbiorowy pracy mo\u017ce inaczej regulowa\u0107 warunki pracy ni\u017c przepisy ustawowe. Utrzymana zostanie tzw. zasada korzystno\u015bci. Polega ona na tym, \u017ce ustalenia nie mog\u0105 by\u0107 gorsze dla pracownika ni\u017c prawo pracy.<\/p>\n<p>        <a href=\"https:\/\/www.pulshr.pl\/zwiazki-zawodowe\/zamiast-rewolucji-bedzie-lifting-i-niedosyt-pracodawcom-powinno-zalezec,115357.html\" class=\"read-more-box-img-cnt\" rel=\"nofollow noopener\" target=\"_blank\"><br \/>\n        \t            <img decoding=\"async\" src=\"https:\/\/www.europesays.com\/pl\/wp-content\/uploads\/2025\/11\/131255_r0_300.jpg\" class=\"read-more-box-img\" loading=\"lazy\" alt=\"Zamiast rewolucji b\u0119dzie lifting i niedosyt? &quot;Pracodawcom powinno zale\u017ce\u0107&quot;\" width=\"300\" height=\"200\"\/><br \/>\n                    <\/a><\/p>\n<p>Zaproponowano, w formie katalogu otwartego, aby w ramach uk\u0142ad\u00f3w okre\u015blane by\u0142y kwestie dotycz\u0105ce np. przeciwdzia\u0142ania mobbingowi, godzenia \u017cycia zawodowego z \u017cyciem prywatnym, bezpiecze\u0144stwa i higieny pracy, podnoszenia kwalifikacji zawodowych i urlop\u00f3w szkoleniowych czy zarz\u0105dzania wiekiem i aktywnego starzenia si\u0119.<\/p>\n<p>Nowe przepisy maj\u0105 r\u00f3wnie\u017c charakter deregulacyjny. Ich celem jest u\u0142atwienie zawierania i rejestrowania uk\u0142ad\u00f3w zbiorowych pracy, a tym samym ich promowanie i rozw\u00f3j.<\/p>\n<p>Zg\u0142oszenie uk\u0142adu do Krajowej Ewidencji Uk\u0142ad\u00f3w Zbiorowych Pracy b\u0119dzie odbywa\u0107 si\u0119 przez system teleinformatyczny. W ewidencji wpisane b\u0119d\u0105 tak\u017ce porozumienia zbiorowe zawarte przez co najmniej dw\u00f3ch pracodawc\u00f3w. Zg\u0142oszenia w takim przypadku dokonuje jeden z nich lub organizacja pracodawc\u00f3w.<\/p>\n<p>Regulacja przewiduje te\u017c mo\u017cliwo\u015b\u0107 mediacji w razie sporu. Mediator dawa\u0142by gwarancj\u0119 bezstronno\u015bci i pomaga\u0142 w osi\u0105gni\u0119ciu rozwi\u0105za\u0144 korzystnych dla obu stron.<\/p>\n<p>Czas obowi\u0105zywania uk\u0142adu zbiorowego ma by\u0107 elastyczny. Oznacza to, \u017ce strony podejmuj\u0105ce negocjacje b\u0119d\u0105 mog\u0142y wybra\u0107 zawarcie uk\u0142adu na czas okre\u015blony z mo\u017cliwo\u015bci\u0105 przed\u0142u\u017cania okresu jego obowi\u0105zywania. Mo\u017cliwe b\u0119dzie tak\u017ce zawarcie uk\u0142adu na czas nieokre\u015blony.<\/p>\n<p>Inspekcja pracy z nowymi uprawnieniami. Prace nad ustaw\u0105 trwaj\u0105<\/p>\n<p>Rz\u0105d proceduje ustaw\u0119, kt\u00f3ra daje PIP prawo administracyjnego przekszta\u0142cania um\u00f3w cywilnoprawnych w umowy o prac\u0119. Mamy ju\u017c trzeci\u0105 wersj\u0119 projektu. Projekt\u00a0zosta\u0142 przyj\u0119ta przez Sta\u0142y Komitet Rady Ministr\u00f3w, trafi teraz pod obrady Rady Ministr\u00f3w.<\/p>\n<p>Nale\u017cy przypomnie\u0107, \u017ce dalej rozmawiamy o hipotetycznych zmianach, bo na stronie Rz\u0105dowego Centrum Legislacji nie pojawi\u0142 si\u0119 jak dot\u0105d nowy projekt ustawy.<\/p>\n<p>Oto najwa\u017cniejsze zmiany, jakie znalaz\u0142y si\u0119 w naj\u015bwie\u017cszej wersji projektu:<\/p>\n<p>Reforma PIP zak\u0142ada:<\/p>\n<ul>&#13;<\/p>\n<li>mo\u017cliwo\u015b\u0107 przekszta\u0142cania fikcyjnych um\u00f3w (o dzie\u0142o, zlecenia, B2B) w umowy o prac\u0119 na mocy decyzji administracyjnej,<\/li>\n<p>&#13;<\/p>\n<li>wymian\u0119 informacji mi\u0119dzy ZUS, PIP i KAS na potrzeby kontroli i analizy ryzyka,\u00a0<\/li>\n<p>&#13;<\/p>\n<li>usprawnienie kontroli PIP poprzez wprowadzenie kontroli zdalnych,\u00a0<\/li>\n<p>&#13;<\/p>\n<li>sporz\u0105dzanie przez G\u0142\u00f3wnego Inspektora Pracy rocznych i wieloletnich program\u00f3w kontroli opartych na analizie ryzyka,\u00a0<\/li>\n<p>&#13;<\/p>\n<li>rozwi\u0105zanie w zakresie wysoko\u015bci kar grzywny za wykroczenia przeciwko prawom pracownika,\u00a0<\/li>\n<p>&#13;<\/p>\n<li>opracowanie wieloletniej strategii budowania zdolno\u015bci i poprawy warunk\u00f3w pracy PIP,\u00a0<\/li>\n<p>&#13;<\/p>\n<li>przeprowadzenie audytu system\u00f3w bezpiecze\u0144stwa informatycznego PIP,\u00a0<\/li>\n<p>&#13;<\/p>\n<li>wydania zarz\u0105dzenia w sprawie metod i standard\u00f3w zarz\u0105dzania kontrolami.\u00a0<\/li>\n<p>&#13;\n<\/ul>\n<p>\u00a0<\/p>\n<p>        <a href=\"https:\/\/www.pulshr.pl\/prawo-pracy\/reforma-inspekcji-pracy-za-fantastyczne-mozliwosci-omijania-danin-ktos-zaplaci-w-przyszlosci,115342.html\" class=\"read-more-box-img-cnt\" rel=\"nofollow noopener\" target=\"_blank\"><br \/>\n        \t            <img decoding=\"async\" src=\"https:\/\/www.europesays.com\/pl\/wp-content\/uploads\/2025\/11\/131170_r0_300.jpg\" class=\"read-more-box-img\" loading=\"lazy\" alt=\"Reforma inspekcji pracy. &quot;Za fantastyczne mo\u017cliwo\u015bci omijania danin kto\u015b zap\u0142aci w przysz\u0142o\u015bci&quot;\" width=\"300\" height=\"200\"\/><br \/>\n                    <\/a><\/p>\n<p>Nowa p\u0142aca minimalna. Prace nad ustaw\u0105 wci\u0105\u017c trwaj\u0105<\/p>\n<p>Polska powinna wdro\u017cy\u0107 unijn\u0105 dyrektyw\u0119 w sprawie adekwatnych wynagrodze\u0144 minimalnych w listopadzie 2024 roku. Prace nad ni\u0105 wci\u0105\u017c trwa\u0142y, a\u017c do momentu, kiedy na koniec sierpnia skierowano projekt ustawy do Komitetu Sta\u0142ego Rady Ministr\u00f3w. Na pocz\u0105tku wrze\u015bnia natomiast opublikowano stanowiska innych resort\u00f3w, w tym &#8211; mia\u017cd\u017c\u0105c\u0105 projekt &#8211; opini\u0119 Ministerstwa Finans\u00f3w.<\/p>\n<p>W ustawie przyj\u0119to, aby orientacyjna warto\u015b\u0107 referencyjna by\u0142a ukszta\u0142towana na poziomie 55 proc. prognozowanej wysoko\u015bci przeci\u0119tnego wynagrodzenia w gospodarce narodowej, przyj\u0119tej do opracowania projektu ustawy bud\u017cetowej. Warto\u015b\u0107 ta b\u0119dzie stosowana do corocznej oceny wysoko\u015bci minimalnego wynagrodzenia za prac\u0119.<\/p>\n<p>Prace nad ostatecznym kszta\u0142tem ustawy wci\u0105\u017c trwaj\u0105. Ministerstwo Rodziny, Pracy i Polityki Spo\u0142ecznej w odniesieniu do uwag zg\u0142aszanych przez inne ministerstwa w trakcie uzgodnie\u0144 mi\u0119dzyresortowych zapowiedzia\u0142o, \u017ce\u00a0powstanie kolejna wersja projektu.<\/p>\n<p>&#8222;Projekt ustawy przekazany na kolejny etap prac legislacyjnych b\u0119dzie przewidywa\u0142 przesuni\u0119cie o rok termin\u00f3w wy\u0142\u0105czenia poszczeg\u00f3lnych sk\u0142adnik\u00f3w z minimalnego wynagrodzenia za prac\u0119, tj. dodatku funkcyjnego z 01.01.2026 r. na 01.01.2027 r., pozosta\u0142ych dodatk\u00f3w od z 01.01.2027 r. na 01.01.2028 r. oraz premii i nagr\u00f3d z 01.01.2028 r. na 01.01.2029 r.&#8221; &#8211; deklaruje MRPiPS w rozmowie z Prawo.pl.<\/p>\n<p>Unijna przejrzysto\u015b\u0107 wynagrodze\u0144 coraz bli\u017cej. Mamy czas do czerwca 2026 roku<\/p>\n<p>Do czerwca 2026 roku rz\u0105d ma czas na przyj\u0119cie przepis\u00f3w implementuj\u0105cych zapisy unijnej dyrektywy o transparentnych wynagrodzeniach. Nowe przepisy maj\u0105 za cel walk\u0119 z luk\u0105 p\u0142acow\u0105.<\/p>\n<p>16 grudnia na stronie RCL pojawi\u0142 si\u0119 d\u0142ugo wyczekiwany projekt ustawy o wzmocnieniu stosowania prawa do jednakowego wynagrodzenia kobiet i m\u0119\u017cczyzn za prac\u0119 o jednakowej warto\u015bci.<\/p>\n<p>        <a href=\"https:\/\/www.pulshr.pl\/prawo-pracy\/czy-to-koniec-placowego-tabu-firmom-nie-bedzie-latwo,115943.html\" class=\"read-more-box-img-cnt\" rel=\"nofollow noopener\" target=\"_blank\"><br \/>\n        \t            <img decoding=\"async\" src=\"https:\/\/www.europesays.com\/pl\/wp-content\/uploads\/2025\/12\/131950_r0_300.jpg\" class=\"read-more-box-img\" loading=\"lazy\" alt=\"Czy to koniec p\u0142acowego tabu? Firmom nie b\u0119dzie \u0142atwo\" width=\"300\" height=\"200\"\/><br \/>\n                    <\/a><\/p>\n<p>Przepisy nadk\u0142adaj\u0105 na pracodawc\u00f3w szereg nowych obowi\u0105zk\u00f3w, m.in.:<\/p>\n<ul>&#13;<\/p>\n<li>Po obj\u0119ciu obowi\u0105zk\u00f3w pracownicy b\u0119d\u0105 mieli prawo zwraca\u0107 si\u0119 do swoich pracodawc\u00f3w o informacje na temat \u015brednich poziom\u00f3w wynagrodzenia, w podziale na p\u0142e\u0107, dla r\u00f3\u017cnych kategorii pracownik\u00f3w wykonuj\u0105cych tak\u0105 sam\u0105 prac\u0119 lub prac\u0119 o takiej samej warto\u015bci oraz na temat kryteri\u00f3w okre\u015blania wysoko\u015bci wynagrodzenia i rozwoju kariery, przy czym kryteria te musz\u0105 by\u0107 obiektywne i neutralne pod wzgl\u0119dem p\u0142ci.<\/li>\n<p>&#13;<\/p>\n<li>Firmy zatrudniaj\u0105ce ponad 250 pracownik\u00f3w b\u0119d\u0105 musia\u0142y przedstawia\u0107 odpowiedniemu organowi krajowemu sprawozdania roczne na temat swojej sytuacji w zakresie luki p\u0142acowej ze wzgl\u0119du na p\u0142e\u0107.<\/li>\n<p>&#13;<\/p>\n<li>Mniejsze firmy b\u0119d\u0105 przedstawia\u0107 takie sprawozdania co trzy lata.<\/li>\n<p>&#13;<\/p>\n<li>Je\u017celi sprawozdania wyka\u017c\u0105, \u017ce luka p\u0142acowa przekracza 5 proc. i nie mo\u017cna jej uzasadni\u0107 obiektywnymi, neutralnymi pod wzgl\u0119dem p\u0142ci kryteriami, firmy, we wsp\u00f3\u0142pracy z przedstawicielami pracownik\u00f3w, b\u0119d\u0105 musia\u0142y przeprowadzi\u0107 wsp\u00f3lne oceny wynagrodze\u0144.<\/li>\n<p>&#13;<\/p>\n<li>Pracownicy, kt\u00f3rzy do\u015bwiadczaj\u0105 dyskryminacji p\u0142acowej ze wzgl\u0119du na p\u0142e\u0107, b\u0119d\u0105 mogli otrzyma\u0107 odszkodowanie, w tym pe\u0142ne odzyskanie zaleg\u0142ego wynagrodzenia i zwi\u0105zanych z nim premii lub \u015bwiadcze\u0144 rzeczowych.<\/li>\n<p>&#13;\n<\/ul>\n<p>Przypomnijmy, \u017ce od 24 grudnia 2025 r. pracodawcy s\u0105 zobowi\u0105zani stosowa\u0107 si\u0119 do nowych przepis\u00f3w zawartych w ustawie, kt\u00f3ra stanowi niejako form\u0119 wprowadzenia do wdro\u017cenia unijnej dyrektywy o transparentnych wynagrodzeniach.<\/p>\n<p>Nowe przepisy nak\u0142adaj\u0105 na pracodawc\u00f3w m.in. obowi\u0105zek przekazywania kandydatom informacji o wide\u0142kach wynagrodzenia z odpowiednim wyprzedzeniem:<\/p>\n<ul>&#13;<\/p>\n<li>w og\u0142oszeniu o naborze na stanowisko,<\/li>\n<p>&#13;<\/p>\n<li>przed rozmow\u0105 kwalifikacyjn\u0105, je\u015bli pracodawca nie og\u0142osi\u0142 naboru na stanowisko,<\/li>\n<p>&#13;<\/p>\n<li>przed nawi\u0105zaniem stosunku pracy, je\u015bli pracodawca nie przekaza\u0142 informacji przed rozmow\u0105 kwalifikacyjn\u0105.<\/li>\n<p>&#13;\n<\/ul>\n<p>        <a href=\"https:\/\/www.pulshr.pl\/prawo-pracy\/nowe-przepisy-jawnosc-wynagrodzen-tylko-w-teorii-ale-za-to-specjalistix-zamiast-specjalisty,115255.html\" class=\"read-more-box-img-cnt\" rel=\"nofollow noopener\" target=\"_blank\"><br \/>\n        \t            <img decoding=\"async\" src=\"https:\/\/www.europesays.com\/pl\/wp-content\/uploads\/2025\/11\/131066_r0_300.jpg\" class=\"read-more-box-img\" loading=\"lazy\" alt=\"Nowe przepisy. Jawno\u015b\u0107 wynagrodze\u0144 tylko w teorii, ale za to specjalistix zamiast specjalisty\" width=\"300\" height=\"200\"\/><br \/>\n                    <\/a><\/p>\n<p>Przepisy dotycz\u0105ce poprawy warunk\u00f3w pracy za po\u015brednictwem platform<\/p>\n<p>Do 2 grudnia 2026 roku Polska ma czas na wdro\u017cenie Dyrektywy Parlamentu Europejskiego i Rady w sprawie poprawy warunk\u00f3w pracy za po\u015brednictwem platform. Ministerstwo Rodziny, Pracy i Polityki Spo\u0142ecznej pracuje nad nowymi przepisami. Na tym etapie\u00a0nie ma jeszcze projektu ustawy, ale harmonogram prac jest cz\u0119\u015bciowo uzale\u017cniony od wynik\u00f3w konsultacji, kt\u00f3re maj\u0105 zako\u0144czy\u0107 si\u0119 w najbli\u017cszych miesi\u0105cach.<\/p>\n<p>Przepisy maj\u0105 dotyczy\u0107 ponad 28 mln os\u00f3b pracuj\u0105cych za po\u015brednictwem platform cyfrowych w ca\u0142ej UE. Unijne szacunki m\u00f3wi\u0105, \u017ce do ko\u0144ca 2025 roku liczba os\u00f3b zarabiaj\u0105cych w ten spos\u00f3b ma wzrosn\u0105\u0107 do 43 mln.<\/p>\n<p>        <a href=\"https:\/\/www.pulshr.pl\/prawo-pracy\/wytyczne-z-brukseli-odmienia-zycie-milionow-polskich-pracownikow-firmom-zostal-niecaly-rok,115652.html\" class=\"read-more-box-img-cnt\" rel=\"nofollow noopener\" target=\"_blank\"><br \/>\n        \t            <img decoding=\"async\" src=\"https:\/\/www.europesays.com\/pl\/wp-content\/uploads\/2025\/12\/131698_r0_300.jpg\" class=\"read-more-box-img\" loading=\"lazy\" alt=\"Wytyczne z Brukseli odmieni\u0105 \u017cycie milion\u00f3w polskich pracownik\u00f3w. Firmom zosta\u0142 nieca\u0142y rok\" width=\"300\" height=\"200\"\/><br \/>\n                    <\/a><\/p>\n<p>Kwestia, kt\u00f3ra od samego pocz\u0105tku budzi najwi\u0119cej kontrowersji dotyczy zapisanego w unijnej dyrektywie domniemania stosunku pracy. Dyrektywa zak\u0142ada, \u017ce osoby zatrudniane przez platformy nie mog\u0105 by\u0107 bezzasadnie traktowane jako osoby samozatrudnione. Udowodnienie, \u017ce dana osoba nie jest zatrudniona na zasadach obowi\u0105zuj\u0105cych przy etacie ma le\u017ce\u0107 po stronie pracodawcy.<\/p>\n<p>Przedstawiciele resortu pracy jednak uspokajaj\u0105. Przekonuj\u0105, \u017ce dyrektywa ani nie wprowadza nakazu zatrudniania pracownik\u00f3w platformowych w ramach stosunku pracy, co wi\u0119cej, nie wprowadza takiego domniemania.<\/p>\n<p>\t\t<img decoding=\"async\" loading=\"lazy\" alt=\"Od 2026 roku sta\u017c pracy b\u0119dzie liczony nie tylko na podstawie etatu, lecz tak\u017ce m.in. dzia\u0142alno\u015bci gospodarczej, um\u00f3w zlecenia czy pracy wykonywanej za granic\u0105 Fot. Vitaly Gariev \/ Unsplash\" src=\"https:\/\/www.europesays.com\/pl\/wp-content\/uploads\/2025\/12\/132147.jpg\" width=\"990\" height=\"543\"\/><\/p>\n<p>\n\t\tOd 2026 roku sta\u017c pracy b\u0119dzie liczony nie tylko na podstawie etatu, lecz tak\u017ce m.in. dzia\u0142alno\u015bci gospodarczej, um\u00f3w zlecenia czy pracy wykonywanej za granic\u0105 Fot. Vitaly Gariev \/ Unsplash\n\t<\/p>\n<p>Koniec darmowych sta\u017cy. Rz\u0105d chce gwarantowanej pensji dla m\u0142odych<\/p>\n<p>Na stronie RCL opublikowano projekt ustawy o sta\u017cach. Prace nad nowymi przepisami dopiero si\u0119 rozpocz\u0119\u0142y &#8211; nie wiadomo, kiedy wejd\u0105 w \u017cycie. Przepisy maj\u0105 poprawi\u0107 jako\u015b\u0107 praktyk, zwi\u0119kszy\u0107 szanse m\u0142odych na start zawodowy i wyeliminowa\u0107 prac\u0119 za darmo.<\/p>\n<p>W projekcie zaleca si\u0119 m.in.:<\/p>\n<ul>&#13;<\/p>\n<li>pisemn\u0105 form\u0119 umowy sta\u017cowej;<\/li>\n<p>&#13;<\/p>\n<li>zapewnienie sta\u017cystom sprawiedliwego wynagrodzenia, bior\u0105c pod uwag\u0119 takie elementy jak zadania i obowi\u0105zki sta\u017cysty, intensywno\u015b\u0107 pracy sta\u017cysty oraz wag\u0119 komponentu edukacyjno-szkoleniowego;<\/li>\n<p>&#13;<\/p>\n<li>zapewnienie rozs\u0105dnego czasu trwania sta\u017cy, kt\u00f3ry (\u0142\u0105cznie) nie powinien przekracza\u0107 sze\u015bciu miesi\u0119cy, z wyj\u0105tkiem przypadk\u00f3w, w kt\u00f3rych d\u0142u\u017cszy czas trwania jest uzasadniony okre\u015blonymi, obiektywnymi wzgl\u0119dami;<\/li>\n<p>&#13;<\/p>\n<li>zapewnienie adekwatnej ochrony socjalnej i dost\u0119pu do ubezpiecze\u0144 spo\u0142ecznych;<\/li>\n<p>&#13;<\/p>\n<li>zapewnienie przestrzegania praw i warunk\u00f3w pracy sta\u017cyst\u00f3w zgodnie z obowi\u0105zuj\u0105cym prawem unijnym i krajowym;<br \/>zobowi\u0105zanie organizatora sta\u017cu do wyznaczenia opiekuna sta\u017cu;<\/li>\n<p>&#13;<\/p>\n<li>zapewnienie, we wsp\u00f3\u0142pracy z w\u0142a\u015bciwymi organami, kana\u0142\u00f3w zg\u0142aszania przez sta\u017cyst\u00f3w nadu\u017cy\u0107 i z\u0142ych warunk\u00f3w pracy oraz dostarczania informacji na temat tych kana\u0142\u00f3w;<\/li>\n<p>&#13;<\/p>\n<li>dopilnowanie, aby organizatorzy sta\u017cy uwzgl\u0119dniali w swoich<\/li>\n<p>&#13;<\/p>\n<li>og\u0142oszeniach o naborze i og\u0142oszeniach o sta\u017cach informacje na temat zasad i warunk\u00f3w sta\u017cu.<\/li>\n<p>&#13;\n<\/ul>\n<p>        <a href=\"https:\/\/www.pulshr.pl\/prawo-pracy\/nadchodzi-koniec-darmowej-pracy-nie-ilosc-a-jakosc-bedzie-sie-liczyc,114413.html\" class=\"read-more-box-img-cnt\" rel=\"nofollow noopener\" target=\"_blank\"><br \/>\n        \t            <img decoding=\"async\" src=\"https:\/\/www.europesays.com\/pl\/wp-content\/uploads\/2025\/11\/129965_r0_300.jpg\" class=\"read-more-box-img\" loading=\"lazy\" alt=\"Nadchodzi koniec darmowej pracy. Nie ilo\u015b\u0107, a jako\u015b\u0107 b\u0119dzie si\u0119 liczy\u0107\" width=\"300\" height=\"200\"\/><br \/>\n                    <\/a><\/p>\n<p>Ministerstwo chce zwi\u0119kszy\u0107 ochron\u0119 pracownik\u00f3w przed mobbingiem i dyskryminacj\u0105<\/p>\n<p>Projekt ustawy, kt\u00f3ra nowelizuje Kodeks pracy i Kodeks post\u0119powania cywilnego, zosta\u0142 przyj\u0119ty przez Komitet Sta\u0142y Rady Ministr\u00f3w 27 listopada.\u00a0\u00a0<\/p>\n<p>Nowe przepisy maj\u0105:<\/p>\n<ul>&#13;<\/p>\n<li>upro\u015bci\u0107 definicj\u0119 mobbingu i doprecyzowa\u0107 jego cechy,<\/li>\n<p>&#13;<\/p>\n<li>wprowadzi\u0107 zach\u0119ty dla pracodawc\u00f3w do bardziej intensywnego zapobiegania zachowaniom niepo\u017c\u0105danym w pracy,<\/li>\n<p>&#13;<\/p>\n<li>zwi\u0119kszy\u0107 zado\u015b\u0107uczynienie dla pracownik\u00f3w do\u015bwiadczaj\u0105cych mobbingu.<\/li>\n<p>&#13;\n<\/ul>\n<p>Nowelizacja przepis\u00f3w u\u0142atwi pracownikom dochodzenie roszcze\u0144, m.in. dzi\u0119ki mo\u017cliwo\u015bci \u0142\u0105czenia spraw o zwolnienie z post\u0119powaniem dotycz\u0105cym mobbingu lub dyskryminacji.<\/p>\n<p>S\u0105d b\u0119dzie m\u00f3g\u0142 orzec naruszenie d\u00f3br osobistych nawet wtedy, gdy nie stwierdzi mobbingu. To prze\u0142om, kt\u00f3ry pozwoli pracownikom uzyska\u0107 odszkodowanie, mimo \u017ce ich zachowania nie spe\u0142niaj\u0105 pe\u0142nej definicji mobbingu.<\/p>\n<p>Wprowadzono minimalne zado\u015b\u0107uczynienie na poziomie 12-krotno\u015bci p\u0142acy minimalnej oraz mo\u017cliwo\u015b\u0107 przeniesienia odpowiedzialno\u015bci finansowej bezpo\u015brednio na mobbera. Ma to dzia\u0142anie prewencyjne i wzmacnia obowi\u0105zek pracodawcy realnego przeciwdzia\u0142ania mobbingowi.<\/p>\n<p>        <a href=\"https:\/\/www.pulshr.pl\/prawo-pracy\/u-nas-mobbing-sie-nie-przyjal-nowe-prawo-pokaze-czy-to-tylko-wygodny-mit,115387.html\" class=\"read-more-box-img-cnt\" rel=\"nofollow noopener\" target=\"_blank\"><br \/>\n        \t            <img decoding=\"async\" src=\"https:\/\/www.europesays.com\/pl\/wp-content\/uploads\/2025\/12\/131221_r0_300.jpg\" class=\"read-more-box-img\" loading=\"lazy\" alt=\"&quot;U nas mobbing si\u0119 nie przyj\u0105\u0142&quot;. Nowe prawo poka\u017ce, czy to tylko wygodny mit\" width=\"300\" height=\"200\"\/><br \/>\n                    <\/a><\/p>\n<p>Ekwiwalent za urlop na nowych zasadach. Wyp\u0142ata razem z ostatnim wynagrodzeniem<\/p>\n<p>19 grudnia\u00a0Senat przyj\u0105\u0142 bez poprawek nowel\u0119 Kodeksu pracy, kt\u00f3ra zak\u0142ada powi\u0105zanie terminu wyp\u0142aty ekwiwalentu za urlop z terminem wyp\u0142aty wynagrodzenia za prac\u0119.\u00a0Oznacza to, \u017ce b\u0119dzie m\u00f3g\u0142 by\u0107 wyp\u0142acany w dniu zako\u0144czenia pracy.<\/p>\n<p>Je\u015bli termin wyp\u0142aty wynagrodzenia nast\u0105pi przed dniem, w kt\u00f3rym umowa o prac\u0119 si\u0119 ko\u0144czy, to ekwiwalent b\u0119dzie wyp\u0142acany w terminie do dziesi\u0119ciu dni od zako\u0144czenia stosunku pracy. Dotychczas wyp\u0142ata musia\u0142a nast\u0105pi\u0107 w dniu rozwi\u0105zania umowy o prac\u0119.<\/p>\n<p>Przepisy zak\u0142adaj\u0105 r\u00f3wnie\u017c, \u017ce pracodawcy, u kt\u00f3rych nie dzia\u0142aj\u0105 zak\u0142adowe organizacje zwi\u0105zkowe, b\u0119d\u0105 musieli zaprosi\u0107 co najmniej dwuosobow\u0105 reprezentacj\u0119 pracownik\u00f3w do ustalenia spraw dotycz\u0105cych zak\u0142adowego funduszu \u015bwiadcze\u0144 socjalnych. Dotychczas wymagany by\u0142 udzia\u0142 jednego reprezentanta, podczas gdy w zakresie prawa pracy wymagana jest obecno\u015b\u0107 co najmniej dw\u00f3ch pracownik\u00f3w. Rozwi\u0105zanie ma na celu ujednolicenie zasad.<\/p>\n<p>Nowela przewiduje r\u00f3wnie\u017c umo\u017cliwienie elektronicznego za\u0142atwiania spraw mi\u0119dzy pracownikiem a pracodawc\u0105. Pracownik b\u0119dzie m\u00f3g\u0142 z\u0142o\u017cy\u0107 elektronicznie wniosek m.in. o udzielenie czasu wolnego w celu za\u0142atwienia spraw osobistych czy te\u017c o urlop bezp\u0142atny.<\/p>\n<p>Ustawa czeka na podpis prezydenta.<\/p>\n","protected":false},"excerpt":{"rendered":"&#13; W 2026 roku wzro\u015bnie p\u0142aca minimalna, jednocze\u015bnie nadal prowadzone s\u0105 prace nad ustaw\u0105 implementuj\u0105c\u0105 unijn\u0105 dyrektyw\u0119 o&hellip;\n","protected":false},"author":2,"featured_media":179660,"comment_status":"","ping_status":"","sticky":false,"template":"","format":"standard","meta":{"footnotes":""},"categories":[5],"tags":[664,11041,22886,18288,820,25378,25366,11044,18730,25372,25375,25381,25369,35047,25363,27368,32,33,36,37,27,34,35,28,31,25379,27366,18728,11039,25376,22884,25367,11042,818,25361,25373,25370,25364,18286,34868,25,42,38,40,39,41,29,30,25380,27367,18729,11040,25377,22885,819,25368,11043,25362,25374,25371,25365,18287,35046,26],"class_list":{"0":"post-179659","1":"post","2":"type-post","3":"status-publish","4":"format-standard","5":"has-post-thumbnail","7":"category-naglowki","8":"tag-typedefinedterm","9":"tag-14303-html","10":"tag-19710-html","11":"tag-23853-html","12":"tag-25947-html","13":"tag-32438-html","14":"tag-37886-html","15":"tag-38482-html","16":"tag-42062-html","17":"tag-45031-html","18":"tag-49114-html","19":"tag-51015-html","20":"tag-51179-html","21":"tag-54317-html","22":"tag-55396-html","23":"tag-59082-html","24":"tag-breaking-news","25":"tag-breakingnews","26":"tag-featured-news","27":"tag-featurednews","28":"tag-headlines","29":"tag-latest-news","30":"tag-latestnews","31":"tag-naglowki","32":"tag-najwazniejsze-artykuly","33":"tag-nameekwiwalent","34":"tag-nameemerytury-czerwcowe","35":"tag-namejawnou015bu0107-wynagrodzeu0144","36":"tag-namekodeks-pracy","37":"tag-namemobbing","38":"tag-namepip","39":"tag-namepraca-platformowa","40":"tag-nameprawo-pracy","41":"tag-namepu0142aca-minimalna","42":"tag-namestau017c-pracy","43":"tag-namestau017ce","44":"tag-namestau017cyu015bci","45":"tag-nameuku0142ady-zbiorowe","46":"tag-nameurlop","47":"tag-namezasiu0142ek-pogrzebowy","48":"tag-news","49":"tag-pl","50":"tag-poland","51":"tag-polish","52":"tag-polska","53":"tag-polski","54":"tag-top-stories","55":"tag-topstories","56":"tag-urlhttps-www-pulshr-pl-lista-ekwiwalent","57":"tag-urlhttps-www-pulshr-pl-lista-emerytury-czerwcowe","58":"tag-urlhttps-www-pulshr-pl-lista-jawnosc-wynagrodzen","59":"tag-urlhttps-www-pulshr-pl-lista-kodeks-pracy","60":"tag-urlhttps-www-pulshr-pl-lista-mobbing","61":"tag-urlhttps-www-pulshr-pl-lista-pip","62":"tag-urlhttps-www-pulshr-pl-lista-placa-minimalna","63":"tag-urlhttps-www-pulshr-pl-lista-praca-platformowa","64":"tag-urlhttps-www-pulshr-pl-lista-prawo-pracy","65":"tag-urlhttps-www-pulshr-pl-lista-staz-pracy","66":"tag-urlhttps-www-pulshr-pl-lista-staze","67":"tag-urlhttps-www-pulshr-pl-lista-stazysci","68":"tag-urlhttps-www-pulshr-pl-lista-uklady-zbiorowe","69":"tag-urlhttps-www-pulshr-pl-lista-urlop","70":"tag-urlhttps-www-pulshr-pl-lista-zasilek-pogrzebowy","71":"tag-wiadomosci"},"share_on_mastodon":{"url":"","error":"Validation failed: Text character limit of 500 exceeded"},"_links":{"self":[{"href":"https:\/\/www.europesays.com\/pl\/wp-json\/wp\/v2\/posts\/179659","targetHints":{"allow":["GET"]}}],"collection":[{"href":"https:\/\/www.europesays.com\/pl\/wp-json\/wp\/v2\/posts"}],"about":[{"href":"https:\/\/www.europesays.com\/pl\/wp-json\/wp\/v2\/types\/post"}],"author":[{"embeddable":true,"href":"https:\/\/www.europesays.com\/pl\/wp-json\/wp\/v2\/users\/2"}],"replies":[{"embeddable":true,"href":"https:\/\/www.europesays.com\/pl\/wp-json\/wp\/v2\/comments?post=179659"}],"version-history":[{"count":0,"href":"https:\/\/www.europesays.com\/pl\/wp-json\/wp\/v2\/posts\/179659\/revisions"}],"wp:featuredmedia":[{"embeddable":true,"href":"https:\/\/www.europesays.com\/pl\/wp-json\/wp\/v2\/media\/179660"}],"wp:attachment":[{"href":"https:\/\/www.europesays.com\/pl\/wp-json\/wp\/v2\/media?parent=179659"}],"wp:term":[{"taxonomy":"category","embeddable":true,"href":"https:\/\/www.europesays.com\/pl\/wp-json\/wp\/v2\/categories?post=179659"},{"taxonomy":"post_tag","embeddable":true,"href":"https:\/\/www.europesays.com\/pl\/wp-json\/wp\/v2\/tags?post=179659"}],"curies":[{"name":"wp","href":"https:\/\/api.w.org\/{rel}","templated":true}]}}