{"id":17966,"date":"2025-09-26T20:03:07","date_gmt":"2025-09-26T20:03:07","guid":{"rendered":"https:\/\/www.europesays.com\/pl\/17966\/"},"modified":"2025-09-26T20:03:07","modified_gmt":"2025-09-26T20:03:07","slug":"mocny-glos-z-niemiec-rosja-musi-wiedziec-ze-nie-ma-szans-na-zwyciestwo","status":"publish","type":"post","link":"https:\/\/www.europesays.com\/pl\/17966\/","title":{"rendered":"Mocny g\u0142os z Niemiec. &#8222;Rosja musi wiedzie\u0107, \u017ce nie ma szans na zwyci\u0119stwo&#8221;"},"content":{"rendered":"<p class=\"ods-c-paragraph\">Johann Wadephul podkre\u015bli\u0142, \u017ce kraje Europy &#8222;nie maj\u0105 \u017cadnego interesu w eskalacji&#8221;. \u2014 Ale by\u0107 mo\u017ce Rosja chce nas z\u0142apa\u0107 w pu\u0142apk\u0119 \u2014 wskaza\u0142 w wywiadzie dla agencji Bloomberg. \u2014 Jeste\u015bmy gotowi broni\u0107 naszego terytorium \u2014 doda\u0142.<\/p>\n<p class=\"ods-c-paragraph\">Szef niemieckiej dyplomacji zastrzeg\u0142 tak\u017ce, \u017ce &#8222;Rosja musi wiedzie\u0107, \u017ce nie b\u0119dzie mia\u0142a \u017cadnych szans, by nas pokona\u0107&#8221;.<\/p>\n<p>Dalszy ci\u0105g artyku\u0142u pod materia\u0142em wideo<br \/>\nSzef MSZ Niemiec odwiedzi Polsk\u0119<\/p>\n<p class=\"ods-c-paragraph\">W poniedzia\u0142ek Wadephul b\u0119dzie w Warszawie, gdzie we\u017amie udzia\u0142 w Warsaw Security Forum (WSF). Stron\u0119 niemieck\u0105 reprezentowa\u0107 b\u0119dzie na tej konferencji tak\u017ce minister obrony RFN Boris Pistorius.<\/p>\n<p class=\"ods-c-paragraph\"><a href=\"https:\/\/wiadomosci.onet.pl\/swiat\/drony-nad-polnocnymi-niemcami-podejrzenia-o-sabotaz\/sz0hds1\" id=\"9b393876-763b-4949-8812-efdbdae16e80\" rel=\"nofollow noopener\" target=\"_blank\">W nocy z czwartku na pi\u0105tek nad Szlezwikiem-Holsztynem zaobserwowano drony<\/a> \u2014 przekaza\u0142a w pi\u0105tek Sabine Suetterlin-Waack, minister spraw wewn\u0119trznych tego kraju zwi\u0105zkowego. Szlezwik-Holsztyn graniczy z Dani\u0105, <a href=\"https:\/\/wiadomosci.onet.pl\/swiat\/drony-nad-lotniskami-w-danii-policja-i-rzad-reaguja-atak-hybrydowy\/x1y5v5l\" id=\"661997a6-1eb6-40db-b21e-3000f2fe947b\" rel=\"nofollow noopener\" target=\"_blank\">gdzie od kilku dni drony nieznanego pochodzenia zak\u0142\u00f3caj\u0105 ruch lotniczy.<\/a><\/p>\n","protected":false},"excerpt":{"rendered":"Johann Wadephul podkre\u015bli\u0142, \u017ce kraje Europy &#8222;nie maj\u0105 \u017cadnego interesu w eskalacji&#8221;. \u2014 Ale by\u0107 mo\u017ce Rosja chce&hellip;\n","protected":false},"author":2,"featured_media":17967,"comment_status":"","ping_status":"","sticky":false,"template":"","format":"standard","meta":{"footnotes":""},"categories":[14],"tags":[32,33,27,76,34,35,4909,28,31,48,25,295,46,40,41,47,80,29,30,6157,26,408,82,83,84],"class_list":{"0":"post-17966","1":"post","2":"type-post","3":"status-publish","4":"format-standard","5":"has-post-thumbnail","7":"category-swiat","8":"tag-breaking-news","9":"tag-breakingnews","10":"tag-headlines","11":"tag-inwazja_rosji_na_ukraine","12":"tag-latest-news","13":"tag-latestnews","14":"tag-livebar_tst1","15":"tag-naglowki","16":"tag-najwazniejsze-artykuly","17":"tag-nat_styl","18":"tag-news","19":"tag-niemcy","20":"tag-omp","21":"tag-polish","22":"tag-polski","23":"tag-screening_general","24":"tag-swiat","25":"tag-top-stories","26":"tag-topstories","27":"tag-warsaw_security_forum","28":"tag-wiadomosci","29":"tag-wladimir_putin","30":"tag-world","31":"tag-world-news","32":"tag-worldnews"},"share_on_mastodon":{"url":"","error":""},"_links":{"self":[{"href":"https:\/\/www.europesays.com\/pl\/wp-json\/wp\/v2\/posts\/17966","targetHints":{"allow":["GET"]}}],"collection":[{"href":"https:\/\/www.europesays.com\/pl\/wp-json\/wp\/v2\/posts"}],"about":[{"href":"https:\/\/www.europesays.com\/pl\/wp-json\/wp\/v2\/types\/post"}],"author":[{"embeddable":true,"href":"https:\/\/www.europesays.com\/pl\/wp-json\/wp\/v2\/users\/2"}],"replies":[{"embeddable":true,"href":"https:\/\/www.europesays.com\/pl\/wp-json\/wp\/v2\/comments?post=17966"}],"version-history":[{"count":0,"href":"https:\/\/www.europesays.com\/pl\/wp-json\/wp\/v2\/posts\/17966\/revisions"}],"wp:featuredmedia":[{"embeddable":true,"href":"https:\/\/www.europesays.com\/pl\/wp-json\/wp\/v2\/media\/17967"}],"wp:attachment":[{"href":"https:\/\/www.europesays.com\/pl\/wp-json\/wp\/v2\/media?parent=17966"}],"wp:term":[{"taxonomy":"category","embeddable":true,"href":"https:\/\/www.europesays.com\/pl\/wp-json\/wp\/v2\/categories?post=17966"},{"taxonomy":"post_tag","embeddable":true,"href":"https:\/\/www.europesays.com\/pl\/wp-json\/wp\/v2\/tags?post=17966"}],"curies":[{"name":"wp","href":"https:\/\/api.w.org\/{rel}","templated":true}]}}