{"id":179669,"date":"2025-12-31T09:46:11","date_gmt":"2025-12-31T09:46:11","guid":{"rendered":"https:\/\/www.europesays.com\/pl\/179669\/"},"modified":"2025-12-31T09:46:11","modified_gmt":"2025-12-31T09:46:11","slug":"horrendalne-straty-rosjan-na-froncie-te-liczby-mowia-wszystko-swiat","status":"publish","type":"post","link":"https:\/\/www.europesays.com\/pl\/179669\/","title":{"rendered":"Horrendalne straty Rosjan na froncie. Te liczby m\u00f3wi\u0105 wszystko &#8211; \u015awiat"},"content":{"rendered":"<p>Najwi\u0119cej zabitych Rosjan od pocz\u0105tku wojny<\/p>\n<p>BBC potwierdzi\u0142a to\u017csamo\u015b\u0107 oko\u0142o 160 tys. os\u00f3b, kt\u00f3re poleg\u0142y, walcz\u0105c po stronie\u00a0Kremla\u00a0<a href=\"https:\/\/polskieradio24.pl\/artykul\/3627309,pogarsza-sie-sytuacja-w-hulajpolu-i-pokrowsku-rosjanie-przesuneli-pozycje\" rel=\"nofollow noopener\" target=\"_blank\">w Ukrainie od pocz\u0105tku wojny, rozp\u0119tanej przez Rosj\u0119 na pe\u0142n\u0105 skal\u0119.<\/a> Eksperci ds. wojskowo\u015bci zastrzegaj\u0105, \u017ce liczba ta mo\u017ce stanowi\u0107 od 45 do 65 proc. rzeczywistej liczby ofiar \u015bmiertelnych. W\u00f3wczas oznacza\u0142oby to, \u017ce zgin\u0119\u0142o od 243 tys. do 352 tys. Rosjan. Brytyjska stacja nie poda\u0142a konkretnej liczby, odnosz\u0105cej si\u0119 do rekordowego wsp\u00f3\u0142czynnika \u015bmiertelno\u015bci wojskowych z Rosji w ci\u0105gu minionych dziesi\u0119ciu miesi\u0119cy. Wed\u0142ug szacunk\u00f3w, w 2024 r. 15 proc. poleg\u0142ych rosyjskich \u017co\u0142nierzy stanowili ochotnicy. W tym roku odsetek ten wyni\u00f3s\u0142 33 proc.<\/p>\n<p>&#8222;Rosja nadal rekrutuje wi\u0119cej \u017co\u0142nierzy, ni\u017c traci&#8221;<\/p>\n<p>BBC przytoczy\u0142a s\u0142owa zast\u0119pcy przewodnicz\u0105cego rosyjskiej Rady Bezpiecze\u0144stwa Narodowego, Dmitrija Miedwiediewa, kt\u00f3ry oznajmi\u0142, \u017ce do pa\u017adziernika tego roku do wojska zg\u0142osi\u0142o si\u0119 336 tys. os\u00f3b, czyli znacznie ponad 30 tys. miesi\u0119cznie. Sekretarz generalny NATO Mark Rutte powiedzia\u0142 p\u00f3\u017aniej, \u017ce co miesi\u0105c ginie oko\u0142o 25 tys. rosyjskich \u017co\u0142nierzy. &#8211; Je\u015bli obaj maj\u0105 racj\u0119, Rosja nadal rekrutuje wi\u0119cej \u017co\u0142nierzy, ni\u017c traci &#8211; podkre\u015bli\u0142a stacja.<\/p>\n<p>Redakcja tego medium poinformowa\u0142a, \u017ce roczny kontrakt dla nowego rosyjskiego rekruta mo\u017ce wynosi\u0107 maksymalnie 10 mln rubli, czyli oko\u0142o 128 tys. dolar\u00f3w. Wszystkie umowy podpisane od wrze\u015bnia 2022 r. z rosyjskim ministerstwem obrony s\u0105 automatycznie przed\u0142u\u017cane do zako\u0144czenia wojny. Wed\u0142ug NATO \u0142\u0105czna liczba zabitych i rannych Rosjan w wojnie prowadzonej w Ukrainie wynosi 1,1 mln. Jeden z urz\u0119dnik\u00f3w oszacowa\u0142, \u017ce liczba ofiar \u015bmiertelnych to oko\u0142o 250 tys. &#8211; przekaza\u0142a BBC.<\/p>\n<p>Straty Ukrainy<\/p>\n<p>Straty ponosi tak\u017ce strona ukrai\u0144ska. Prezydent Ukrainy Wo\u0142odymyr Ze\u0142enski szacowa\u0142 w lutym 2025 r. liczb\u0119 poleg\u0142ych \u017co\u0142nierzy na 46 tys., a rannych na froncie &#8211; na 380 tys. Doda\u0142 w\u00f3wczas, \u017ce dziesi\u0105tki tysi\u0119cy innych os\u00f3b zagin\u0119\u0142o w misjach lub znajduje si\u0119 w rosyjskiej niewoli. Wed\u0142ug analiz BBC liczba ofiar \u015bmiertelnych w\u015br\u00f3d ukrai\u0144skich \u017co\u0142nierzy wynosi obecnie 140 tys.<\/p>\n<p data-mrf-recirculation=\"Article - Intext links\">Czytaj tak\u017ce:<\/p>\n<ul class=\"ArticleContent_articleUlList__sA7TW\">&#13;<\/p>\n<li><a href=\"https:\/\/polskieradio24.pl\/artykul\/3626621,rosja-nie-ochronila-valdai-drony-rozerwaly-kopule-na-krymie\" target=\"_blank\" rel=\"nofollow noopener\">Rosja nie ochroni\u0142a Valdai. Drony rozerwa\u0142y kopu\u0142\u0119 na Krymie<\/a><\/li>\n<p>&#13;<\/p>\n<li><a href=\"https:\/\/polskieradio24.pl\/artykul\/3625894,wolgogradem-wstrzasnelo-20-eksplozji-pozar-widoczny-z-wielu-kilometrow\" target=\"_blank\" rel=\"nofollow noopener\">Wo\u0142gogradem wstrz\u0105sn\u0119\u0142o 20 eksplozji. Po\u017car widoczny z wielu kilometr\u00f3w<\/a><\/li>\n<p>&#13;\n<\/ul>\n<p>Od pocz\u0105tku pe\u0142noskalowej wojny, BBC, Mediazona oraz grupa wolontariuszy tworz\u0105 list\u0119 rosyjskich ofiar wojny, analizuj\u0105c oficjalne raporty, doniesienia medialne i informacje w sieciach spo\u0142eczno\u015bciowych, a tak\u017ce uwzgl\u0119dniaj\u0105c przypadki pojawienia si\u0119 nowych pomnik\u00f3w i nagrobk\u00f3w.<\/p>\n<p>\u0179r\u00f3d\u0142a: BBC\/PAP\/hjzrmb<\/p>\n","protected":false},"excerpt":{"rendered":"Najwi\u0119cej zabitych Rosjan od pocz\u0105tku wojny BBC potwierdzi\u0142a to\u017csamo\u015b\u0107 oko\u0142o 160 tys. os\u00f3b, kt\u00f3re poleg\u0142y, walcz\u0105c po stronie\u00a0Kremla\u00a0w&hellip;\n","protected":false},"author":2,"featured_media":179670,"comment_status":"","ping_status":"","sticky":false,"template":"","format":"standard","meta":{"footnotes":""},"categories":[14],"tags":[32,33,27,34,35,28,31,25,40,41,80,29,30,26,82,83,84],"class_list":{"0":"post-179669","1":"post","2":"type-post","3":"status-publish","4":"format-standard","5":"has-post-thumbnail","7":"category-swiat","8":"tag-breaking-news","9":"tag-breakingnews","10":"tag-headlines","11":"tag-latest-news","12":"tag-latestnews","13":"tag-naglowki","14":"tag-najwazniejsze-artykuly","15":"tag-news","16":"tag-polish","17":"tag-polski","18":"tag-swiat","19":"tag-top-stories","20":"tag-topstories","21":"tag-wiadomosci","22":"tag-world","23":"tag-world-news","24":"tag-worldnews"},"share_on_mastodon":{"url":"https:\/\/pubeurope.com\/@pl\/115813547201722145","error":""},"_links":{"self":[{"href":"https:\/\/www.europesays.com\/pl\/wp-json\/wp\/v2\/posts\/179669","targetHints":{"allow":["GET"]}}],"collection":[{"href":"https:\/\/www.europesays.com\/pl\/wp-json\/wp\/v2\/posts"}],"about":[{"href":"https:\/\/www.europesays.com\/pl\/wp-json\/wp\/v2\/types\/post"}],"author":[{"embeddable":true,"href":"https:\/\/www.europesays.com\/pl\/wp-json\/wp\/v2\/users\/2"}],"replies":[{"embeddable":true,"href":"https:\/\/www.europesays.com\/pl\/wp-json\/wp\/v2\/comments?post=179669"}],"version-history":[{"count":0,"href":"https:\/\/www.europesays.com\/pl\/wp-json\/wp\/v2\/posts\/179669\/revisions"}],"wp:featuredmedia":[{"embeddable":true,"href":"https:\/\/www.europesays.com\/pl\/wp-json\/wp\/v2\/media\/179670"}],"wp:attachment":[{"href":"https:\/\/www.europesays.com\/pl\/wp-json\/wp\/v2\/media?parent=179669"}],"wp:term":[{"taxonomy":"category","embeddable":true,"href":"https:\/\/www.europesays.com\/pl\/wp-json\/wp\/v2\/categories?post=179669"},{"taxonomy":"post_tag","embeddable":true,"href":"https:\/\/www.europesays.com\/pl\/wp-json\/wp\/v2\/tags?post=179669"}],"curies":[{"name":"wp","href":"https:\/\/api.w.org\/{rel}","templated":true}]}}