{"id":179671,"date":"2025-12-31T09:47:08","date_gmt":"2025-12-31T09:47:08","guid":{"rendered":"https:\/\/www.europesays.com\/pl\/179671\/"},"modified":"2025-12-31T09:47:08","modified_gmt":"2025-12-31T09:47:08","slug":"magdalena-narozna-o-smierci-18-letniego-adama-lata-temu-zostala-pobita-pod-tym-samym-klubem","status":"publish","type":"post","link":"https:\/\/www.europesays.com\/pl\/179671\/","title":{"rendered":"Magdalena Naro\u017cna o \u015bmierci 18-letniego Adama. Lata temu zosta\u0142a pobita pod tym samym klubem"},"content":{"rendered":"<p class=\"art_paragraph\">W mediach pojawi\u0142a si\u0119 tragiczna informacja. 18-letni Adam z gminy Goworowo wyjecha\u0142 ze znajomymi do klubu Skorpio na wie\u015b Wnory-Wiechy w noc \u015bwi\u0105teczn\u0105 z 25 na 26 grudnia.\u00a0M\u0142ody m\u0119\u017cczyzna by\u0142 ju\u017c w drodze powrotnej do domu i poinformowa\u0142 o tym mam\u0119 w wiadomo\u015bci SMS. Niestety, nigdy nie dotar\u0142 na miejsce. Jego cia\u0142o odnaleziono przed klubem, a odniesione obra\u017cenia g\u0142owy okaza\u0142y si\u0119 \u015bmiertelne. G\u0142os w sieci zabra\u0142a <a href=\"https:\/\/www.plotek.pl\/magdalena-narozna\" class=\"art_link\" rel=\"nofollow noopener\" target=\"_blank\">Magdalena Naro\u017cna<\/a>. Jak wyjawi\u0142a, w 2016 roku zosta\u0142a pobita przed tym samym klubem.<\/p>\n<p>\n    Zobacz wideo Te momenty wywr\u00f3ci\u0142y \u017cycie Magdy Naro\u017cnej do g\u00f3ry nogami. &#8222;Wyj\u015bcie do stanu z odzysku&#8221;\n  <\/p>\n<p> Magdalena Naro\u017cna o \u015bmierci 18-letniego Adama. Lata temu zosta\u0142a pobita przed tym samym klubem<\/p>\n<p class=\"art_paragraph\">Magdalena Naro\u017cna ma za sob\u0105 gro\u017any incydent z 2016 roku.\u00a0Do zdarzenia dosz\u0142o w momencie, gdy piosenkarka uda\u0142a si\u0119 do pracownika klubu, aby rozliczy\u0107 wyst\u0119p. Wtedy zosta\u0142a obra\u017cona s\u0142ownie i brutalnie, si\u0142owo usuni\u0119ta z lokalu. Poniewa\u017c po kilku dniach nie doczeka\u0142a si\u0119 \u017cadnych przeprosin, artystka postanowi\u0142a zg\u0142osi\u0107 spraw\u0119 organom \u015bcigania. W 2018 roku, z uwagi na wyrok s\u0105du, pracownik klubu przeprosi\u0142 artystk\u0119 za t\u0119 sytuacj\u0119. &#8211; \u017baden cz\u0142owiek nie zas\u0142uguje na takie traktowanie. (&#8230;) \u017badna z nas nie powinna by\u0107 tak potraktowana przez m\u0119\u017cczyzn\u0119. Ju\u017c nawet nie m\u00f3wi\u0119 o tym, \u017ce do zdarzenia dosz\u0142o po koncercie, na kt\u00f3rym by\u0142am gwiazd\u0105 i go\u015bciem tego cz\u0142owieka\u00a0&#8211; m\u00f3wi\u0142a w\u00f3wczas Naro\u017cna &#8222;Faktowi&#8221;.<\/p>\n<p class=\"art_paragraph\">Teraz w wywiadzie z &#8222;Faktem&#8221; Magdalena Naro\u017cna wypowiedzia\u0142a si\u0119 na temat \u015bmierci Adama. 18-latek zgin\u0105\u0142 przed tym samym klubem, w kt\u00f3rym artystka do\u015bwiadczy\u0142a\u00a0pobicia. &#8211; By\u0142am wtedy na wakacjach z rodzin\u0105, wi\u0119c te\u017c nie chcia\u0142am si\u0119 wg\u0142\u0119bia\u0107 w takie przykre sytuacje (&#8230;). Na pewno, czy by zdarzy\u0142o si\u0119 to tutaj, czy gdziekolwiek indziej, to takie rzeczy nie powinny si\u0119 wydarzy\u0107. Naprawd\u0119 to nie ma dla mnie znaczenia, czy to jest to miejsce, czy to by by\u0142o miejsce po drugiej stronie Polski &#8211; m\u00f3wi\u0142a piosenkarka.<\/p>\n<p> Magdalena Naro\u017cna wystosowa\u0142a apel do uczestnik\u00f3w dyskotek<\/p>\n<p class=\"art_paragraph\">Magdalena Naro\u017cna wystosowa\u0142a r\u00f3wnie\u017c apel do os\u00f3b, kt\u00f3re wybieraj\u0105 si\u0119 na imprezy do klub\u00f3w. Wspomnia\u0142a o wi\u0119kszej rozwadze i zabawie z my\u015bl\u0105 o bezpiecze\u0144stwie. &#8211; Troch\u0119 rozwagi, bo przemoc nigdy nie prowadzi do niczego dobrego. Ja te\u017c apeluj\u0119, bo zabawa jest jak najbardziej dobra. Kocham si\u0119 bawi\u0107, kocham gra\u0107 dla ludzi na dyskotekach i warto pomy\u015ble\u0107 o tym, \u017ceby bawi\u0107 si\u0119 z rozs\u0105dkiem, bo tutaj my\u015bl\u0119, \u017ce dla rodziny to by\u0142y najgorsze \u015bwi\u0119ta w ich \u017cyciu. Stracili syna, wnuczka, najbli\u017csz\u0105 osob\u0119, brata&#8230; Wsp\u00f3\u0142czuj\u0119 i mam nadziej\u0119, \u017ce takie sytuacje nie b\u0119d\u0105 si\u0119 nigdzie wydarza\u0142y, a o mojej sytuacji na szcz\u0119\u015bcie ju\u017c zapomnia\u0142am i nie chc\u0119 do tego wraca\u0107\u00a0&#8211; wyzna\u0142a &#8222;Faktowi&#8221;.\u00a0ZOBACZ TE\u017b: <a href=\"https:\/\/www.plotek.pl\/plotek\/7,154063,31969390,nie-zgadniecie-kim-z-zawodu-jest-narozna-niewykluczone-ze.html\" class=\"art_link\" rel=\"dofollow noopener\" target=\"_blank\">Nie zgadniecie, kim z zawodu jest Naro\u017cna. Niewykluczone, \u017ce przyjmowa\u0142a was w gabinecie<\/a><\/p>\n","protected":false},"excerpt":{"rendered":"W mediach pojawi\u0142a si\u0119 tragiczna informacja. 18-letni Adam z gminy Goworowo wyjecha\u0142 ze znajomymi do klubu Skorpio na&hellip;\n","protected":false},"author":2,"featured_media":179672,"comment_status":"","ping_status":"","sticky":false,"template":"","format":"standard","meta":{"footnotes":""},"categories":[12],"tags":[32,33,36,37,27,34,35,28,31,25,42,38,40,39,41,29,30,26],"class_list":{"0":"post-179671","1":"post","2":"type-post","3":"status-publish","4":"format-standard","5":"has-post-thumbnail","7":"category-polska","8":"tag-breaking-news","9":"tag-breakingnews","10":"tag-featured-news","11":"tag-featurednews","12":"tag-headlines","13":"tag-latest-news","14":"tag-latestnews","15":"tag-naglowki","16":"tag-najwazniejsze-artykuly","17":"tag-news","18":"tag-pl","19":"tag-poland","20":"tag-polish","21":"tag-polska","22":"tag-polski","23":"tag-top-stories","24":"tag-topstories","25":"tag-wiadomosci"},"share_on_mastodon":{"url":"https:\/\/pubeurope.com\/@pl\/115813551294360891","error":""},"_links":{"self":[{"href":"https:\/\/www.europesays.com\/pl\/wp-json\/wp\/v2\/posts\/179671","targetHints":{"allow":["GET"]}}],"collection":[{"href":"https:\/\/www.europesays.com\/pl\/wp-json\/wp\/v2\/posts"}],"about":[{"href":"https:\/\/www.europesays.com\/pl\/wp-json\/wp\/v2\/types\/post"}],"author":[{"embeddable":true,"href":"https:\/\/www.europesays.com\/pl\/wp-json\/wp\/v2\/users\/2"}],"replies":[{"embeddable":true,"href":"https:\/\/www.europesays.com\/pl\/wp-json\/wp\/v2\/comments?post=179671"}],"version-history":[{"count":0,"href":"https:\/\/www.europesays.com\/pl\/wp-json\/wp\/v2\/posts\/179671\/revisions"}],"wp:featuredmedia":[{"embeddable":true,"href":"https:\/\/www.europesays.com\/pl\/wp-json\/wp\/v2\/media\/179672"}],"wp:attachment":[{"href":"https:\/\/www.europesays.com\/pl\/wp-json\/wp\/v2\/media?parent=179671"}],"wp:term":[{"taxonomy":"category","embeddable":true,"href":"https:\/\/www.europesays.com\/pl\/wp-json\/wp\/v2\/categories?post=179671"},{"taxonomy":"post_tag","embeddable":true,"href":"https:\/\/www.europesays.com\/pl\/wp-json\/wp\/v2\/tags?post=179671"}],"curies":[{"name":"wp","href":"https:\/\/api.w.org\/{rel}","templated":true}]}}