{"id":179687,"date":"2025-12-31T09:55:04","date_gmt":"2025-12-31T09:55:04","guid":{"rendered":"https:\/\/www.europesays.com\/pl\/179687\/"},"modified":"2025-12-31T09:55:04","modified_gmt":"2025-12-31T09:55:04","slug":"graffiti-eurodeputowany-psl-adam-jarubas-przeciw-umowie-z-mercosur","status":"publish","type":"post","link":"https:\/\/www.europesays.com\/pl\/179687\/","title":{"rendered":"&#8222;Graffiti&#8221;. Eurodeputowany PSL Adam Jarubas przeciw umowie z Mercosur"},"content":{"rendered":"<p>Umowa reguluj\u0105ca handel mi\u0119dzy krajami Unii Europejskiej a Marcosuru budzi kontrowersje z uwagi na &#8211; jak wskazuj\u0105 protestuj\u0105cy &#8211; zagro\u017cenie dla rodzimych rynk\u00f3w i europejskiego rolnictwa. Podobne zdanie wyrazi\u0142 w rozmowie z Marcinem Fijo\u0142kiem w &#8222;Graffiti&#8221; europose\u0142 PSL Adam Jarubas.<\/p>\n<p>\u00a0<\/p>\n<p>&#8211; My wspieramy tych rolnik\u00f3w, kt\u00f3rzy protestuj\u0105, bo faktycznie konsekwencje przyj\u0119cia tego porozumienia mog\u0142yby by\u0107 zw\u0142aszcza dla polskiego sektora rolnego katastrofalne, w odniesieniu do dw\u00f3ch sektor\u00f3w drobiu gdzie jeste\u015bmy liderem europejskim, byd\u0142a, gdzie jeste\u015bmy jednym z trzech lider\u00f3w europejskich, to s\u0105 rzeczywi\u015bcie tysi\u0105ce miejsc pracy, wi\u0119c uwa\u017camy, \u017ce ta umowa powinna by\u0107 zablokowana &#8211; podkre\u015bli\u0142 europose\u0142.<\/p>\n<p>Umowa UE z Mercosurem. &#8222;B\u0119dziemy g\u0142osowa\u0107 za wnioskiem do TSUE&#8221;<\/p>\n<p>&#8211; Je\u015bli nie uda si\u0119 zbudowa\u0107 mniejszo\u015bci blokuj\u0105cej, b\u0119dziemy g\u0142osowa\u0107 za wnioskiem do Trybuna\u0142u Sprawiedliwo\u015bci, kt\u00f3ry &#8211; je\u015bli zostanie przyj\u0119ty &#8211; de facto zablokuje umow\u0119 na dwa-trzy lata &#8211; zapowiedzia\u0142 Jarubas.<\/p>\n<p>\u00a0<\/p>\n<p>Eurodeputowany doda\u0142, \u017ce je\u015bli jednak wdro\u017cenia porozumienia handlowego nie da si\u0119 zablokowa\u0107, wraz ze swoimi koalicjantami b\u0119dzie domaga\u0142 si\u0119 zapisania twardych zasad, kt\u00f3re zabezpiecz\u0105 interesy nie tylko rolnik\u00f3w, ale tak\u017ce konsument\u00f3w. Wskaza\u0142 przy tym na elementy konkurencyjno\u015bci i bezpiecze\u0144stwa produkcji \u017cywno\u015bci.<\/p>\n<p>\u00a0<\/p>\n<p>ZOBACZ: <a href=\"https:\/\/www.polsatnews.pl\/wiadomosc\/2025-12-30\/rolnicy-protestuja-przeciwko-umowie-ue-z-mercosur-manifestacje-odbywaja-sie-w-calej-polsce\/\" target=\"_blank\" rel=\"noopener noreferrer nofollow\">Rolnicy protestuj\u0105 przeciwko Mercosurowi. Manifestacje w ca\u0142ej Polsce<\/a><\/p>\n<p>\u00a0<\/p>\n<p>Jak zauwa\u017cy\u0142 Jarubas, wytyczne dotycz\u0105ce produkcji rolnej w krajach Mercosuru s\u0105 zdecydowanie mniej rygorystyczne ni\u017c te, do kt\u00f3rych przestrzegania zobowi\u0105zano rolnik\u00f3w z teren\u00f3w UE.<\/p>\n<p>\u00a0<\/p>\n<p>Wed\u0142ug polityka ze \u015brodowiska koalicji rz\u0105dz\u0105cej inny europose\u0142 PSL &#8211; Krzysztof Hetman &#8211; wni\u00f3s\u0142 do stanowiska Parlamentu Europejskiego szereg poprawek popartych przed wi\u0119kszo\u015b\u0107 parlamentarn\u0105, jak np. &#8222;zasada symetrycznych wymog\u00f3w dotycz\u0105cych jako\u015bci produkcji \u017cywno\u015bci&#8221;. W sprawie tej 7 stycznia ma tak\u017ce prowadzi\u0107 rozmowy minister rolnictwa Stefan Krajewski.<\/p>\n<p>&#8222;Od pocz\u0105tku byli\u015bmy przeciwko&#8221;. Europose\u0142 skrytykowa\u0142 polityk\u00f3w PiS<\/p>\n<p>&#8211; PSL i ten rz\u0105d (Donalda Tuska &#8211; red.) od pocz\u0105tku by\u0142 przeciwko tej umowie &#8211; zapewni\u0142 Jarubas. Doda\u0142, \u017ce nie robi\u0142 tego poprzedni rz\u0105d, kt\u00f3ry &#8222;podpisywa\u0142 si\u0119 pod konkluzjami&#8221; Rady Europejskiej, \u017ceby przyspiesza\u0107 prace nad t\u0105 umow\u0105.<\/p>\n<p>\u00a0<\/p>\n<p>Na uwag\u0119 Marcina Fijo\u0142ka, \u017ce protestuj\u0105cych rolnik\u00f3w mog\u0105 nie satysfakcjonowa\u0107 zapewnienia o wprowadzanych zasadach do umowy z krajami paktu Marcosur, europose\u0142 odpar\u0142, i\u017c to rozumie, ale dziwi si\u0119 temu, kto jako pierwszy przyby\u0142 na protesty. &#8211; Ci, kt\u00f3rzy maj\u0105 najwi\u0119cej na sumieniu, politycy PiS, kt\u00f3rych reprezentanci, jak komisarz Wojciechowski czy minister Czaputowicz wr\u0119cz poklepywali si\u0119 z ministrami Brazylii czy z Argentyny i m\u00f3wili, \u017ce to jest dobre porozumienie &#8211; sprecyzowa\u0142.<\/p>\n<p>\u00a0<\/p>\n<p>&#8211; Nie chcemy ws. Mercosur przegra\u0107 1:27. Chcemy go zablokowa\u0107, odwlec w czasie, a przynajmniej zabezpieczy\u0107 interesy rolnik\u00f3w w klauzulach. Dziwi\u0119 si\u0119, \u017ce na protestach byli politycy PiS, kt\u00f3rzy maj\u0105 tu najwi\u0119cej na sumieniu &#8211; podkre\u015bli\u0142.<\/p>\n<p>\u00a0<\/p>\n<p>WIDEO: Europose\u0142 PSL Adam Jarubas w programie &#8222;Graffiti&#8221;<\/p>\n<p>\u00a0<\/p>\n<p><img decoding=\"async\" src=\"https:\/\/www.europesays.com\/pl\/wp-content\/uploads\/2025\/12\/hs3wqxh8d9nyb6d4vxr7ibxe4mq1irfh.jpg\" alt=\"\" itemprop=\"contentUrl\" style=\"position:absolute; width: 100%; max-height: 100%;\"\/><video controls=\"\" controlslist=\"nodownload\" poster=\"https:\/\/www.europesays.com\/pl\/wp-content\/uploads\/2025\/12\/hs3wqxh8d9nyb6d4vxr7ibxe4mq1irfh.jpg\" class=\"videoPlayer player6856377 news__video\" data-id=\"6856377\">Twoja przegl\u0105darka nie wspiera odtwarzacza wideo&#8230;<\/video><\/p>\n<p>Nastroje w Europarlamencie po rozmowie Trump &#8211; Ze\u0142enski<\/p>\n<p>Marcin Fijo\u0142ek zapyta\u0142 go\u015bcia &#8222;Graffiti&#8221; tak\u017ce o to, jak Parlament Europejski ocenia obecn\u0105 sytuacj\u0119 w sprawie d\u0105\u017cenia do zapewnienia pokoju w Ukrainie. &#8211; Czy w PE wierzy si\u0119 w scenariusz pokoju? &#8211; zwr\u00f3ci\u0142 si\u0119 do europos\u0142a.<\/p>\n<p>\u00a0<\/p>\n<p>&#8211; My wiemy, \u017ce najwi\u0119cej politycznie wa\u017cy zaanga\u017cowanie USA, ale je\u015bli popatrzymy na realne zaanga\u017cowanie finansowe (&#8230;) te zaanga\u017cowanie UE, blisko 100 mld euro, gwarantuj\u0105 bezpiecze\u0144stwo Europy, ale te\u017c Polski, dlatego Polska od dawna by\u0142a rzecznikiem silnego zaanga\u017cowania europejskiego w te sprawy &#8211; odpowiedzia\u0142 Jarubas.<\/p>\n<p>\u00a0<\/p>\n<p>ZOBACZ: <a href=\"https:\/\/www.polsatnews.pl\/wiadomosc\/2025-12-30\/rozmowa-liderow-europy-donald-tusk-pokoj-w-ukrainie-jest-na-horyzoncie\/\" target=\"_blank\" rel=\"noopener noreferrer nofollow\">&#8222;Pok\u00f3j na horyzoncie&#8221;. Donald Tusk po pilnym spotkaniu lider\u00f3w<\/a><\/p>\n<p>\u00a0<\/p>\n<p>Polityk PSL doda\u0142, \u017ce Putin b\u0119dzie gra\u0142 na czas, dlatego \u017ce ka\u017cde rozwi\u0105zanie, kt\u00f3re nie spe\u0142ni \u017c\u0105da\u0144 wysuwanych od 2021 roku, nie b\u0119dzie go satysfakcjonowa\u0142o. Jak wskaza\u0142, za wizj\u0105 przed\u0142u\u017cania konfliktu przemawia &#8222;mindset, spos\u00f3b uprawiania polityki oraz autorytaryzm Putina i Kremla&#8221;.<\/p>\n<p>\u00a0<\/p>\n<p>&#8211; To jest konflikt, kt\u00f3ry wyniszcza oba narody, niestety rezerwy Rosji s\u0105 wi\u0119ksze &#8211; oceni\u0142 i wyrazi\u0142 nadziej\u0119, \u017ce Stany Zjednoczone wywr\u0105 nacisk wok\u00f3\u0142 omawianego 20-punktowego planu pokojowego. Jak przypomnia\u0142, problematyczne w planie pozostaj\u0105 kwestie terytorialne, w tym dotycz\u0105ce granicy w Donbasie i elektrowni w Zaporo\u017cu. &#8211; Tutaj jaki\u015b rodzaj konsensusu musi by\u0107 wypracowany &#8211; podsumowa\u0142.<\/p>\n<p>Wsp\u00f3\u0142praca rz\u0105du z prezydentem. Jarubas: Tego oczekuj\u0105c Polacy<\/p>\n<p>W programie &#8222;Graffiti&#8221; Adam Jarubas pozytywnie oceni\u0142 tak\u017ce pr\u00f3by poprawy relacji rz\u0105du z prezydentem Karolem Nawrockim. Zar\u00f3wno premier Donald Tusk, jak i wicepremierzy &#8211; szef MON W\u0142adys\u0142aw Kosiniak-Kamysz i szef MSZ Rados\u0142aw Sikorski &#8211; wyrazili ch\u0119\u0107 spotkania z g\u0142ow\u0105 pa\u0144stwa.<\/p>\n<p>\u00a0<\/p>\n<p>&#8211; Tego oczekuj\u0105 Polacy, zw\u0142aszcza wok\u00f3\u0142 tych spraw dotycz\u0105cych bezpiecze\u0144stwa. (&#8230;) Pan prezydent ma wi\u0119ksze zdolno\u015bci w relacjach transatlantyckich &#8211; jak sama jego kancelaria podnosi &#8211; a z kolei rz\u0105d w relacjach europejskich &#8211; powiedzia\u0142 europose\u0142.<\/p>\n<p>\u00a0<\/p>\n<p>Polityk oceni\u0142 te\u017c, \u017ce w ostatnich czasie wiele si\u0119 dzia\u0142o, zapad\u0142y pierwsze stanowcze deklaracje USA w sprawie gwarancji bezpiecze\u0144stwa dla Ukrainy. &#8211; Tutaj kluczowe jest wsp\u00f3\u0142dzia\u0142anie, wymiana informacji, mam nadziej\u0119, \u017ce te kana\u0142y zostan\u0105 udro\u017cnione. Mam nadziej\u0119, \u017ce\u00a0nie b\u0119dzie trzeba si\u0119 doprasza\u0107, \u017ceby jeden o\u015brodek drugiemu przekazywa\u0142 jakie\u015b notatki. Mo\u017cna si\u0119 nie lubi\u0107, ale ten podstawowy poziom informacji (musi istnie\u0107 &#8211; red.) &#8211; doda\u0142.<\/p>\n<p>\u00a0<\/p>\n<p>Widzia\u0142e\u015b co\u015b wa\u017cnego? Przy\u015blij zdj\u0119cie, film lub napisz, co si\u0119 sta\u0142o. Skorzystaj z naszej <a href=\"https:\/\/www.polsatnews.pl\/platforma-widzow\/\" target=\"_blank\" rel=\"noopener noreferrer nofollow\">Wrzutni<\/a><\/p>\n<p>                <img decoding=\"async\" src=\"https:\/\/www.europesays.com\/pl\/wp-content\/uploads\/2025\/12\/j5nxaavxpvprkpryr99fncpcyjg4a5ao.jpg\" alt=\"\" itemprop=\"contentUrl\" style=\"position:absolute; width: 100%; max-height: 100%;\"\/><video controls=\"\" controlslist=\"nodownload\" poster=\"https:\/\/www.europesays.com\/pl\/wp-content\/uploads\/2025\/12\/j5nxaavxpvprkpryr99fncpcyjg4a5ao.jpg\" class=\"videoPlayer player6855981 news__video\" data-id=\"6855981\">Twoja przegl\u0105darka nie wspiera odtwarzacza wideo&#8230;<\/video><\/p>\n<p>                <a class=\"news__read-more-button\" href=\"https:\/\/www.polsatnews.pl\/\" rel=\"nofollow noopener\" target=\"_blank\">Czytaj wi\u0119cej<\/a><\/p>\n","protected":false},"excerpt":{"rendered":"Umowa reguluj\u0105ca handel mi\u0119dzy krajami Unii Europejskiej a Marcosuru budzi kontrowersje z uwagi na &#8211; jak wskazuj\u0105 protestuj\u0105cy&hellip;\n","protected":false},"author":2,"featured_media":179688,"comment_status":"","ping_status":"","sticky":false,"template":"","format":"standard","meta":{"footnotes":""},"categories":[5],"tags":[32,33,36,37,27,34,35,28,31,25,42,38,40,39,41,29,30,26],"class_list":{"0":"post-179687","1":"post","2":"type-post","3":"status-publish","4":"format-standard","5":"has-post-thumbnail","7":"category-naglowki","8":"tag-breaking-news","9":"tag-breakingnews","10":"tag-featured-news","11":"tag-featurednews","12":"tag-headlines","13":"tag-latest-news","14":"tag-latestnews","15":"tag-naglowki","16":"tag-najwazniejsze-artykuly","17":"tag-news","18":"tag-pl","19":"tag-poland","20":"tag-polish","21":"tag-polska","22":"tag-polski","23":"tag-top-stories","24":"tag-topstories","25":"tag-wiadomosci"},"share_on_mastodon":{"url":"","error":""},"_links":{"self":[{"href":"https:\/\/www.europesays.com\/pl\/wp-json\/wp\/v2\/posts\/179687","targetHints":{"allow":["GET"]}}],"collection":[{"href":"https:\/\/www.europesays.com\/pl\/wp-json\/wp\/v2\/posts"}],"about":[{"href":"https:\/\/www.europesays.com\/pl\/wp-json\/wp\/v2\/types\/post"}],"author":[{"embeddable":true,"href":"https:\/\/www.europesays.com\/pl\/wp-json\/wp\/v2\/users\/2"}],"replies":[{"embeddable":true,"href":"https:\/\/www.europesays.com\/pl\/wp-json\/wp\/v2\/comments?post=179687"}],"version-history":[{"count":0,"href":"https:\/\/www.europesays.com\/pl\/wp-json\/wp\/v2\/posts\/179687\/revisions"}],"wp:featuredmedia":[{"embeddable":true,"href":"https:\/\/www.europesays.com\/pl\/wp-json\/wp\/v2\/media\/179688"}],"wp:attachment":[{"href":"https:\/\/www.europesays.com\/pl\/wp-json\/wp\/v2\/media?parent=179687"}],"wp:term":[{"taxonomy":"category","embeddable":true,"href":"https:\/\/www.europesays.com\/pl\/wp-json\/wp\/v2\/categories?post=179687"},{"taxonomy":"post_tag","embeddable":true,"href":"https:\/\/www.europesays.com\/pl\/wp-json\/wp\/v2\/tags?post=179687"}],"curies":[{"name":"wp","href":"https:\/\/api.w.org\/{rel}","templated":true}]}}