{"id":179755,"date":"2025-12-31T10:36:12","date_gmt":"2025-12-31T10:36:12","guid":{"rendered":"https:\/\/www.europesays.com\/pl\/179755\/"},"modified":"2025-12-31T10:36:12","modified_gmt":"2025-12-31T10:36:12","slug":"trudne-warunki-na-swietokrzyskich-drogach","status":"publish","type":"post","link":"https:\/\/www.europesays.com\/pl\/179755\/","title":{"rendered":"Trudne warunki na \u015bwi\u0119tokrzyskich drogach"},"content":{"rendered":"<p>    Trudne warunki na \u015bwi\u0119tokrzyskich drogach                   Trudne warunki na \u015bwi\u0119tokrzyskich drogach. Jazd\u0119 utrudnia padaj\u0105cy miejscami \u015bnieg. Jest \u015blisko, ale wszystkie drogi s\u0105 przejezdne.<\/p>\n<p>Na trasy krajowe wyjecha\u0142o 26 piaskarek. Tu nawierzchnie s\u0105 przewa\u017cnie czarne, mokre. Miejscami mo\u017cna jednak napotka\u0107 b\u0142oto po\u015bniegowe. Tak jest m.in. na DK 74 jad\u0105c od Cedzyny.<\/p>\n<p>Na drogach wojew\u00f3dzkich miejscami jest bia\u0142o, trzeba te\u017c liczy\u0107 si\u0119 z jazd\u0105 po b\u0142ocie po\u015bniegowym. Najlepsza sytuacja jest na p\u00f3\u0142nocnym \u2013 zachodzie regionu, gdzie opady \u015bniegu s\u0105 niewielkie.<\/p>\n<p>W Kielcach z kolei pada do\u015b\u0107 intensywnie i na ulicach le\u017cy \u015bwie\u017cy \u015bnieg lub b\u0142oto po\u015bniegowe.<\/p>\n<p>Kierowc\u00f3w prosimy o zachowanie rozs\u0105dku i dostosowanie pr\u0119dko\u015bci do panuj\u0105cych warunk\u00f3w.<\/p>\n<p><a href=\"https:\/\/radiokielce.pl\/co-na-drogach\/\" rel=\"nofollow noopener\" target=\"_blank\"><img loading=\"lazy\" decoding=\"async\" class=\"aligncenter wp-image-1298552 size-full\" title=\"RADIO KIELCE - CO NA DROGACH\" src=\"https:\/\/www.europesays.com\/pl\/wp-content\/uploads\/2025\/12\/RADIO-KIELCE-CO-NA-DROGACH-radiokielce-2.jpg\" alt=\"RADIO KIELCE - CO NA DROGACH\" width=\"1800\" height=\"422\"  \/><\/a><\/p>\n<p>\u00a0<\/p>\n<p>    <a href=\"#\" aria-label=\"Search Button\" class=\"jeg_search_toggle\"><\/a><\/p>\n<p> Brak wynik\u00f3w<\/p>\n<p>  Poka\u017c wszystko<\/p>\n<p>Copyright \u00a9 Polskie Radio Regionalna Rozg\u0142o\u015bnia w Kielcach &#8222;Radio Kielce&#8221; SA 2025.<\/p>\n<p>Ta witryna wykorzystuje pliki cookie. Kontynuuj\u0105c przegl\u0105danie wyra\u017casz zgod\u0119 na ich u\u017cywanie. Zach\u0119camy do odwiedzenia naszej strony <a href=\"https:\/\/radiokielce.pl\/polityka-prywatnosci\" rel=\"nofollow noopener\" target=\"_blank\">Polityki prywatno\u015bci<\/a>. Rozumiem        <\/p>\n","protected":false},"excerpt":{"rendered":"Trudne warunki na \u015bwi\u0119tokrzyskich drogach Trudne warunki na \u015bwi\u0119tokrzyskich drogach. Jazd\u0119 utrudnia padaj\u0105cy miejscami \u015bnieg. Jest \u015blisko, ale&hellip;\n","protected":false},"author":2,"featured_media":179756,"comment_status":"","ping_status":"","sticky":false,"template":"","format":"standard","meta":{"footnotes":""},"categories":[12],"tags":[32,33,36,37,27,34,35,28,31,25,42,38,40,39,41,29,30,26],"class_list":{"0":"post-179755","1":"post","2":"type-post","3":"status-publish","4":"format-standard","5":"has-post-thumbnail","7":"category-polska","8":"tag-breaking-news","9":"tag-breakingnews","10":"tag-featured-news","11":"tag-featurednews","12":"tag-headlines","13":"tag-latest-news","14":"tag-latestnews","15":"tag-naglowki","16":"tag-najwazniejsze-artykuly","17":"tag-news","18":"tag-pl","19":"tag-poland","20":"tag-polish","21":"tag-polska","22":"tag-polski","23":"tag-top-stories","24":"tag-topstories","25":"tag-wiadomosci"},"share_on_mastodon":{"url":"https:\/\/pubeurope.com\/@pl\/115813743485584853","error":""},"_links":{"self":[{"href":"https:\/\/www.europesays.com\/pl\/wp-json\/wp\/v2\/posts\/179755","targetHints":{"allow":["GET"]}}],"collection":[{"href":"https:\/\/www.europesays.com\/pl\/wp-json\/wp\/v2\/posts"}],"about":[{"href":"https:\/\/www.europesays.com\/pl\/wp-json\/wp\/v2\/types\/post"}],"author":[{"embeddable":true,"href":"https:\/\/www.europesays.com\/pl\/wp-json\/wp\/v2\/users\/2"}],"replies":[{"embeddable":true,"href":"https:\/\/www.europesays.com\/pl\/wp-json\/wp\/v2\/comments?post=179755"}],"version-history":[{"count":0,"href":"https:\/\/www.europesays.com\/pl\/wp-json\/wp\/v2\/posts\/179755\/revisions"}],"wp:featuredmedia":[{"embeddable":true,"href":"https:\/\/www.europesays.com\/pl\/wp-json\/wp\/v2\/media\/179756"}],"wp:attachment":[{"href":"https:\/\/www.europesays.com\/pl\/wp-json\/wp\/v2\/media?parent=179755"}],"wp:term":[{"taxonomy":"category","embeddable":true,"href":"https:\/\/www.europesays.com\/pl\/wp-json\/wp\/v2\/categories?post=179755"},{"taxonomy":"post_tag","embeddable":true,"href":"https:\/\/www.europesays.com\/pl\/wp-json\/wp\/v2\/tags?post=179755"}],"curies":[{"name":"wp","href":"https:\/\/api.w.org\/{rel}","templated":true}]}}