{"id":179763,"date":"2025-12-31T10:42:11","date_gmt":"2025-12-31T10:42:11","guid":{"rendered":"https:\/\/www.europesays.com\/pl\/179763\/"},"modified":"2025-12-31T10:42:11","modified_gmt":"2025-12-31T10:42:11","slug":"rosja-zaatakowala-odesse-cztery-osoby-ranne","status":"publish","type":"post","link":"https:\/\/www.europesays.com\/pl\/179763\/","title":{"rendered":"Rosja zaatakowa\u0142a Odess\u0119. Cztery osoby ranne"},"content":{"rendered":"<p>W nocy z\u00a0wtorku na \u015brod\u0119 Rosja przeprowadzi\u0142a kolejny atak na region Odessy w\u00a0Ukrainie. Podczas operacji z\u00a0u\u017cyciem dron\u00f3w uszkodzone zosta\u0142y budynki mieszkalne i\u00a0infrastruktura miasta. Agencja Reuters informuje, \u017ce ranne zosta\u0142y cztery osoby, w\u00a0tym troje dzieci. Jedno z\u00a0nich ma zaledwie siedem miesi\u0119cy. <\/p>\n<p>Rolnicy o\u00a0ustawie \u0142a\u0144cuchowej. &#8222;Troszk\u0119 dziwny temat&#8221; <\/p>\n<p>Pierwsze eksplozje odnotowano chwil\u0119 po p\u00f3\u0142nocy. &#8222;To kolejny dow\u00f3d na to, \u017ce Rosja atakuje ludno\u015b\u0107 cywiln\u0105&#8221; \u2013 stwierdzi\u0142 Serhii Lysak, szef administracji wojskowej Odessy. W\u00a0wyniku ataku cz\u0119\u015b\u0107 miasta zosta\u0142a pozbawiona ogrzewania, pr\u0105du i\u00a0wody. <\/p>\n<p>Odessa, g\u0142\u00f3wny port nad Morzem Czarnym, by\u0142a wielokrotnie atakowana przez rosyjsk\u0105 armi\u0119, ostatnio <a href=\"https:\/\/wiadomosci.wp.pl\/zniszczenia-w-porcie-rosja-znow-atakuje-odesse-7235411565808128a?&amp;utm_source=combreak\" rel=\"noopener noreferrer nofollow\" target=\"_blank\">zaledwie tydzie\u0144 temu 23 grudnia<\/a>. W\u00a0tamtym przypadku do zniszcze\u0144 dosz\u0142o bezpo\u015brednio w\u00a0porcie, a\u00a0uszkodzony zosta\u0142 jeden ze statk\u00f3w. Par\u0119 dni wcze\u015bniej w\u00a0Odessie po rosyjskim ataku zgin\u0119\u0142o osiem os\u00f3b, a\u00a027 zosta\u0142o rannych. <\/p>\n<p>Wczoraj w\u00a0regionie moskiewskim dosz\u0142o do powa\u017cnej awarii zasilania. Ponad p\u00f3\u0142 miliona os\u00f3b zosta\u0142o pozbawionych pr\u0105du \u2013\u00a0informuje ukrai\u0144ski portal UNN, powo\u0142uj\u0105c si\u0119 na rosyjskie kana\u0142y Telegramu. Rosyjskie kana\u0142y informacyjne donosz\u0105, \u017ce znaczna cz\u0119\u015b\u0107 Moskwy jest obecnie pozbawiona pr\u0105du w zwi\u0105zku z\u00a0atakiem dron\u00f3w na stolic\u0119 Rosji. <\/p>\n<p>Przed awari\u0105 w\u00a0regionie moskiewskim s\u0142ycha\u0107 by\u0142o odg\u0142osy dron\u00f3w. Obecnie wiadomo, \u017ce oko\u0142o 600 tys. mieszka\u0144c\u00f3w zosta\u0142o pozbawionych pr\u0105du. Ponadto odnotowano trafienia w\u00a0okolicach okupowanego Melitopola. Miasto jest cz\u0119\u015bciowo pozbawione zasilania.<\/p>\n<p>\u0179r\u00f3d\u0142o: WP \/\u00a0Reuters \/\u00a0The Kyiv Independent \/\u00a0Wyborcza<\/p>\n","protected":false},"excerpt":{"rendered":"W nocy z\u00a0wtorku na \u015brod\u0119 Rosja przeprowadzi\u0142a kolejny atak na region Odessy w\u00a0Ukrainie. Podczas operacji z\u00a0u\u017cyciem dron\u00f3w uszkodzone&hellip;\n","protected":false},"author":2,"featured_media":179764,"comment_status":"","ping_status":"","sticky":false,"template":"","format":"standard","meta":{"footnotes":""},"categories":[14],"tags":[32,33,27,34,35,28,31,25,40,41,80,29,30,26,82,83,84],"class_list":{"0":"post-179763","1":"post","2":"type-post","3":"status-publish","4":"format-standard","5":"has-post-thumbnail","7":"category-swiat","8":"tag-breaking-news","9":"tag-breakingnews","10":"tag-headlines","11":"tag-latest-news","12":"tag-latestnews","13":"tag-naglowki","14":"tag-najwazniejsze-artykuly","15":"tag-news","16":"tag-polish","17":"tag-polski","18":"tag-swiat","19":"tag-top-stories","20":"tag-topstories","21":"tag-wiadomosci","22":"tag-world","23":"tag-world-news","24":"tag-worldnews"},"share_on_mastodon":{"url":"https:\/\/pubeurope.com\/@pl\/115813767127346800","error":""},"_links":{"self":[{"href":"https:\/\/www.europesays.com\/pl\/wp-json\/wp\/v2\/posts\/179763","targetHints":{"allow":["GET"]}}],"collection":[{"href":"https:\/\/www.europesays.com\/pl\/wp-json\/wp\/v2\/posts"}],"about":[{"href":"https:\/\/www.europesays.com\/pl\/wp-json\/wp\/v2\/types\/post"}],"author":[{"embeddable":true,"href":"https:\/\/www.europesays.com\/pl\/wp-json\/wp\/v2\/users\/2"}],"replies":[{"embeddable":true,"href":"https:\/\/www.europesays.com\/pl\/wp-json\/wp\/v2\/comments?post=179763"}],"version-history":[{"count":0,"href":"https:\/\/www.europesays.com\/pl\/wp-json\/wp\/v2\/posts\/179763\/revisions"}],"wp:featuredmedia":[{"embeddable":true,"href":"https:\/\/www.europesays.com\/pl\/wp-json\/wp\/v2\/media\/179764"}],"wp:attachment":[{"href":"https:\/\/www.europesays.com\/pl\/wp-json\/wp\/v2\/media?parent=179763"}],"wp:term":[{"taxonomy":"category","embeddable":true,"href":"https:\/\/www.europesays.com\/pl\/wp-json\/wp\/v2\/categories?post=179763"},{"taxonomy":"post_tag","embeddable":true,"href":"https:\/\/www.europesays.com\/pl\/wp-json\/wp\/v2\/tags?post=179763"}],"curies":[{"name":"wp","href":"https:\/\/api.w.org\/{rel}","templated":true}]}}