{"id":179771,"date":"2025-12-31T10:48:07","date_gmt":"2025-12-31T10:48:07","guid":{"rendered":"https:\/\/www.europesays.com\/pl\/179771\/"},"modified":"2025-12-31T10:48:07","modified_gmt":"2025-12-31T10:48:07","slug":"dramat-w-urzedach-pracy-o-60-proc-mniej-ofert-tak-zle-nie-bylo-od-ponad-20-lat","status":"publish","type":"post","link":"https:\/\/www.europesays.com\/pl\/179771\/","title":{"rendered":"Dramat w urz\u0119dach pracy. O 60 proc. mniej ofert. Tak \u017ale nie by\u0142o od ponad 20 lat"},"content":{"rendered":"<p> Niekorzystna tendencja na rynku pracy<\/p>\n<p class=\"art_paragraph\">Wska\u017anik Rynku Pracy (WRP), kt\u00f3ry informuje z wyprzedzeniem o przysz\u0142ych zmianach wielko\u015bci bezrobocia, w grudniu 2025 r. wyni\u00f3s\u0142 72,9 pkt. Oznacza to wzrost o 0,1 pkt wobec listopada &#8211; powiadomi\u0142o Biuro Inwestycji i Cykli Ekonomicznych (BIEC). Ni\u017cszy odczyt oznacza lepsz\u0105 oczekiwan\u0105 sytuacj\u0119 na rynku <a href=\"https:\/\/next.gazeta.pl\/praca#anchorLink\" rel=\"nofollow noopener\" target=\"_blank\">pracy<\/a>.<\/p>\n<p class=\"art_paragraph\">W ci\u0105gu ostatnich dwunastu miesi\u0119cy powy\u017cszy wska\u017anik wykazywa\u0142 zdecydowan\u0105 tendencj\u0119 do wzrostu (o blisko 5 punkt\u00f3w), co zapowiada\u0142o pewne pogorszenie na rynku pracy i wzrost stopy bezrobocia rejestrowanego. W listopadzie 2025 r. stopa bezrobocia rejestrowanego wynios\u0142a 5,6 proc. (wobec 5 proc. przed rokiem). Po cz\u0119\u015bci by\u0142 to efekt zmniejszonego popytu na pracownik\u00f3w, a po cz\u0119\u015bci efekt zmian wprowadzonych w zasadach funkcjonowania powiatowych urz\u0119d\u00f3w pracy oraz zasad rejestrowania os\u00f3b bezrobotnych. &#8222;Efekt zmian instytucjonalnych zapewne wyga\u015bnie w perspektywie najbli\u017cszych miesi\u0119cy. Natomiast zmniejszony popyt na prac\u0119, wyra\u017cony niskim nap\u0142ywem ofert pracy trwa ju\u017c ponad trzy lata i jak na razie brak perspektyw na odwr\u00f3cenie tej niekorzystnej tendencji&#8221; &#8211; informuje BIEC.<\/p>\n<p>\n    Zobacz wideo Polacy boj\u0105 si\u0119 utraty pracy. &#8222;Obawa bezrobocia jest jednym z najwi\u0119kszych l\u0119k\u00f3w w Polsce&#8221;\n  <\/p>\n<p> Wzro\u015bnie bezrobocie w Polsce?<\/p>\n<p class=\"art_paragraph\">Obecnie dwie sk\u0142adowe najsilniej oddzia\u0142uj\u0105 na zmiany warto\u015bci wska\u017anika. Liczba nowych ofert pracy publikowanych w urz\u0119dach pracy zapowiada wzrost stopy bezrobocia. Natomiast liczba nowo zarejestrowanych bezrobotnych zapowiada jej spadek. Pierwsza z tych zmiennych jest odzwierciedleniem strony popytowej na rynku pracy, a druga &#8211; poda\u017cowej. W listopadzie 2025 r. w urz\u0119dach pracy zarejestrowano o ponad 30 proc. mniej ofert pracy ni\u017c w pa\u017adzierniku, a nap\u0142yw nowych wakat\u00f3w w uj\u0119ciu absolutnym jest na poziomie zbli\u017conym do warto\u015bci z pocz\u0105tku lat 2000. Ponadto w listopadzie do urz\u0119d\u00f3w pracy zg\u0142oszono o ponad 60 proc. mniej ofert pracy ni\u017c przed rokiem.<\/p>\n<p class=\"art_paragraph\">W ubieg\u0142ym miesi\u0105cu spad\u0142 r\u00f3wnie\u017c Barometr Ofert Pracy, kt\u00f3ry wskazuje na zmiany liczby publikowanych w Internecie og\u0142osze\u0144 o zatrudnieniu. By\u0142 to drugi z rz\u0119du i najwi\u0119kszy od roku jednorazowy spadek liczby og\u0142osze\u0144 o pracy. &#8222;Cho\u0107 dane z urz\u0119d\u00f3w pracy i ofert pracy publikowanych w Internecie nale\u017cy raczej traktowa\u0107 jako dane komplementarne, a nie substytucyjne, to spadek og\u0142osze\u0144 internetowych mo\u017ce \u015bwiadczy\u0107 o tym, \u017ce pracodawcy cz\u0119\u015bciej wybieraj\u0105 inne kana\u0142y dotarcia do os\u00f3b poszukuj\u0105cych pracy ni\u017c publiczne og\u0142oszenia&#8221; &#8211; podkre\u015bla BIEC.<\/p>\n<p class=\"art_paragraph\">Nie zmieni\u0142a si\u0119 natomiast w uj\u0119ciu miesi\u0119cznym liczba bezrobotnych, kt\u00f3rzy wyrejestrowali si\u0119 z zasobu bezrobotnych z tytu\u0142u podj\u0119cia zatrudnienia. Po uwzgl\u0119dnieniu waha\u0144 sezonowych, w uj\u0119ciu absolutnym, odp\u0142yw we wrze\u015bniu po raz pierwszy przebi\u0142 barier\u0119 60 tys. os\u00f3b i utrzymuje si\u0119 na tym poziomie. &#8222;Co istotne, jeszcze niedawno odnotowywali\u015bmy wi\u0119cej zarejestrowanych nowych ofert pracy ni\u017c wyrejestrowanych os\u00f3b bezrobotnych z tytu\u0142u podj\u0119cia zatrudnienia. Teraz, przy bardzo niskim nap\u0142ywie nowych wakat\u00f3w, odp\u0142yw z bezrobocia do zatrudnienia przewy\u017csza, i to istotnie, nap\u0142yw nowych ofert pracy. Fakt ten zdaje si\u0119 potwierdza\u0107, \u017ce osoby bezrobotne poszukuj\u0105 ofert pracy poza urz\u0119dami pracy i prawdopodobnie pracodawcy czyni\u0105 podobnie&#8221; &#8211; czytamy w <a href=\"https:\/\/next.gazeta.pl\/next\/7,151003,32458638,pilny-komunikat-poczty-polskiej-chodzi-o-przesylki-i-listy.html#anchorLink\" rel=\"nofollow noopener\" target=\"_blank\">komunikacie<\/a> <a href=\"https:\/\/wiadomosci.gazeta.pl\/wiadomosci\/7,114881,29906402,przeszukano-biuro-prigozyna-bron-bialy-proszek-i-kilka-paszportow.html#anchorLink\" rel=\"nofollow noopener\" target=\"_blank\">biura<\/a>.<\/p>\n<p class=\"art_paragraph\">Natomiast drug\u0105 zmienn\u0105, kt\u00f3ra najsilniej oddzia\u0142uje na prognozowany spadek stopy bezrobocia rejestrowanego w Polsce, jest nap\u0142yw nowych bezrobotnych do rejestru. W listopadzie o ponad 12 proc. mniej os\u00f3b zarejestrowa\u0142o si\u0119 w urz\u0119dach pracy jako bezrobotne. Nap\u0142yw nowych bezrobotnych r\u00f3wnie\u017c pozostaje na rekordowo niskim poziomie. Dzieje si\u0119 to pomimo zmian legislacyjnych, kt\u00f3re m.in. mia\u0142y zach\u0119ci\u0107 do <a href=\"https:\/\/next.gazeta.pl\/next\/7,151003,32439546,rejestracja-samochodu-po-nowemu-nawrocki-podpisal-ogromne.html#anchorLink\" rel=\"nofollow noopener\" target=\"_blank\">rejestracji<\/a> osoby bierne zawodowo czy rolnik\u00f3w.<\/p>\n<p class=\"art_paragraph\">Pozosta\u0142e zmienne w relatywnie niewielkim stopniu oddzia\u0142uj\u0105 na zmiany warto\u015bci wska\u017anika. Po miesi\u0105cach stopniowego wzrostu liczby bezrobotnych zwolnionych z przyczyn le\u017c\u0105cych po stronie zak\u0142ad\u00f3w pracy liczba tego rodzaju zwolnie\u0144 drugi miesi\u0105c z rz\u0119du maleje. BIEC podsumowuje, \u017ce og\u00f3lna sytuacja przedsi\u0119biorstw przemys\u0142owych w badaniach koniunktury GUS oceniana jest przez menad\u017cer\u00f3w firm negatywnie, podobne nastroje dominuj\u0105 w kwestii plan\u00f3w zatrudnieniowych.<\/p>\n","protected":false},"excerpt":{"rendered":"Niekorzystna tendencja na rynku pracy Wska\u017anik Rynku Pracy (WRP), kt\u00f3ry informuje z wyprzedzeniem o przysz\u0142ych zmianach wielko\u015bci bezrobocia,&hellip;\n","protected":false},"author":2,"featured_media":179772,"comment_status":"","ping_status":"","sticky":false,"template":"","format":"standard","meta":{"footnotes":""},"categories":[16],"tags":[113,112,42,38,40,39,41],"class_list":{"0":"post-179771","1":"post","2":"type-post","3":"status-publish","4":"format-standard","5":"has-post-thumbnail","7":"category-biznes","8":"tag-biznes","9":"tag-business","10":"tag-pl","11":"tag-poland","12":"tag-polish","13":"tag-polska","14":"tag-polski"},"share_on_mastodon":{"url":"https:\/\/pubeurope.com\/@pl\/115813791088351338","error":""},"_links":{"self":[{"href":"https:\/\/www.europesays.com\/pl\/wp-json\/wp\/v2\/posts\/179771","targetHints":{"allow":["GET"]}}],"collection":[{"href":"https:\/\/www.europesays.com\/pl\/wp-json\/wp\/v2\/posts"}],"about":[{"href":"https:\/\/www.europesays.com\/pl\/wp-json\/wp\/v2\/types\/post"}],"author":[{"embeddable":true,"href":"https:\/\/www.europesays.com\/pl\/wp-json\/wp\/v2\/users\/2"}],"replies":[{"embeddable":true,"href":"https:\/\/www.europesays.com\/pl\/wp-json\/wp\/v2\/comments?post=179771"}],"version-history":[{"count":0,"href":"https:\/\/www.europesays.com\/pl\/wp-json\/wp\/v2\/posts\/179771\/revisions"}],"wp:featuredmedia":[{"embeddable":true,"href":"https:\/\/www.europesays.com\/pl\/wp-json\/wp\/v2\/media\/179772"}],"wp:attachment":[{"href":"https:\/\/www.europesays.com\/pl\/wp-json\/wp\/v2\/media?parent=179771"}],"wp:term":[{"taxonomy":"category","embeddable":true,"href":"https:\/\/www.europesays.com\/pl\/wp-json\/wp\/v2\/categories?post=179771"},{"taxonomy":"post_tag","embeddable":true,"href":"https:\/\/www.europesays.com\/pl\/wp-json\/wp\/v2\/tags?post=179771"}],"curies":[{"name":"wp","href":"https:\/\/api.w.org\/{rel}","templated":true}]}}