{"id":179777,"date":"2025-12-31T10:51:07","date_gmt":"2025-12-31T10:51:07","guid":{"rendered":"https:\/\/www.europesays.com\/pl\/179777\/"},"modified":"2025-12-31T10:51:07","modified_gmt":"2025-12-31T10:51:07","slug":"tomasz-cwiakala-rzucil-prace-w-telewizji-jego-zona-pisze-o-parszywym-roku","status":"publish","type":"post","link":"https:\/\/www.europesays.com\/pl\/179777\/","title":{"rendered":"Tomasz \u0106wi\u0105ka\u0142a rzuci\u0142 prac\u0119 w telewizji. Jego \u017cona pisze o parszywym roku"},"content":{"rendered":"<p>Tomasz \u0106wi\u0105ka\u0142a odszed\u0142 z pracy w TV. Teraz jego \u017cona zaskoczy\u0142a wyznaniem<\/p>\n<p class=\"Paragraph_desktopParagraph__Fd2e9\">Dla wielu odej\u015bcie Tomasza \u0106wi\u0105ka\u0142y z Canal+ Sport by\u0142o sporym zaskoczeniem ze wzgl\u0119du na to, \u017ce by\u0142 on jednym z bardziej znanych i popularnych ekspert\u00f3w i komentator\u00f3w La Ligi, pracowa\u0142 te\u017c m.in. przy meczach Ligi Mistrz\u00f3w, rozwijaj\u0105c przy okazji swoj\u0105 dzia\u0142alno\u015b\u0107 w internecie.<\/p>\n<p class=\"VideoPlayerText_videoPlayerText__zrtJk\">Dalszy ci\u0105g materia\u0142u pod wideo<\/p>\n<p class=\"Paragraph_desktopParagraph__Fd2e9\">&#8222;By\u0142a to bardzo trudna decyzja. Nie ma ukrywa\u0107, d\u0142ugo ta my\u015bl we mnie dojrzewa\u0142a. Poczu\u0142em jednak ulg\u0119. [&#8230;] Ta decyzja chodzi\u0142a mi po g\u0142owie od dw\u00f3ch lat, ale za ka\u017cdym razem zwyci\u0119\u017ca\u0142a ch\u0119\u0107 komentowania i fakt, \u017ce w redakcji by\u0142a bardzo dobra atmosfera. Ludzie, patrz\u0105c na takie decyzje, szukaj\u0105 drugiego dna, a tu takiego nie ma. Wiedzia\u0142em, \u017ce przy mojej obecnej sytuacji zawodowej, gdzie zarabiam wi\u0119cej na YouTubie i sytuacji prywatnej, gdzie dochodzi\u0142o kilka kwestii, kt\u00f3rych nie chc\u0119 m\u00f3wi\u0107, doszed\u0142em do wniosku, \u017ce trzeba klikn\u0105\u0107 nie reset, nie stop, a pauz\u0119&#8221; \u2014 <a href=\"https:\/\/przegladsportowy.onet.pl\/pilka-nozna\/laliga\/to-dlatego-tomasz-cwiakala-odszedl-z-canal-zdradza-plany-na-przyszlosc\/1ehpeef\" id=\"2cdcae27-9017-4df6-83d5-ec5dac05356f\" rel=\"nofollow noopener\" target=\"_blank\">m\u00f3wi\u0142 36-latek w podca\u015bcie Onetu<\/a>.<\/p>\n<p class=\"Paragraph_desktopParagraph__Fd2e9\">Teraz wydaje si\u0119, \u017ce tematem, o kt\u00f3rym nie chcia\u0142 m\u00f3wi\u0107 dziennikarz, by\u0142a choroba jego \u017cony. Karolina \u0106wi\u0105ka\u0142a w swoich mediach spo\u0142eczno\u015bciowych wspomnia\u0142a o tym, \u017ce z diagnoz\u0105 nowotw\u00f3r z\u0142o\u015bliwy \u017cy\u0142a przez wiele miesi\u0119cy, a teraz &#8222;odzyska\u0142a \u017cycie&#8221;.<\/p>\n<p>Karolina \u0106wi\u0105ka\u0142a o koszmarnej diagnozie <\/p>\n<p class=\"Paragraph_desktopParagraph__Fd2e9\">&#8222;Kartka z pami\u0119tnika na zamkni\u0119cie tego parszywego roku. Bawcie si\u0119 kochani i badajcie&#8221; \u2014 napisa\u0142a Karolina \u0106wi\u0105ka\u0142a na swoim profilu na Instagramie, w po\u015bcie dodaj\u0105c kilka &#8222;kartek ze swojego pami\u0119tnika&#8221;, w kt\u00f3rym wspomina o koszmarnej diagnozie.<\/p>\n<p class=\"Paragraph_desktopParagraph__Fd2e9\">&#8222;Publikuje t\u0105 dopiero dzi\u015b, bo odebra\u0142am niedawno wyniki bada\u0144 krwi, kt\u00f3re dok\u0142adaj\u0105 cegie\u0142k\u0119 do mojego odetchni\u0119cia z ulg\u0105. [&#8230;] M\u00f3wi\u0119 o tym teraz, bo wysz\u0142am z gabinetu przy Siennej po ponad roku od diagnozy i szanse na to, \u017ce m\u00f3j nowotw\u00f3r jest z\u0142o\u015bliwy, s\u0105 bardzo ma\u0142e&#8221; \u2014 napisa\u0142a \u017cona eksperta sportowego.<\/p>\n<p>Karolina \u0106wi\u0105ka\u0142a o tym, co j\u0105 spotka\u0142o. Walczy\u0142a i wygra\u0142a<\/p>\n<p class=\"Paragraph_desktopParagraph__Fd2e9\">&#8222;Gdybym nie szuka\u0142a odpowiedzi, tylko zaufa\u0142a ludziom, dla kt\u00f3rych jestem po prostu kolejn\u0105 osob\u0105 w kolejce, dzi\u015b \u017cy\u0142abym bez jednego organu (z gigantycznymi konsekwencjami jego pozbycia si\u0119). A statystyki s\u0105 bezlitosne \u2014 w ci\u0105gu najbli\u017cszych lat jedna na dwie osoby us\u0142ysz\u0105 diagnoz\u0119: nowotw\u00f3r z\u0142o\u015bliwy. Ja z tak\u0105 diagnoz\u0105 \u017cy\u0142am przez wiele miesi\u0119cy, zanim trafi\u0142am na specjalist\u0119, kt\u00f3ry rzeczywi\u015bcie wyt\u0142umaczy\u0142 mi, co jest napisane na wynikach biopsji. I jakie mam realne drogi do wyboru i kt\u00f3r\u0105 z nich tymczasowo (a najlepiej na zawsze) mo\u017cna odpu\u015bci\u0107&#8221; \u2014 zaznaczy\u0142a kobieta, kt\u00f3ra na koniec \u017cyczy\u0142a wszystkim swoim obserwatorom, kt\u00f3rych na Instagramie ma 14,1 tys., zdrowia.<\/p>\n","protected":false},"excerpt":{"rendered":"Tomasz \u0106wi\u0105ka\u0142a odszed\u0142 z pracy w TV. Teraz jego \u017cona zaskoczy\u0142a wyznaniem Dla wielu odej\u015bcie Tomasza \u0106wi\u0105ka\u0142y z&hellip;\n","protected":false},"author":2,"featured_media":179778,"comment_status":"","ping_status":"","sticky":false,"template":"","format":"standard","meta":{"footnotes":""},"categories":[5],"tags":[32,33,36,37,27,67,34,35,28,31,25,129,42,38,40,39,41,136,128,47,655,35262,29,30,26,130],"class_list":{"0":"post-179777","1":"post","2":"type-post","3":"status-publish","4":"format-standard","5":"has-post-thumbnail","7":"category-naglowki","8":"tag-breaking-news","9":"tag-breakingnews","10":"tag-featured-news","11":"tag-featurednews","12":"tag-headlines","13":"tag-intextvideo_splayer","14":"tag-latest-news","15":"tag-latestnews","16":"tag-naglowki","17":"tag-najwazniejsze-artykuly","18":"tag-news","19":"tag-ofsajd","20":"tag-pl","21":"tag-poland","22":"tag-polish","23":"tag-polska","24":"tag-polski","25":"tag-ps_detal_new","26":"tag-psv2","27":"tag-screening_general","28":"tag-styl_zycia_lifestyle_","29":"tag-tomasz_cwiakala","30":"tag-top-stories","31":"tag-topstories","32":"tag-wiadomosci","33":"tag-wiadomosci_sportowe"},"share_on_mastodon":{"url":"https:\/\/pubeurope.com\/@pl\/115813802578900132","error":""},"_links":{"self":[{"href":"https:\/\/www.europesays.com\/pl\/wp-json\/wp\/v2\/posts\/179777","targetHints":{"allow":["GET"]}}],"collection":[{"href":"https:\/\/www.europesays.com\/pl\/wp-json\/wp\/v2\/posts"}],"about":[{"href":"https:\/\/www.europesays.com\/pl\/wp-json\/wp\/v2\/types\/post"}],"author":[{"embeddable":true,"href":"https:\/\/www.europesays.com\/pl\/wp-json\/wp\/v2\/users\/2"}],"replies":[{"embeddable":true,"href":"https:\/\/www.europesays.com\/pl\/wp-json\/wp\/v2\/comments?post=179777"}],"version-history":[{"count":0,"href":"https:\/\/www.europesays.com\/pl\/wp-json\/wp\/v2\/posts\/179777\/revisions"}],"wp:featuredmedia":[{"embeddable":true,"href":"https:\/\/www.europesays.com\/pl\/wp-json\/wp\/v2\/media\/179778"}],"wp:attachment":[{"href":"https:\/\/www.europesays.com\/pl\/wp-json\/wp\/v2\/media?parent=179777"}],"wp:term":[{"taxonomy":"category","embeddable":true,"href":"https:\/\/www.europesays.com\/pl\/wp-json\/wp\/v2\/categories?post=179777"},{"taxonomy":"post_tag","embeddable":true,"href":"https:\/\/www.europesays.com\/pl\/wp-json\/wp\/v2\/tags?post=179777"}],"curies":[{"name":"wp","href":"https:\/\/api.w.org\/{rel}","templated":true}]}}