{"id":179781,"date":"2025-12-31T10:53:07","date_gmt":"2025-12-31T10:53:07","guid":{"rendered":"https:\/\/www.europesays.com\/pl\/179781\/"},"modified":"2025-12-31T10:53:07","modified_gmt":"2025-12-31T10:53:07","slug":"a-jednak-karol-strasburger-publicznie-potwierdzil-zostaly-ostatnie-godziny","status":"publish","type":"post","link":"https:\/\/www.europesays.com\/pl\/179781\/","title":{"rendered":"A jednak Karol Strasburger publicznie potwierdzi\u0142. Zosta\u0142y ostatnie godziny"},"content":{"rendered":"<p class=\"typography ids-typeset-body ids-typeset-body--preset-large link paragraph ids-paragraph ids-paragraph--default\"><a href=\"https:\/\/www.pomponik.pl\/gwiazdy-i-produkcje-karol-strasburger,gsbi,421\" rel=\"nofollow noopener\" target=\"_blank\">Karol Strasburger<\/a> to niemal ikona polskiej telewizji, a prowadzona przez niego &#8222;Familiada&#8221; cieszy si\u0119 od lat nies\u0142abn\u0105c\u0105 ogl\u0105dalno\u015bci\u0105. W tym roku nad programem zawis\u0142y jednak ciemne chmury.<\/p>\n<p>Spore zamieszanie wok\u00f3\u0142 &#8222;Familiady&#8221;<\/p>\n<p class=\"typography ids-typeset-body ids-typeset-body--preset-large link paragraph ids-paragraph ids-paragraph--default\">Do medi\u00f3w trafi\u0142y bowiem informacje, \u017ce TVP zrezygnowa\u0142a ze wsp\u00f3\u0142pracy z firm\u0105 produkuj\u0105c\u0105 od lat ten teleturniej. Wielu uzna\u0142o, \u017ce to zapowied\u017a ko\u0144ca produkcji. W ko\u0144cu uspokoi\u0107 wszystkich postanowi\u0142 sam Strasburger.<\/p>\n<p class=\"typography ids-typeset-body ids-typeset-body--preset-large link paragraph ids-paragraph ids-paragraph--default\">&#8222;Nie ma si\u0119 czego obawia\u0107. Program b\u0119dzie, ja te\u017c b\u0119d\u0119, wszystko si\u0119 b\u0119dzie dzia\u0142o zgodnie z tym, co by\u0142o do tej pory, bez wi\u0119kszych zmian&#8221; &#8211; zapewni\u0142 w rozmowie z Plejad\u0105.<\/p>\n<p class=\"typography ids-typeset-body ids-typeset-body--preset-large link paragraph ids-paragraph ids-paragraph--default\">I faktycznie tak si\u0119 sta\u0142o, a teleturniej przej\u0119\u0142a nowa firma producencka. Ostatnio &#8222;Presserwis&#8221; doni\u00f3s\u0142, \u017ce tak\u017ce w 2026 Karol i jego \u017cona mog\u0105 spa\u0107 spokojnie, bo ich domowy bud\u017cet nie jest zagro\u017cony.<\/p>\n<p>Potwierdzono ws. Strasburgera. Taka nowina w ostatni dzie\u0144 roku. Zosta\u0142y godziny<\/p>\n<p class=\"typography ids-typeset-body ids-typeset-body--preset-large link paragraph ids-paragraph ids-paragraph--default\">Jednak na sam koniec roku gruchn\u0119\u0142y jeszcze kolejne wie\u015bci. W social mediach &#8222;Familiady&#8221; zamieszczony oficjalny komunikat, kt\u00f3ry wywo\u0142a\u0142 nie lada poruszenie. Dot\u0105d wszak by\u0142o inaczej.<\/p>\n<p class=\"typography ids-typeset-body ids-typeset-body--preset-large link paragraph ids-paragraph ids-paragraph--default\">Widzowie nie liczyli bowiem, \u017ce jeszcze w tym roku zobacz\u0105 nowy odcinek, a tu taka niespodzianka. Zosta\u0142y godziny, bowiem TVP2 wyemituje specjalny odcinek sylwestrowy o godzinie 14.00.<\/p>\n<p class=\"typography ids-typeset-body ids-typeset-body--preset-large link paragraph ids-paragraph ids-paragraph--default\">&#8222;Wa\u017cna informacja. W sylwestrow\u0105 \u015brod\u0119 o 14.00 na antenie wyemitowana zostanie premierowa &#8222;Familiada&#8221;. Tego odcinka nie warto przegapi\u0107 &#8211; zadzieje si\u0119 naprawd\u0119 du\u017co&#8221; &#8211; przekazano oficjalnie.<\/p>\n<p class=\"typography ids-typeset-body ids-typeset-body--preset-large link paragraph ids-paragraph ids-paragraph--default\">Zobacz tak\u017ce:<\/p>\n<p class=\"typography ids-typeset-body ids-typeset-body--preset-large link paragraph ids-paragraph ids-paragraph--default\"><a href=\"https:\/\/www.pomponik.pl\/plotki\/news-znienacka-potwierdzily-sie-radosne-wiesci-ws-strasburgera-ta,nId,22466060\" target=\"_blank\" rel=\"nofollow noopener\">Znienacka potwierdzi\u0142y si\u0119 radosne wie\u015bci ws. Strasburgera. Takiego zwrotu akcji nikt si\u0119 ju\u017c nie spodziewa\u0142. Doczeka\u0142<\/a><\/p>\n<p class=\"typography ids-typeset-body ids-typeset-body--preset-large link paragraph ids-paragraph ids-paragraph--default\"><a href=\"https:\/\/www.pomponik.pl\/plotki\/news-strasburger-zdobyl-sie-na-trudne-wyznanie-musi-pomagac-mu-zo,nId,22464576\" target=\"_blank\" rel=\"nofollow noopener\">Strasburger zdoby\u0142 si\u0119 na trudne wyznanie. Musi pomaga\u0107 mu \u017cona<\/a><\/p>\n<p class=\"typography ids-typeset-body ids-typeset-body--preset-large link paragraph ids-paragraph ids-paragraph--default\"><a href=\"https:\/\/www.pomponik.pl\/plotki\/news-nowe-doniesienia-ws-strasburgera-dotarly-o-swicie-mial-duze,nId,22464040\" target=\"_blank\" rel=\"nofollow noopener\">Nowe doniesienia ws. Strasburgera dotar\u0142y o \u015bwicie. Mia\u0142 du\u017ce w\u0105tpliwo\u015bci<\/a><\/p>\n<p>Agnieszka Kaczorowska wskazuje jednego celebryt\u0119 z ogromnym potencja\u0142em do wygranej w &#8222;Ta\u0144cu z gwiazdami&#8221;pomponik.pl<\/p>\n","protected":false},"excerpt":{"rendered":"Karol Strasburger to niemal ikona polskiej telewizji, a prowadzona przez niego &#8222;Familiada&#8221; cieszy si\u0119 od lat nies\u0142abn\u0105c\u0105 ogl\u0105dalno\u015bci\u0105.&hellip;\n","protected":false},"author":2,"featured_media":153793,"comment_status":"","ping_status":"","sticky":false,"template":"","format":"standard","meta":{"footnotes":""},"categories":[22],"tags":[122,42,38,40,39,41,123],"class_list":{"0":"post-179781","1":"post","2":"type-post","3":"status-publish","4":"format-standard","5":"has-post-thumbnail","7":"category-rozrywka","8":"tag-entertainment","9":"tag-pl","10":"tag-poland","11":"tag-polish","12":"tag-polska","13":"tag-polski","14":"tag-rozrywka"},"share_on_mastodon":{"url":"https:\/\/pubeurope.com\/@pl\/115813810366157222","error":""},"_links":{"self":[{"href":"https:\/\/www.europesays.com\/pl\/wp-json\/wp\/v2\/posts\/179781","targetHints":{"allow":["GET"]}}],"collection":[{"href":"https:\/\/www.europesays.com\/pl\/wp-json\/wp\/v2\/posts"}],"about":[{"href":"https:\/\/www.europesays.com\/pl\/wp-json\/wp\/v2\/types\/post"}],"author":[{"embeddable":true,"href":"https:\/\/www.europesays.com\/pl\/wp-json\/wp\/v2\/users\/2"}],"replies":[{"embeddable":true,"href":"https:\/\/www.europesays.com\/pl\/wp-json\/wp\/v2\/comments?post=179781"}],"version-history":[{"count":0,"href":"https:\/\/www.europesays.com\/pl\/wp-json\/wp\/v2\/posts\/179781\/revisions"}],"wp:featuredmedia":[{"embeddable":true,"href":"https:\/\/www.europesays.com\/pl\/wp-json\/wp\/v2\/media\/153793"}],"wp:attachment":[{"href":"https:\/\/www.europesays.com\/pl\/wp-json\/wp\/v2\/media?parent=179781"}],"wp:term":[{"taxonomy":"category","embeddable":true,"href":"https:\/\/www.europesays.com\/pl\/wp-json\/wp\/v2\/categories?post=179781"},{"taxonomy":"post_tag","embeddable":true,"href":"https:\/\/www.europesays.com\/pl\/wp-json\/wp\/v2\/tags?post=179781"}],"curies":[{"name":"wp","href":"https:\/\/api.w.org\/{rel}","templated":true}]}}