{"id":179782,"date":"2025-12-31T10:55:08","date_gmt":"2025-12-31T10:55:08","guid":{"rendered":"https:\/\/www.europesays.com\/pl\/179782\/"},"modified":"2025-12-31T10:55:08","modified_gmt":"2025-12-31T10:55:08","slug":"pracodawcy-i-bezrobotni-omijaja-urzedy","status":"publish","type":"post","link":"https:\/\/www.europesays.com\/pl\/179782\/","title":{"rendered":"Pracodawcy i bezrobotni omijaj\u0105 urz\u0119dy"},"content":{"rendered":"<p data-section=\"detail-body\">Wska\u017anik Rynku Pracy (WRP), informuj\u0105cy z wyprzedzeniem o przysz\u0142ych zmianach wielko\u015bci bezrobocia, w grudniu 2025 r. wyni\u00f3s\u0142 72,9 pkt, czyli nie zmieni\u0142 si\u0119 istotnie <a href=\"https:\/\/businessinsider.com.pl\/gospodarka\/oto-co-dalej-ze-wzrostem-bezrobocia-wskaznik-dal-jasny-sygnal\/nh0www0\" id=\"dda9ee30-2bad-46d4-b795-9ea00eb209c4\" rel=\"nofollow noopener\" target=\"_blank\">w stosunku do warto\u015bci z listopada (r\u00f3s\u0142 o 0,1 punktu)<\/a> \u2014 poda\u0142o BIEC w \u015brod\u0119 rano. Im ni\u017cszy odczyt, tym lepsza oczekiwana sytuacja na rynku pracy.<\/p>\n<p class=\"article_p\" data-section=\"detail-body\">W ci\u0105gu ostatnich dwunastu miesi\u0119cy wska\u017anik WRP wykazywa\u0142 zdecydowan\u0105 tendencj\u0119 do wzrostu (o blisko 5 punkt\u00f3w), co zapowiada\u0142o pewne pogorszenie na rynku pracy i wzrost stopy bezrobocia rejestrowanego. <a href=\"https:\/\/businessinsider.com.pl\/gospodarka\/bezrobocie-w-polsce-w-listopadzie-2025-r-jeszcze-wiecej-ludzi-bez-pracy\/psjs5m9\" id=\"1b441a5d-15b4-43e6-90ad-40cd2d056b90\" rel=\"nofollow noopener\" target=\"_blank\">W listopadzie 2025 stopa bezrobocia rejestrowanego wynios\u0142a 5,6 proc. wobec 5 proc. przed rokiem<\/a>. Po cz\u0119\u015bci by\u0142 to efekt zmniejszonego popytu na pracownik\u00f3w, po cz\u0119\u015bci za\u015b efekt zmian wprowadzonych w zasadach funkcjonowania powiatowych urz\u0119d\u00f3w pracy oraz zasad rejestrowania os\u00f3b bezrobotnych.<\/p>\n<p class=\"article_p\" data-section=\"detail-body\">Zobacz te\u017c: <a href=\"https:\/\/businessinsider.com.pl\/praca\/rekordowa-fala-zwolnien-w-polsce-tysiace-osob-zagrozonych-wzrosty-rok-do-roku-mapy\/tbyr3lq\" id=\"6b753767-9cf4-4311-99ef-3997a39a1b28\" rel=\"nofollow noopener\" target=\"_blank\">Rekordowa fala zwolnie\u0144 w Polsce. Tysi\u0105ce os\u00f3b zagro\u017conych [MAPY]<\/a><\/p>\n<p class=\"article_p\" data-section=\"detail-body\">&#8222;Efekt zmian instytucjonalnych zapewne wyga\u015bnie w perspektywie najbli\u017cszych miesi\u0119cy. Natomiast zmniejszony popyt na prac\u0119, wyra\u017cony niskim nap\u0142ywem ofert pracy trwa ju\u017c ponad trzy lata i jak na razie brak perspektyw na odwr\u00f3cenie tej niekorzystnej tendencji&#8221; \u2014 poda\u0142o <a href=\"https:\/\/businessinsider.com.pl\/biec\" id=\"7c18d809-7ed6-43e6-9c7c-66486061aabc\" rel=\"nofollow noopener\" target=\"_blank\">BIEC<\/a>.<\/p>\n<p>            Czytaj tak\u017ce w BUSINESS INSIDER<\/p>\n<p class=\"article_p\" data-section=\"detail-body\">Obecnie dwie sk\u0142adowe najsilniej oddzia\u0142uj\u0105 na zmiany warto\u015bci wska\u017anika: liczba nowych ofert pracy publikowanych w urz\u0119dach pracy zapowiada wzrost stopy bezrobocia, z kolei liczba nowo zarejestrowanych bezrobotnych zapowiada jej spadek. Pierwsza z tych zmiennych jest odzwierciedleniem strony popytowej na rynku pracy, a druga poda\u017cowej.<\/p>\n<p>                    <img decoding=\"async\" loading=\"lazy\" class=\"article-image_container--img\" id=\"image_bbd7e3fb-486b-4b2b-94c1-e9211d4df665\" alt=\"\" src=\"https:\/\/www.europesays.com\/pl\/wp-content\/uploads\/2025\/12\/eVzk9kpTURBXy82ZmI3ZWU5MGVjNDFiNDZlNjk1MmZlN2QyNTY5ZDhiNy5wbmeRkwLNA5gA3gACoTABoTEB.jpeg\"\/><\/p>\n<p>                    |<br \/>\n                    BIEC<\/p>\n<p class=\"article_p\" data-section=\"detail-body\">W listopadzie w urz\u0119dach pracy zarejestrowano o ponad 30 proc. mniej ofert pracy ni\u017c w pa\u017adzierniku, ale co istotniejsze \u2014 nap\u0142yw nowych wakat\u00f3w w uj\u0119ciu absolutnym jest na poziomie zbli\u017conym do warto\u015bci z pocz\u0105tku lat 2000. W listopadzie 2025 do urz\u0119d\u00f3w pracy zg\u0142oszono o ponad 60 proc. mniej ofert pracy ni\u017c przed rokiem.<\/p>\n<p class=\"article_p\" data-section=\"detail-body\">&#8222;Barometr Ofert Pracy wskazuj\u0105cy na zmiany liczby publikowanych w Internecie og\u0142osze\u0144 o zatrudnieniu, w listopadzie 2025 r\u00f3wnie\u017c dosy\u0107 wyra\u017anie spad\u0142. By\u0142 to drugi z rz\u0119du i najwi\u0119kszy od roku jednorazowy spadek liczby og\u0142osze\u0144 o pracy. Cho\u0107 dane z urz\u0119d\u00f3w pracy i ofert pracy publikowanych w Internecie nale\u017cy raczej traktowa\u0107 jako dane komplementarne a nie substytucyjne, to spadek og\u0142osze\u0144 internetowych mo\u017ce \u015bwiadczy\u0107 o tym, \u017ce pracodawcy cz\u0119\u015bciej wybieraj\u0105 inne kana\u0142y dotarcia do os\u00f3b poszukuj\u0105cych pracy ni\u017c publiczne og\u0142oszenia&#8221; \u2014 wskazano w dzisiejszym komunikacie BIEC.<\/p>\n<p>        Nie przy\u015bpiesza wska\u017anik nowych bezrobotnych<\/p>\n<p class=\"article_p\" data-section=\"detail-body\">Z drugiej strony liczba bezrobotnych, kt\u00f3rzy wyrejestrowali si\u0119 z zasobu bezrobotnych z tytu\u0142u podj\u0119cia zatrudnienia, w\u0142a\u015bciwie nie zmieni\u0142a si\u0119 w uj\u0119ciu miesi\u0119cznym. Po uwzgl\u0119dnieniu waha\u0144 sezonowych, w uj\u0119ciu absolutnym, odp\u0142yw ten we wrze\u015bniu po raz pierwszy przebi\u0142 barier\u0119 60 tys. os\u00f3b i utrzymuje si\u0119 na tym poziomie.<\/p>\n<p class=\"article_p\" data-section=\"detail-body\">Zobacz te\u017c: <a href=\"https:\/\/businessinsider.com.pl\/praca\/nowe-zasady-na-rynku-pracy-oto-kompetencje-ktorych-szukaja-firmy\/rbhjsv4\" id=\"f299be59-7b65-42e4-af90-5aeb6e9c1ec8\" rel=\"nofollow noopener\" target=\"_blank\">Planujesz zmieni\u0107 prac\u0119 w 2026? TNajpierw zadaj bliskim jedno pytanie<\/a><\/p>\n<p class=\"article_p\" data-section=\"detail-body\">&#8222;Co istotne, jeszcze niedawno odnotowywali\u015bmy wi\u0119cej zarejestrowanych nowych ofert pracy ni\u017c wyrejestrowanych os\u00f3b bezrobotnych z tytu\u0142u podj\u0119cia zatrudnienia. Teraz, przy bardzo niskim nap\u0142ywie nowych wakat\u00f3w, odp\u0142yw z bezrobocia do zatrudnienia przewy\u017csza, i to istotnie, nap\u0142yw nowych ofert pracy. Fakt ten zdaje si\u0119 potwierdza\u0107, \u017ce osoby bezrobotne poszukuj\u0105 ofert pracy poza urz\u0119dami pracy i prawdopodobnie pracodawcy czyni\u0105 podobnie&#8221; \u2014 dodano.<\/p>\n<p class=\"article_p\" data-section=\"detail-body\">Drug\u0105 zmienn\u0105, kt\u00f3ra wed\u0142ug BIEC najsilniej oddzia\u0142uje na prognozowany spadek stopy bezrobocia rejestrowanego, to nap\u0142yw nowych bezrobotnych do rejestru. W listopadzie o ponad 12 proc. mniej os\u00f3b zarejestrowa\u0142o si\u0119 w urz\u0119dach pracy jako bezrobotne. Nap\u0142yw nowych bezrobotnych r\u00f3wnie\u017c pozostaje na rekordowo niskim poziomie, co ciekawe dzieje si\u0119 to pomimo zmian legislacyjnych, kt\u00f3re mi\u0119dzy innymi mia\u0142y zach\u0119ci\u0107 do rejestracji osoby bierne zawodowo czy rolnik\u00f3w.<\/p>\n<p class=\"article_p\" data-section=\"detail-body\">Pozosta\u0142e zmienne w relatywnie niewielkim stopniu oddzia\u0142uj\u0105 na zmiany warto\u015bci wska\u017anika. Po miesi\u0105cach stopniowego wzrostu liczby bezrobotnych zwolnionych z przyczyn le\u017c\u0105cych po stronie zak\u0142ad\u00f3w pracy \u2014 liczba tego rodzaju zwolnie\u0144 drugi miesi\u0105c z rz\u0119du maleje. Og\u00f3lna sytuacja przedsi\u0119biorstw przemys\u0142owych w badaniach koniunktury GUS oceniana jest przez menad\u017cer\u00f3w firm negatywnie, podobne nastroje dominuj\u0105 w kwestii plan\u00f3w zatrudnieniowych \u2014 wskazano.<\/p>\n","protected":false},"excerpt":{"rendered":"Wska\u017anik Rynku Pracy (WRP), informuj\u0105cy z wyprzedzeniem o przysz\u0142ych zmianach wielko\u015bci bezrobocia, w grudniu 2025 r. wyni\u00f3s\u0142 72,9&hellip;\n","protected":false},"author":2,"featured_media":179783,"comment_status":"","ping_status":"","sticky":false,"template":"","format":"standard","meta":{"footnotes":""},"categories":[16],"tags":[113,112,42,38,40,39,41],"class_list":{"0":"post-179782","1":"post","2":"type-post","3":"status-publish","4":"format-standard","5":"has-post-thumbnail","7":"category-biznes","8":"tag-biznes","9":"tag-business","10":"tag-pl","11":"tag-poland","12":"tag-polish","13":"tag-polska","14":"tag-polski"},"share_on_mastodon":{"url":"https:\/\/pubeurope.com\/@pl\/115813818541355274","error":""},"_links":{"self":[{"href":"https:\/\/www.europesays.com\/pl\/wp-json\/wp\/v2\/posts\/179782","targetHints":{"allow":["GET"]}}],"collection":[{"href":"https:\/\/www.europesays.com\/pl\/wp-json\/wp\/v2\/posts"}],"about":[{"href":"https:\/\/www.europesays.com\/pl\/wp-json\/wp\/v2\/types\/post"}],"author":[{"embeddable":true,"href":"https:\/\/www.europesays.com\/pl\/wp-json\/wp\/v2\/users\/2"}],"replies":[{"embeddable":true,"href":"https:\/\/www.europesays.com\/pl\/wp-json\/wp\/v2\/comments?post=179782"}],"version-history":[{"count":0,"href":"https:\/\/www.europesays.com\/pl\/wp-json\/wp\/v2\/posts\/179782\/revisions"}],"wp:featuredmedia":[{"embeddable":true,"href":"https:\/\/www.europesays.com\/pl\/wp-json\/wp\/v2\/media\/179783"}],"wp:attachment":[{"href":"https:\/\/www.europesays.com\/pl\/wp-json\/wp\/v2\/media?parent=179782"}],"wp:term":[{"taxonomy":"category","embeddable":true,"href":"https:\/\/www.europesays.com\/pl\/wp-json\/wp\/v2\/categories?post=179782"},{"taxonomy":"post_tag","embeddable":true,"href":"https:\/\/www.europesays.com\/pl\/wp-json\/wp\/v2\/tags?post=179782"}],"curies":[{"name":"wp","href":"https:\/\/api.w.org\/{rel}","templated":true}]}}