{"id":179806,"date":"2025-12-31T11:10:09","date_gmt":"2025-12-31T11:10:09","guid":{"rendered":"https:\/\/www.europesays.com\/pl\/179806\/"},"modified":"2025-12-31T11:10:09","modified_gmt":"2025-12-31T11:10:09","slug":"nowy-rok-na-swiecie-pierwsze-kraje-przywitaly-2025-rok","status":"publish","type":"post","link":"https:\/\/www.europesays.com\/pl\/179806\/","title":{"rendered":"Nowy Rok na \u015bwiecie. Pierwsze kraje przywita\u0142y 2025 rok"},"content":{"rendered":"<p>Wyspa Kirimati to po\u0142o\u017cony najbli\u017cej linii zmiany daty po jej zachodniej stronie zamieszkany l\u0105d, na kt\u00f3rym nowy rok 2026 rozpocz\u0105\u0142 si\u0119 31 grudnia ju\u017c o godzinie 11 czasu polskiego. Konkretnie jako pierwsi \u015bwi\u0119towali mieszka\u0144cy osady Poland, nazwanej tak na cze\u015b\u0107 Stanis\u0142awa Pe\u0142czy\u0144skiego, kt\u00f3ry pod koniec XIX wieku trafi\u0142 tam z brytyjskiego statku towarowego.<\/p>\n<p>\u00a0<\/p>\n<p>W por\u00f3wnaniu z innymi miejscami na \u015bwiecie, gdzie Nowy Rok witany jest koncertami i pokazami \u015bwietlnymi, wed\u0142ug spisu ludno\u015bci z 2010 roku na Poland \u015bwi\u0119towa\u0107 b\u0119dzie zaledwie&#8230; 440 os\u00f3b.<\/p>\n<p>\u00a0<\/p>\n<p>Chwil\u0119 po mieszka\u0144cach wyspiarskiego pa\u0144stwa, bo o 12 czasu polskiego \u015bwi\u0119towa\u0107 b\u0119dzie Nowa Zelandia (z wyj\u0105tkiem Wysp Chatham, kt\u00f3rej mieszka\u0144cy otworzyli szampana ju\u017c o 11:15) i inne pa\u0144stwa wyspiarskie przynale\u017cne do Australii.\u00a0<\/p>\n<p>\u00a0<\/p>\n<p>O godzinie 13:00 noworoczna zabawa rozpocznie si\u0119 w najbardziej wysuni\u0119tych na wsch\u00f3d cz\u0119\u015bciach Rosji.<\/p>\n<p>\u015awiat wita Nowy Rok. \u015awi\u0119tuj\u0105 du\u017co wcze\u015bniej ni\u017c Polacy<\/p>\n<p>W nast\u0119pnej kolejno\u015bci, o godzinie 14:00 czasu polskiego Nowy Rok przywita wi\u0119kszo\u015b\u0107 Australii, w tym Melbourne, Sydney i Canberra.<\/p>\n<p>\u00a0<\/p>\n<p>Ze wzgl\u0119du na grudniowy atak terrorystyczny na pla\u017cy Bondi w Sydney, w kt\u00f3rym \u017cycie straci\u0142o 15 os\u00f3b w\u0142adze kraju ograniczy\u0142y zasi\u0119g tegorocznego \u015bwi\u0119towania. Odwo\u0142any zosta\u0142 m.in. popularny festiwal Elrow Bondi Beach XXL, ograniczono te\u017c liczb\u0119 pokaz\u00f3w fajerwerkowych.<\/p>\n<p>\u00a0<\/p>\n<p>ZOBACZ: <a href=\"https:\/\/www.polsatnews.pl\/wiadomosc\/2025-12-31\/nie-zyje-wnuczka-johna-f-kennedyego-byla-znana-dziennikarka\/\" rel=\"nofollow noopener\" target=\"_blank\">Nie \u017cyje wnuczka Johna F. Kennedy&#8217;ego. By\u0142a znan\u0105 dziennikark\u0105<\/a><\/p>\n<p>\u00a0<\/p>\n<p>Dwie godziny p\u00f3\u017aniej, bo o godzinie 16:00 czasu polskiego, Nowy Rok zawita do Korei Po\u0142udniowej i Japonii.<\/p>\n<p>\u00a0<\/p>\n<p>O 17 szampa\u0144ska zabawa oficjalnie rozpocznie si\u0119 r\u00f3wnie\u017c w Chinach, Singapurze i na Filipinach. W nast\u0119pnej kolejno\u015bci uroczysto\u015bci z okazji Nowego Roku odby\u0142y si\u0119 w Indonezji, Tajlandii, Wietnamie, Kambod\u017cy, Bangladeszu, Nepalu, Indiach, Pakistanie, Afganistanie czy Iranie.<\/p>\n<p>Nowy Rok w Europie i na \u015bwiecie. Szampa\u0144ska zabawa i pokazy \u015bwietlne<\/p>\n<p>Europejczycy witaj\u0105 Nowy Rok znacznie p\u00f3\u017aniej ni\u017c reszta \u015bwiata. Na Starym Kontynencie rok 2026 jako pierwszy zawita do Turcji o godzinie 22 czasu polskiego. Godzin\u0119 p\u00f3\u017aniej szampana z okazji Nowego Roku wypij\u0105 Grecy, kt\u00f3rzy w Atenach b\u0119d\u0105 ogl\u0105dali pokaz fajerwerk\u00f3w na tle antycznego Akropolu.<\/p>\n<p>\u00a0<\/p>\n<p>Dwie europejskie stolice zapowiedzia\u0142y jednak odwo\u0142anie noworocznych imprez z powod\u00f3w bezpiecze\u0144stwa &#8211; s\u0105 to Pary\u017c i Belgrad. Jako ostatnie kraje w Europie Nowy Rok \u015bwi\u0119towa\u0107 b\u0119d\u0105 Wielka Brytania, Irlandia i Portugalia, gdzie nast\u0105pi to godzin\u0119 p\u00f3\u017aniej ni\u017c w Warszawie.<\/p>\n<p>\u00a0<\/p>\n<p>ZOBACZ: <a href=\"https:\/\/www.polsatnews.pl\/wiadomosc\/2025-12-31\/kto-wystapi-na-sylwestrze-z-polsatem-w-toruniu-oto-lista-artystow\/\" rel=\"nofollow noopener\" target=\"_blank\">Kto wyst\u0105pi na Sylwestrze z Polsatem w Toruniu? Oto lista artyst\u00f3w<\/a><\/p>\n<p>\u00a0<\/p>\n<p>Opr\u00f3cz pa\u0144stw Europy, Nowy Rok najp\u00f3\u017aniej dotrze za p\u00f3\u0142kul\u0119 zachodni\u0105. W czwartek o godzinie 4 rano czasu polskiego kieliszki z szampanem wznios\u0105 mieszka\u0144cy m.in. Buenos Aires i Rio de Janeiro. Dwie godziny p\u00f3\u017aniej zabawa przeniesie si\u0119 do Wenezueli, Boliwii, Portoryko czy Dominikany.<\/p>\n<p>\u00a0<\/p>\n<p>Nast\u0119pni w kolejno\u015bci b\u0119d\u0105 Kanadyjczycy &#8211; w Ottawie Nowy Rok zacznie si\u0119 w czwartek o 5 rano czasu polskiego.\u00a0Godzin\u0119 p\u00f3\u017aniej 2026 rok oficjalnie odnotuj\u0105 mieszka\u0144cy wschodniego wybrze\u017ca USA: Waszyngtonu, Nowego Jorku i Bostonu. O godz. 9 czasu polskiego rok 2025 zostanie po\u017cegnany na zachodnim wybrze\u017cu Stan\u00f3w Zjednoczonych &#8211; w Los Angeles, Las Vegas i San Francisco.<\/p>\n<p>\u00a0<\/p>\n<p>Jako ostatnie miejsca na \u015bwiecie rok 2026 przywitaj\u0105 Hawaje (czwartek o godz. 11 czasu polskiego) i Samoa Ameryka\u0144skie (czwartek o godz. 12 czasu polskiego). O godzinie 13 Nowy Rok zawita za\u015b na\u00a0niezamieszka\u0142e, stanowi\u0105ce rezerwat przyrody, ameryka\u0144skie wyspy Bakera i Howlanda, le\u017c\u0105ce na Oceanie Spokojnym.<\/p>\n<p>\u00a0<\/p>\n<p>Widzia\u0142e\u015b co\u015b wa\u017cnego? Przy\u015blij zdj\u0119cie, film lub napisz, co si\u0119 sta\u0142o. Skorzystaj z naszej <a href=\"https:\/\/www.polsatnews.pl\/platforma-widzow\/\" target=\"_blank\" rel=\"noopener noreferrer nofollow\">Wrzutni<\/a><\/p>\n<p>                <img decoding=\"async\" src=\"https:\/\/www.europesays.com\/pl\/wp-content\/uploads\/2025\/12\/vhtibjx9aegwpua7gmrq3cs3rabgix8f.jpg\" alt=\"\" itemprop=\"contentUrl\" style=\"position:absolute; width: 100%; max-height: 100%;\"\/><video controls=\"\" controlslist=\"nodownload\" poster=\"https:\/\/www.europesays.com\/pl\/wp-content\/uploads\/2025\/12\/vhtibjx9aegwpua7gmrq3cs3rabgix8f.jpg\" class=\"videoPlayer player6856316 news__video\" data-id=\"6856316\">Twoja przegl\u0105darka nie wspiera odtwarzacza wideo&#8230;<\/video><\/p>\n<p>                <a class=\"news__read-more-button\" href=\"https:\/\/www.polsatnews.pl\/\" rel=\"nofollow noopener\" target=\"_blank\">Czytaj wi\u0119cej<\/a><\/p>\n","protected":false},"excerpt":{"rendered":"Wyspa Kirimati to po\u0142o\u017cony najbli\u017cej linii zmiany daty po jej zachodniej stronie zamieszkany l\u0105d, na kt\u00f3rym nowy rok&hellip;\n","protected":false},"author":2,"featured_media":179807,"comment_status":"","ping_status":"","sticky":false,"template":"","format":"standard","meta":{"footnotes":""},"categories":[14],"tags":[32,33,27,34,35,28,31,25,40,41,80,29,30,26,82,83,84],"class_list":{"0":"post-179806","1":"post","2":"type-post","3":"status-publish","4":"format-standard","5":"has-post-thumbnail","7":"category-swiat","8":"tag-breaking-news","9":"tag-breakingnews","10":"tag-headlines","11":"tag-latest-news","12":"tag-latestnews","13":"tag-naglowki","14":"tag-najwazniejsze-artykuly","15":"tag-news","16":"tag-polish","17":"tag-polski","18":"tag-swiat","19":"tag-top-stories","20":"tag-topstories","21":"tag-wiadomosci","22":"tag-world","23":"tag-world-news","24":"tag-worldnews"},"share_on_mastodon":{"url":"https:\/\/pubeurope.com\/@pl\/115813877394507123","error":""},"_links":{"self":[{"href":"https:\/\/www.europesays.com\/pl\/wp-json\/wp\/v2\/posts\/179806","targetHints":{"allow":["GET"]}}],"collection":[{"href":"https:\/\/www.europesays.com\/pl\/wp-json\/wp\/v2\/posts"}],"about":[{"href":"https:\/\/www.europesays.com\/pl\/wp-json\/wp\/v2\/types\/post"}],"author":[{"embeddable":true,"href":"https:\/\/www.europesays.com\/pl\/wp-json\/wp\/v2\/users\/2"}],"replies":[{"embeddable":true,"href":"https:\/\/www.europesays.com\/pl\/wp-json\/wp\/v2\/comments?post=179806"}],"version-history":[{"count":0,"href":"https:\/\/www.europesays.com\/pl\/wp-json\/wp\/v2\/posts\/179806\/revisions"}],"wp:featuredmedia":[{"embeddable":true,"href":"https:\/\/www.europesays.com\/pl\/wp-json\/wp\/v2\/media\/179807"}],"wp:attachment":[{"href":"https:\/\/www.europesays.com\/pl\/wp-json\/wp\/v2\/media?parent=179806"}],"wp:term":[{"taxonomy":"category","embeddable":true,"href":"https:\/\/www.europesays.com\/pl\/wp-json\/wp\/v2\/categories?post=179806"},{"taxonomy":"post_tag","embeddable":true,"href":"https:\/\/www.europesays.com\/pl\/wp-json\/wp\/v2\/tags?post=179806"}],"curies":[{"name":"wp","href":"https:\/\/api.w.org\/{rel}","templated":true}]}}