{"id":179810,"date":"2025-12-31T11:12:11","date_gmt":"2025-12-31T11:12:11","guid":{"rendered":"https:\/\/www.europesays.com\/pl\/179810\/"},"modified":"2025-12-31T11:12:11","modified_gmt":"2025-12-31T11:12:11","slug":"ogromne-utrudnienia-na-s7-jest-nowy-raport-sluzb-na-temat-sytuacji","status":"publish","type":"post","link":"https:\/\/www.europesays.com\/pl\/179810\/","title":{"rendered":"Ogromne utrudnienia na S7. Jest nowy raport s\u0142u\u017cb na temat sytuacji"},"content":{"rendered":"<ul class=\"UnorderedList_container__nmfSl\">\n<li class=\"UnorderedList_listElement__Py7xi\" data-id=\"ai-summary-link\">Du\u017co czytania, a ma\u0142o czasu? Sprawd\u017a\u00a0skr\u00f3t\u00a0artyku\u0142u<\/li>\n<\/ul>\n<p class=\"Paragraph_desktopParagraph__U31Gm\">Z powodu obfitych opad\u00f3w \u015bniegu od wtorku od godzin popo\u0142udniowych trasa S7 w powiecie ostr\u00f3dzkim by\u0142a zablokowana. Korek z Gda\u0144ska w stron\u0119 Warszawy mia\u0142 prawie 7 km \u2014 ci\u0105gn\u0105\u0142 si\u0119 od MOP Grabin do Rychnowa. W odwrotn\u0105 stron\u0119, z Warszawy do Gda\u0144ska, auta sta\u0142y na d\u0142ugo\u015bci prawie 16 km \u2014 od Olsztynka do Rychnowa. Utkn\u0119\u0142o w nim kilkaset aut.<\/p>\n<p class=\"Paragraph_desktopParagraph__U31Gm\">Rzecznik KWP w Olsztynie Tomasz Markowski poinformowa\u0142 PAP w \u015brod\u0119 rano, \u017ce sytuacja na S7 zosta\u0142a opanowana. \u2014 Na drodze w kierunku Gda\u0144ska ruch jest niewielki, p\u0142ynny, a w kierunku Warszawy samochody poruszaj\u0105 si\u0119 powoli, ale jad\u0105. Sytuacja jest opanowana\u2014 powiedzia\u0142.<\/p>\n<ul class=\"OchatFollowUps_wrapper__1ry7X\">\n<li class=\"OchatFollowUps_item__Dhyly OchatFollowUps_itemDesktop__R6aBv\">Jak d\u0142ugo trwa\u0142y utrudnienia na S7?<\/li>\n<li class=\"OchatFollowUps_item__Dhyly OchatFollowUps_itemDesktop__R6aBv\">Jakie warunki panuj\u0105 na drodze w kierunku Gda\u0144ska?<\/li>\n<li class=\"OchatFollowUps_item__Dhyly OchatFollowUps_itemDesktop__R6aBv\">Co zrobiono dla kierowc\u00f3w utkn\u0119tych w korku?<\/li>\n<li class=\"OchatFollowUps_item__Dhyly OchatFollowUps_itemDesktop__R6aBv\">Dlaczego trasa S7 by\u0142a zablokowana?<\/li>\n<\/ul>\n<p class=\"Paragraph_desktopParagraph__U31Gm\">Jak doda\u0142, policjanci wci\u0105\u017c monitoruj\u0105 tras\u0119, by w razie konieczno\u015bci reagowa\u0107, gdy samochody ci\u0119\u017carowe b\u0119d\u0105 mia\u0142y k\u0142opot z dalsz\u0105 jazd\u0105.<\/p>\n<p><img decoding=\"async\" class=\"Image_image__0tuHp Image_autoHeight__f2n87 \" height=\"582\" width=\"940\" src=\"https:\/\/www.europesays.com\/pl\/wp-content\/uploads\/2025\/12\/mmpk9kpTURBXy9hY2E5MTkyNjIwZTcyNGQ1Y2JkZDE0M2RhZjQ2ZjQ4Mi5wbmeSlQLNA6wAwsOVAgDNAkvCw94AA6EwAaExAaEzw.jpeg\" alt=\"Trasa Warszawa - Gda\u0144sk\" loading=\"lazy\" \/>Google Maps<\/p>\n<p>Trasa Warszawa &#8211; Gda\u0144sk<\/p>\n<p class=\"Paragraph_desktopParagraph__U31Gm\">Rzeczniczka ostr\u00f3dzkiej policji Anna Karczewska doda\u0142a, \u017ce zadaniem s\u0142u\u017cb, by\u0142o udro\u017cnienie ruchu, tak by samochody osobowe przejecha\u0142y. Tiry \u015bci\u0105gane by\u0142y na prawy pas, by da\u0107 miejsce dla samochod\u00f3w osobowych \u2014 poinformowa\u0142a.<\/p>\n<p>Kierowcy utkn\u0119li na S7. <\/p>\n<p class=\"Paragraph_desktopParagraph__U31Gm\">Tu\u017c po p\u00f3\u0142nocy Komenda Wojew\u00f3dzka Policji w Olsztynie poinformowa\u0142a, \u017ce ruch na trasie S7 w powiecie ostr\u00f3dzkim jest stopniowo przywracany. Policjanci zaapelowali, by zachowa\u0107 ostro\u017cno\u015b\u0107 i stosowa\u0107 si\u0119 do polece\u0144 s\u0142u\u017cb.<\/p>\n<p class=\"Paragraph_desktopParagraph__U31Gm\">W zwi\u0105zku z trudn\u0105 sytuacj\u0105 kierowc\u00f3w <a href=\"https:\/\/wiadomosci.onet.pl\/olsztyn\/policja-dostarczy-cieple-napoje-ludziom-z-s7-schronienie-czeka-w-ostrodzie\/5rn7nf1\" id=\"786b4229-67fb-4acc-b92b-7ef44627f7e3\" rel=\"nofollow noopener\" target=\"_blank\">urz\u0105d miasta w Ostr\u00f3dzie przekaza\u0142 policji ciep\u0142e napoje, ciastka i powerbanki dla potrzebuj\u0105cych<\/a>. Zaoferowano tak\u017ce nocleg w budynku urz\u0119du miasta w Ostr\u00f3dzie.<\/p>\n<p class=\"Paragraph_desktopParagraph__U31Gm\"><a href=\"https:\/\/wiadomosci.onet.pl\/olsztyn\/trasa-s7-stopniowo-udrazniana-ale-nadal-niebezpiecznie-nagrania\/r83zfv8\" id=\"b2d26599-910a-4e30-a22c-05c280c1ab47\" rel=\"nofollow noopener\" target=\"_blank\">Policja i s\u0142u\u017cby drogowe stara\u0142y si\u0119 tworzy\u0107 na S7 korytarze \u017cycia<\/a>, kt\u00f3rymi auta osobowe mog\u0142y wyjecha\u0107 z zasypanej drogi. W tym celu pod pr\u0105d \u2014 pod eskort\u0105 policji \u2014 wje\u017cd\u017ca\u0142y na drog\u0119 p\u0142ugopiaskarki. Ich prac\u0119 szybko niweczy\u0142 padaj\u0105cy \u015bnieg i wiatr zawiewaj\u0105cy na drog\u0119 \u015bnieg z p\u00f3l.<\/p>\n<p class=\"Paragraph_desktopParagraph__U31Gm\">Tras\u0119 S7 w okolicach Rychnowa we wtorek po po\u0142udniu zablokowa\u0142y w obu kierunkach tiry, kt\u00f3re nie mog\u0142y podjecha\u0107 pod wzniesienia.<\/p>\n<p class=\"Paragraph_desktopParagraph__U31Gm\">Ludzie, kt\u00f3rzy utkn\u0119li w korku, pisali w portalach spo\u0142eczno\u015bciowych, \u017ce nie mog\u0105 skorzysta\u0107 z toalet, nie maj\u0105 co je\u015b\u0107 i pi\u0107, niekt\u00f3rzy powinni przyj\u0105\u0107 leki. Niekt\u00f3rym autom ko\u0144czy\u0142o si\u0119 paliwo. Na zdj\u0119ciach zamieszczanych do tych wpis\u00f3w by\u0142o wida\u0107 zaspy.<\/p>\n<p class=\"Paragraph_desktopParagraph__U31Gm\">W Warmi\u0144sko-Mazurskim ci\u0105gle pada \u015bnieg i wieje wiatr, kt\u00f3ry tworzy nowe zaspy.<\/p>\n","protected":false},"excerpt":{"rendered":"Du\u017co czytania, a ma\u0142o czasu? Sprawd\u017a\u00a0skr\u00f3t\u00a0artyku\u0142u Z powodu obfitych opad\u00f3w \u015bniegu od wtorku od godzin popo\u0142udniowych trasa S7&hellip;\n","protected":false},"author":2,"featured_media":179160,"comment_status":"","ping_status":"","sticky":false,"template":"","format":"standard","meta":{"footnotes":""},"categories":[5],"tags":[32,33,6766,36,37,1048,27,496,34,35,28,31,53,25,2948,52,68,51,29478,55,42,78,38,251,40,39,41,3620,47,7312,25480,29,30,65,50,26],"class_list":{"0":"post-179810","1":"post","2":"type-post","3":"status-publish","4":"format-standard","5":"has-post-thumbnail","7":"category-naglowki","8":"tag-breaking-news","9":"tag-breakingnews","10":"tag-drogi_droga","11":"tag-featured-news","12":"tag-featurednews","13":"tag-gdansk","14":"tag-headlines","15":"tag-kierowcy","16":"tag-latest-news","17":"tag-latestnews","18":"tag-naglowki","19":"tag-najwazniejsze-artykuly","20":"tag-new_header","21":"tag-news","22":"tag-olsztyn","23":"tag-onet3","24":"tag-onet3d","25":"tag-onet3d_2i","26":"tag-ostroda","27":"tag-phx","28":"tag-pl","29":"tag-pogoda","30":"tag-poland","31":"tag-policja_policjanci_policjant_policjantka_policjantki","32":"tag-polish","33":"tag-polska","34":"tag-polski","35":"tag-s7","36":"tag-screening_general","37":"tag-snieg","38":"tag-sniezyce","39":"tag-top-stories","40":"tag-topstories","41":"tag-update_me","42":"tag-v2021","43":"tag-wiadomosci"},"share_on_mastodon":{"url":"","error":"Validation failed: Text character limit of 500 exceeded"},"_links":{"self":[{"href":"https:\/\/www.europesays.com\/pl\/wp-json\/wp\/v2\/posts\/179810","targetHints":{"allow":["GET"]}}],"collection":[{"href":"https:\/\/www.europesays.com\/pl\/wp-json\/wp\/v2\/posts"}],"about":[{"href":"https:\/\/www.europesays.com\/pl\/wp-json\/wp\/v2\/types\/post"}],"author":[{"embeddable":true,"href":"https:\/\/www.europesays.com\/pl\/wp-json\/wp\/v2\/users\/2"}],"replies":[{"embeddable":true,"href":"https:\/\/www.europesays.com\/pl\/wp-json\/wp\/v2\/comments?post=179810"}],"version-history":[{"count":0,"href":"https:\/\/www.europesays.com\/pl\/wp-json\/wp\/v2\/posts\/179810\/revisions"}],"wp:featuredmedia":[{"embeddable":true,"href":"https:\/\/www.europesays.com\/pl\/wp-json\/wp\/v2\/media\/179160"}],"wp:attachment":[{"href":"https:\/\/www.europesays.com\/pl\/wp-json\/wp\/v2\/media?parent=179810"}],"wp:term":[{"taxonomy":"category","embeddable":true,"href":"https:\/\/www.europesays.com\/pl\/wp-json\/wp\/v2\/categories?post=179810"},{"taxonomy":"post_tag","embeddable":true,"href":"https:\/\/www.europesays.com\/pl\/wp-json\/wp\/v2\/tags?post=179810"}],"curies":[{"name":"wp","href":"https:\/\/api.w.org\/{rel}","templated":true}]}}