{"id":179817,"date":"2025-12-31T11:17:10","date_gmt":"2025-12-31T11:17:10","guid":{"rendered":"https:\/\/www.europesays.com\/pl\/179817\/"},"modified":"2025-12-31T11:17:10","modified_gmt":"2025-12-31T11:17:10","slug":"wojna-na-ukrainie-zmasowany-atak-rosji-na-odesse-wsrod-rannych-niemowle","status":"publish","type":"post","link":"https:\/\/www.europesays.com\/pl\/179817\/","title":{"rendered":"Wojna na Ukrainie. Zmasowany atak Rosji na Odess\u0119. W\u015br\u00f3d rannych niemowl\u0119"},"content":{"rendered":"<p>W skr\u00f3cie<\/p>\n<ul class=\"typography ids-typeset-body ids-typeset-body--preset-large list ids-list ids-list--unordered ids-list--size-large \" datatype=\"disc\">\n<li class=\"ids-list-item\">\n<p>Rosjanie przeprowadzili zmasowany atak dronowy na Odess\u0119, trafiaj\u0105c w wie\u017cowce mieszkalne.<\/p>\n<\/li>\n<li class=\"ids-list-item\">\n<p>W wyniku nocnych atak\u00f3w na Ukrain\u0119 rannych zosta\u0142o co najmniej 13 os\u00f3b, w tym dzieci.<\/p>\n<\/li>\n<li class=\"ids-list-item\">\n<p>W wyniku uderze\u0144 bezza\u0142ogowc\u00f3w uszkodzona zosta\u0142a infrastruktura energetyczna.<\/p>\n<\/li>\n<li class=\"ids-list-item\"><\/li>\n<\/ul>\n<p class=\"typography ids-typeset-body ids-typeset-body--preset-large link paragraph ids-paragraph ids-paragraph--default\">Rosjanie przeprowadzili w nocy z wtorku na \u015brod\u0119 zmasowany atak dron\u00f3w\u00a0na Odess\u0119. Bezza\u0142ogowce uderzy\u0142y m.in. w dwa wie\u017cowce mieszkalne. W jednym z nich wybuch\u0142 po\u017car, kt\u00f3ry obj\u0105\u0142 mieszkania od drugiego do sz\u00f3stego pi\u0119tra. Zniszczonych zosta\u0142o te\u017c kilka samochod\u00f3w.<\/p>\n<p class=\"typography ids-typeset-body ids-typeset-body--preset-large link paragraph ids-paragraph ids-paragraph--default\">Rannych zosta\u0142o co najmniej sze\u015b\u0107 os\u00f3b, w tym troje dzieci. Kilkumiesi\u0119czne niemowl\u0119, o\u015bmioletnia dziewczynka i 14-letni ch\u0142opiec s\u0105 w stanie &#8222;umiarkowanym&#8221;. Najci\u0119\u017cej poszkodowany to 42-letni m\u0119\u017cczyzna, kt\u00f3rego stan jest okre\u015blany jako &#8222;powa\u017cny&#8221;. Ucierpia\u0142y te\u017c dwie kobiety w wieku 38 i 58 lat.<\/p>\n<p>Wojna w Ukrainie. Zmasowany atak Rosji na Odess\u0119<\/p>\n<p class=\"typography ids-typeset-body ids-typeset-body--preset-large link paragraph ids-paragraph ids-paragraph--default\">Celem rosyjskich atak\u00f3w w obwodzie odeskim by\u0142a infrastruktura cywilna, logistyczna i energetyczna.<\/p>\n<p class=\"typography ids-typeset-body ids-typeset-body--preset-large link paragraph ids-paragraph ids-paragraph--default\">&#8222;W cz\u0119\u015bci miasta nie ma obecnie pr\u0105du&#8221; &#8211; przekaza\u0142 Serhij \u0141ysak, szef administracji wojskowej <a href=\"https:\/\/wydarzenia.interia.pl\/tematy-odessa,gsbi,6857\" rel=\"nofollow noopener\" target=\"_blank\">Odessy<\/a> i doda\u0142, \u017ce wielu mieszka\u0144c\u00f3w miasta zosta\u0142o pozbawionych dost\u0119pu do wody i ogrzewania. Trwaj\u0105 prace w uszkodzonych obiektach infrastruktury krytycznej.<\/p>\n<p class=\"typography ids-typeset-body ids-typeset-body--preset-large link paragraph ids-paragraph ids-paragraph--default\">DTEK, czyli najwi\u0119kszy prywatny inwestor w bran\u017cy energetycznej w Ukrainie, poda\u0142, \u017ce nalot rosyjskich dron\u00f3w wyrz\u0105dzi\u0142 w obwodzie odeskim &#8222;znaczne szkody&#8221;.<\/p>\n<p class=\"typography ids-typeset-body ids-typeset-body--preset-large link paragraph ids-paragraph ids-paragraph--default\">&#8222;To kolejny dow\u00f3d na to, \u017ce <a href=\"https:\/\/wydarzenia.interia.pl\/tematy-rosja,gsbi,3125\" rel=\"nofollow noopener\" target=\"_blank\">Rosja<\/a> prowadzi wojn\u0119 przeciwko ludno\u015bci cywilnej&#8221; &#8211; podkre\u015bli\u0142.<\/p>\n<p class=\"typography ids-typeset-body ids-typeset-body--preset-large link paragraph ids-paragraph ids-paragraph--default\"><a href=\"https:\/\/geekweek.interia.pl\/marki-i-produkty-drony,gsbi,2809\" rel=\"nofollow noopener\" target=\"_blank\">Drony<\/a> uderzy\u0142y te\u017c w innych cz\u0119\u015bciach\u00a0obwodu odeskiego. W jednej z miejscowo\u015bci dosz\u0142o do po\u017caru w siedzibie lokalnego przedsi\u0119biorstwa.<\/p>\n<p>Ukraina. Rosyjskie drony uderzy\u0142y w obwodach dniepropietrowskim i cherso\u0144skim<\/p>\n<p class=\"typography ids-typeset-body ids-typeset-body--preset-large link paragraph ids-paragraph ids-paragraph--default\">Po nocnych atakach dwie osoby zosta\u0142y ranne w obwodzie dniepropietrowskim. Wed\u0142ug pe\u0142ni\u0105cego obowi\u0105zki szefa obwodowych w\u0142adz wojskowych W\u0142adys\u0142awa Hajwanenki s\u0105 to m\u0119\u017cczy\u017ani w wieku 84 i 52 lat.<\/p>\n<p class=\"typography ids-typeset-body ids-typeset-body--preset-large link paragraph ids-paragraph ids-paragraph--default\">Pi\u0119\u0107 os\u00f3b ucierpia\u0142o na skutek ostrza\u0142\u00f3w obwodu cherso\u0144skiego. &#8222;Rosyjskie wojska ostrzeliwa\u0142y infrastruktur\u0119 krytyczn\u0105 i u\u017cyteczno\u015bci publicznej oraz dzielnice mieszkalne miejscowo\u015bci obwodu; uszkodzone zosta\u0142y trzy budynki wielorodzinne i siedem dom\u00f3w prywatnych. Okupanci zniszczyli tak\u017ce plac\u00f3wk\u0119 bankow\u0105, budynek gospodarczy oraz prywatne samochody&#8221; &#8211; przekaza\u0142 na Telegramie O\u0142eksandr Prokudin z cherso\u0144skiej administracji wojskowej.<\/p>\n<p class=\"typography ids-typeset-body ids-typeset-body--preset-large link paragraph ids-paragraph ids-paragraph--default\">W \u015brod\u0119 w godzinach porannych Si\u0142y Powietrzne <a href=\"https:\/\/wydarzenia.interia.pl\/tematy-ukraina,gsbi,3144\" rel=\"nofollow noopener\" target=\"_blank\">Ukrainy<\/a> poinformowa\u0142y, \u017ce minionej nocy Rosjanie pos\u0142ali 127 dron\u00f3w r\u00f3\u017cnych typ\u00f3w. 101 z nich uda\u0142o si\u0119 zestrzeli\u0107 b\u0105d\u017a unieszkodliwi\u0107.<\/p>\n<p>Ustawa o statusie osoby najbli\u017cszej. Szefernaker: Furtka do adopcji dzieci przez pary homoseksualnePolsat NewsPolsat News<\/p>\n<p><a class=\"ids-undecorated-link source ids-page-info--source__link\" href=\"https:\/\/p.iplsc.com\/-\/000L0SCEGA4O3ESS.pdf\" rel=\"nofollow noopener\" target=\"_blank\"><img decoding=\"async\" class=\"ids-image-holder__img\" loading=\"lazy\" alt=\"\" title=\"\" height=\"24px\" src=\"https:\/\/www.europesays.com\/pl\/wp-content\/uploads\/2025\/12\/1766553730_818_0009A6098CYXTC6T-C202-F4.webp.webp\"\/><\/a><a class=\"ids-undecorated-link source ids-page-info--source__link\" href=\"https:\/\/www.interia.pl\" rel=\"nofollow noopener\" target=\"_blank\"><img decoding=\"async\" class=\"ids-image-holder__img\" loading=\"lazy\" alt=\"\" title=\"\" height=\"24px\" src=\"https:\/\/www.europesays.com\/pl\/wp-content\/uploads\/2025\/12\/1767151880_413_0009A60QQ5I2TYF7-C202-F4.webp.webp\"\/><\/a><\/p>\n<p>Masz sugestie, uwagi albo widzisz b\u0142\u0105d? Napisz do nas<\/p>\n","protected":false},"excerpt":{"rendered":"W skr\u00f3cie Rosjanie przeprowadzili zmasowany atak dronowy na Odess\u0119, trafiaj\u0105c w wie\u017cowce mieszkalne. W wyniku nocnych atak\u00f3w na&hellip;\n","protected":false},"author":2,"featured_media":179818,"comment_status":"","ping_status":"","sticky":false,"template":"","format":"standard","meta":{"footnotes":""},"categories":[14],"tags":[32,33,27,34,35,28,31,25,40,41,80,29,30,26,82,83,84],"class_list":{"0":"post-179817","1":"post","2":"type-post","3":"status-publish","4":"format-standard","5":"has-post-thumbnail","7":"category-swiat","8":"tag-breaking-news","9":"tag-breakingnews","10":"tag-headlines","11":"tag-latest-news","12":"tag-latestnews","13":"tag-naglowki","14":"tag-najwazniejsze-artykuly","15":"tag-news","16":"tag-polish","17":"tag-polski","18":"tag-swiat","19":"tag-top-stories","20":"tag-topstories","21":"tag-wiadomosci","22":"tag-world","23":"tag-world-news","24":"tag-worldnews"},"share_on_mastodon":{"url":"https:\/\/pubeurope.com\/@pl\/115813904799740024","error":""},"_links":{"self":[{"href":"https:\/\/www.europesays.com\/pl\/wp-json\/wp\/v2\/posts\/179817","targetHints":{"allow":["GET"]}}],"collection":[{"href":"https:\/\/www.europesays.com\/pl\/wp-json\/wp\/v2\/posts"}],"about":[{"href":"https:\/\/www.europesays.com\/pl\/wp-json\/wp\/v2\/types\/post"}],"author":[{"embeddable":true,"href":"https:\/\/www.europesays.com\/pl\/wp-json\/wp\/v2\/users\/2"}],"replies":[{"embeddable":true,"href":"https:\/\/www.europesays.com\/pl\/wp-json\/wp\/v2\/comments?post=179817"}],"version-history":[{"count":0,"href":"https:\/\/www.europesays.com\/pl\/wp-json\/wp\/v2\/posts\/179817\/revisions"}],"wp:featuredmedia":[{"embeddable":true,"href":"https:\/\/www.europesays.com\/pl\/wp-json\/wp\/v2\/media\/179818"}],"wp:attachment":[{"href":"https:\/\/www.europesays.com\/pl\/wp-json\/wp\/v2\/media?parent=179817"}],"wp:term":[{"taxonomy":"category","embeddable":true,"href":"https:\/\/www.europesays.com\/pl\/wp-json\/wp\/v2\/categories?post=179817"},{"taxonomy":"post_tag","embeddable":true,"href":"https:\/\/www.europesays.com\/pl\/wp-json\/wp\/v2\/tags?post=179817"}],"curies":[{"name":"wp","href":"https:\/\/api.w.org\/{rel}","templated":true}]}}