{"id":179885,"date":"2025-12-31T11:56:09","date_gmt":"2025-12-31T11:56:09","guid":{"rendered":"https:\/\/www.europesays.com\/pl\/179885\/"},"modified":"2025-12-31T11:56:09","modified_gmt":"2025-12-31T11:56:09","slug":"tomasz-karolak-pozwany-za-kontrowersyjna-reklame-nie-zycze-sobie","status":"publish","type":"post","link":"https:\/\/www.europesays.com\/pl\/179885\/","title":{"rendered":"Tomasz Karolak pozwany za kontrowersyjn\u0105 reklam\u0119. &#8222;Nie \u017cycz\u0119 sobie&#8230;&#8221;"},"content":{"rendered":"<p class=\"Paragraph_desktopParagraph__U31Gm\">Kampania reklamowa piwa, kt\u00f3ra pojawi\u0142a si\u0119 w polskich mediach na pocz\u0105tku grudnia, wywo\u0142a\u0142a gor\u0105c\u0105 dyskusj\u0119 tu\u017c przed \u015bwi\u0119tami. W kontrowersyjnym spocie <a href=\"https:\/\/plejada.pl\/temat\/tomasz-karolak-aktor\/ewpdylz\" id=\"595c975b-6515-4416-b26a-dc8967fbebab\" rel=\"nofollow noopener\" target=\"_blank\">Tomasz Karolak<\/a> wciela si\u0119 w posta\u0107 \u015bw. Miko\u0142aja i ustawia przy choince butelki piwa. Spot wywo\u0142a\u0142 liczne reakcje w\u015br\u00f3d opinii publicznej \u2014 cz\u0119\u015b\u0107 widz\u00f3w potraktowa\u0142a reklam\u0119 jako \u017cart, jednak wielu uzna\u0142o j\u0105 za nieodpowiedni\u0105, zw\u0142aszcza w kontek\u015bcie najm\u0142odszych odbiorc\u00f3w.<\/p>\n<ul class=\"OchatFollowUps_wrapper__1ry7X\">\n<li class=\"OchatFollowUps_item__Dhyly OchatFollowUps_itemDesktop__R6aBv\">Dlaczego Tomasz Karolak zosta\u0142 pozwany?<\/li>\n<li class=\"OchatFollowUps_item__Dhyly OchatFollowUps_itemDesktop__R6aBv\">Kto pozywa Tomasza Karolaka?<\/li>\n<li class=\"OchatFollowUps_item__Dhyly OchatFollowUps_itemDesktop__R6aBv\">Co zawiera reklama z Tomaszem Karolakiem?<\/li>\n<li class=\"OchatFollowUps_item__Dhyly OchatFollowUps_itemDesktop__R6aBv\">Jakie by\u0142y reakcje na kampani\u0119 reklamow\u0105?<\/li>\n<\/ul>\n<p>Znany aktor pozywa Tomasza Karolaka. Wszystko przez kontrowersyjn\u0105 reklam\u0119 <\/p>\n<p class=\"Paragraph_desktopParagraph__U31Gm\">W spraw\u0119 zaanga\u017cowa\u0142y si\u0119 tak\u017ce osoby publiczne. Ilona Felicja\u0144ska w ostrych s\u0142owach skrytykowa\u0142a kampani\u0119, odwo\u0142uj\u0105c si\u0119 do w\u0142asnych do\u015bwiadcze\u0144 zwi\u0105zanych z walk\u0105 z uzale\u017cnieniem. Do Krajowej Rady Radiofonii i Telewizji zacz\u0119\u0142y nap\u0142ywa\u0107 skargi, co sk\u0142oni\u0142o przewodnicz\u0105c\u0105 Agnieszk\u0119 Glapiak do zlecenia kontroli reklamy i zaapelowania do nadawc\u00f3w o natychmiastowe wstrzymanie jej emisji.<\/p>\n<p class=\"Paragraph_desktopParagraph__U31Gm\">G\u0142os w sprawie zabra\u0142 tak\u017ce Adrian K\u0142os, aktor znany mi\u0119dzy innymi z udzia\u0142u w filmu &#8222;Pitbull&#8221;. W opublikowanym 30 grudnia o\u015bwiadczeniu poinformowa\u0142, \u017ce z\u0142o\u017cy\u0142 oficjalne zawiadomienie do prokuratury o mo\u017cliwo\u015bci pope\u0142nienia przest\u0119pstwa przez Tomasza Karolaka oraz firm\u0119 Van Pur S.A., b\u0119d\u0105c\u0105 w\u0142a\u015bcicielem marki \u0141om\u017ca.<\/p>\n<blockquote>\n<p class=\"Paragraph_desktopParagraph__U31Gm\">Pozwa\u0142em Tomasza Karolaka i producenta piwa \u0141om\u017ca. Nie wiem jak wy, ale ja, jako ojciec tr\u00f3jki ma\u0142ych dzieci, nie \u017cycz\u0119 sobie, aby ogl\u0105da\u0142y one w sieci czy telewizji reklamy z Miko\u0142ajem, kt\u00f3ry pije piwo i zach\u0119ca do jego kupowania. (&#8230;) W\u0142a\u015bnie z\u0142o\u017cy\u0142em oficjalne zawiadomienie o podejrzeniu pope\u0142nienia przest\u0119pstwa do Prokuratury Rejonowej Warszawa-Wola wobec firmy Van Pur S.A. oraz pana Tomasza Karolaka<\/p>\n<\/blockquote>\n<p class=\"Paragraph_desktopParagraph__U31Gm\">\u2014 napisa\u0142 na Instagramie.<\/p>\n<p class=\"Paragraph_desktopParagraph__U31Gm\">&#8222;Ta reklama to bezpo\u015brednia pr\u00f3ba dotarcia do najm\u0142odszych odbiorc\u00f3w. (&#8230;) Zawiadomi\u0142em prokuratur\u0119, poniewa\u017c prawo zakazuje kierowania reklamy piwa do ma\u0142oletnich. Wnioskuj\u0119 o poci\u0105gni\u0119cie do odpowiedzialno\u015bci karnej r\u00f3wnie\u017c Tomasza Karolaka za pomocnictwo w tym procederze. (&#8230;) Panie Karolak, jako osoba publiczna i ojciec, ponosi pan szczeg\u00f3ln\u0105 odpowiedzialno\u015b\u0107 za wzorce, jakie sprzedaje pan cudzym dzieciom. (&#8230;) Tak po ludzku, nie wstyd panu przed swoimi dzie\u0107mi? Mamy obecnie w Sejmie projekty zmian ustawy o wychowaniu w trze\u017awo\u015bci. Czas najwy\u017cszy, aby ten reklamowy rynsztok znikn\u0105\u0142 z przestrzeni publicznej. Nasze dzieci to nie towar, a Miko\u0142aj nie powinien \u015bmierdzie\u0107 i kojarzy\u0107 si\u0119 z piwem&#8221; \u2014 doda\u0142 aktor.<\/p>\n<p class=\"Paragraph_desktopParagraph__U31Gm\">Dzi\u0119kujemy, \u017ce przeczyta\u0142a\u015b\/e\u015b nasz artyku\u0142 do ko\u0144ca. W serwisie Plejada.pl ka\u017cdego dnia piszemy o najwa\u017cniejszych wydarzeniach show-biznesowych. B\u0105d\u017a na bie\u017c\u0105co! <a rel=\"nofollow noopener\" href=\"https:\/\/profile.google.com\/cp\/Cg0vZy8xMWJ6X19wdHBx\" id=\"cfeb167f-91c3-41ea-a668-3d13c38f6dcf\" target=\"_blank\">Obserwuj<\/a> Plejad\u0119 w Wiadomo\u015bciach Google. Odwied\u017a nas tak\u017ce na <a rel=\"nofollow noopener\" href=\"https:\/\/www.facebook.com\/plejadapl\" id=\"acb3bb3c-5706-4787-9d00-580ba114517f\" target=\"_blank\">Facebooku<\/a>, <a rel=\"nofollow noopener\" href=\"https:\/\/www.instagram.com\/plejadapl\/\" id=\"6c484fc1-25c6-44fc-b63f-567818b0568b\" target=\"_blank\">Instagramie<\/a>, <a rel=\"nofollow noopener\" href=\"https:\/\/www.youtube.com\/c\/plejada\" id=\"f99e3828-1efd-4a01-b06b-c6e8663cf07f\" target=\"_blank\">YouTube<\/a> oraz <a rel=\"nofollow noopener\" href=\"https:\/\/www.tiktok.com\/@plejada_pl\" id=\"5942a4fc-d3ef-48c0-b241-96f978142ec0\" target=\"_blank\">TikToku<\/a>.<\/p>\n<p class=\"Paragraph_desktopParagraph__U31Gm\">Chcesz podzieli\u0107 si\u0119 ciekawym newsem lub zaproponowa\u0107 temat? Skontaktuj si\u0119 z nami, pisz\u0105c e-maila na adres: <a href=\"https:\/\/www.onet.pl\/styl-zycia\/plejada\/tomasz-karolak-pozwany-za-kontrowersyjna-reklame-nie-zycze-sobie\/mailto:plejada@redakcjaonet.pl\" id=\"8332fe31-31d9-4bfd-b6cc-cde675f75ce9\" rel=\"nofollow noopener\" target=\"_blank\">plejada@redakcjaonet.pl<\/a>.<\/p>\n<p><script async src=\"\/\/www.instagram.com\/embed.js\"><\/script><script async src=\"\/\/www.tiktok.com\/embed.js\"><\/script><\/p>\n","protected":false},"excerpt":{"rendered":"Kampania reklamowa piwa, kt\u00f3ra pojawi\u0142a si\u0119 w polskich mediach na pocz\u0105tku grudnia, wywo\u0142a\u0142a gor\u0105c\u0105 dyskusj\u0119 tu\u017c przed \u015bwi\u0119tami.&hellip;\n","protected":false},"author":2,"featured_media":179886,"comment_status":"","ping_status":"","sticky":false,"template":"","format":"standard","meta":{"footnotes":""},"categories":[22],"tags":[122,67,261,53,52,68,51,55,42,38,40,39,41,123,47,3423,65,50],"class_list":{"0":"post-179885","1":"post","2":"type-post","3":"status-publish","4":"format-standard","5":"has-post-thumbnail","7":"category-rozrywka","8":"tag-entertainment","9":"tag-intextvideo_splayer","10":"tag-kultura","11":"tag-new_header","12":"tag-onet3","13":"tag-onet3d","14":"tag-onet3d_2i","15":"tag-phx","16":"tag-pl","17":"tag-poland","18":"tag-polish","19":"tag-polska","20":"tag-polski","21":"tag-rozrywka","22":"tag-screening_general","23":"tag-tomasz_karolak_aktor","24":"tag-update_me","25":"tag-v2021"},"share_on_mastodon":{"url":"https:\/\/pubeurope.com\/@pl\/115814058193312705","error":""},"_links":{"self":[{"href":"https:\/\/www.europesays.com\/pl\/wp-json\/wp\/v2\/posts\/179885","targetHints":{"allow":["GET"]}}],"collection":[{"href":"https:\/\/www.europesays.com\/pl\/wp-json\/wp\/v2\/posts"}],"about":[{"href":"https:\/\/www.europesays.com\/pl\/wp-json\/wp\/v2\/types\/post"}],"author":[{"embeddable":true,"href":"https:\/\/www.europesays.com\/pl\/wp-json\/wp\/v2\/users\/2"}],"replies":[{"embeddable":true,"href":"https:\/\/www.europesays.com\/pl\/wp-json\/wp\/v2\/comments?post=179885"}],"version-history":[{"count":0,"href":"https:\/\/www.europesays.com\/pl\/wp-json\/wp\/v2\/posts\/179885\/revisions"}],"wp:featuredmedia":[{"embeddable":true,"href":"https:\/\/www.europesays.com\/pl\/wp-json\/wp\/v2\/media\/179886"}],"wp:attachment":[{"href":"https:\/\/www.europesays.com\/pl\/wp-json\/wp\/v2\/media?parent=179885"}],"wp:term":[{"taxonomy":"category","embeddable":true,"href":"https:\/\/www.europesays.com\/pl\/wp-json\/wp\/v2\/categories?post=179885"},{"taxonomy":"post_tag","embeddable":true,"href":"https:\/\/www.europesays.com\/pl\/wp-json\/wp\/v2\/tags?post=179885"}],"curies":[{"name":"wp","href":"https:\/\/api.w.org\/{rel}","templated":true}]}}