{"id":17999,"date":"2025-09-26T20:34:07","date_gmt":"2025-09-26T20:34:07","guid":{"rendered":"https:\/\/www.europesays.com\/pl\/17999\/"},"modified":"2025-09-26T20:34:07","modified_gmt":"2025-09-26T20:34:07","slug":"jest-ogloszenie-bolesna-decyzja-huberta-hurkacza","status":"publish","type":"post","link":"https:\/\/www.europesays.com\/pl\/17999\/","title":{"rendered":"Jest og\u0142oszenie. Bolesna decyzja Huberta Hurkacza"},"content":{"rendered":"\n<p class=\"contentpart contentpart--default contentpart--text\" data-position=\"0\">Problemy zdrowotne <a href=\"https:\/\/sportowefakty.wp.pl\/tenis\/hubert-hurkacz\" rel=\"nofollow noopener\" target=\"_blank\">Huberta Hurkacza<\/a>\u00a0rozpocz\u0119\u0142y si\u0119 podczas zesz\u0142orocznego wielkoszlemowego Wimbledonu. W\u00f3wczas bowiem dozna\u0142 kontuzji, a przez to, \u017ce chcia\u0142 wyst\u0105pi\u0107 na igrzyskach olimpijskich w Pary\u017cu, nie zdecydowa\u0142 si\u0119 na zalecane leczenie.<\/p>\n<p class=\"contentpart contentpart--default contentpart--text\" data-position=\"1\">W tym roku problemy z kolanem ponownie da\u0142y si\u0119 we znaki. Dosz\u0142o do tego, \u017ce w lipcu Polak poinformowa\u0142, \u017ce podda\u0142 si\u0119 artroskopii, a podczas zabiegu usuni\u0119to przero\u015bni\u0119t\u0105 b\u0142on\u0119 maziow\u0105, kt\u00f3ra sprawia\u0142a k\u0142opoty.<\/p>\n<p class=\"contentpart contentpart--default contentpart--text\" data-position=\"2\">Od tego czasu nasz tenisista raz po raz wycofywa\u0142 si\u0119 z kolejnych turniej\u00f3w. W pi\u0105tek (26 wrze\u015bnia) jasne sta\u0142o si\u0119, \u017ce nie wyst\u0105pi w imprezie rangi ATP 1000 w Szanghaju. Kilka godzin po tym og\u0142oszeniu Hurkacz zamie\u015bci\u0142 wpis, w kt\u00f3rym poinformowa\u0142 o swojej przysz\u0142o\u015bci.<\/p>\n<p class=\"contentpart contentpart--default contentpart--text\" data-position=\"3\">&#8222;Drodzy kibice, chcia\u0142bym wam bardzo podzi\u0119kowa\u0107 za wszystkie wiadomo\u015bci, wsparcie i dobre s\u0142owa, kt\u00f3re od Was dostaj\u0119. To dla mnie ogromnie wa\u017cne i dodaje mn\u00f3stwo energii. Czuj\u0119 si\u0119 dobrze, wszystko idzie tak jak trzeba i wygl\u0105da naprawd\u0119 pozytywnie. Codziennie pracuj\u0119 z moim zespo\u0142em na si\u0142owni, na korcie i z fizjoterapeut\u0105. Jednocze\u015bnie wiem, \u017ce aby wr\u00f3ci\u0107 do gry w turniejach i rywalizowa\u0107 na najwy\u017cszym poziomie, musz\u0119 by\u0107 przygotowany na 110 proc. Dlatego najlepsz\u0105 decyzj\u0105 jest start w kolejnym sezonie \u2013 w pe\u0142ni gotowy do walki. Dzi\u0119kuj\u0119, \u017ce jeste\u015bcie ze mn\u0105 i do zobaczenia ju\u017c wkr\u00f3tce na turniejach!&#8221; &#8211; brzmi wpis Hurkacza\u00a0w mediach spo\u0142eczno\u015bciowych.<\/p>\n<p class=\"contentpart contentpart--default contentpart--text\" data-position=\"4\">Tym samym mo\u017cna spodziewa\u0107 si\u0119, \u017ce sytuacja Polaka w \u015bwiatowym rankingu <a href=\"https:\/\/sportowefakty.wp.pl\/tenis\/atp\" rel=\"nofollow noopener\" target=\"_blank\">ATP<\/a>\u00a0jeszcze si\u0119 pogorszy. Obecnie nasz tenisista, kt\u00f3ry najwy\u017cej by\u0142 sklasyfikowany na 6. miejscu, plasuje si\u0119 na 78. lokacie.<\/p>\n<p class=\"contentpart contentpart--default contentpart--text\" data-position=\"5\">ZOBACZ WIDEO: Polska mistrzyni prze\u017cy\u0142a koszmar. &#8222;M\u00f3j m\u0105\u017c wtedy pierwszy raz zemdla\u0142&#8221;<\/p>\n","protected":false},"excerpt":{"rendered":"Problemy zdrowotne Huberta Hurkacza\u00a0rozpocz\u0119\u0142y si\u0119 podczas zesz\u0142orocznego wielkoszlemowego Wimbledonu. W\u00f3wczas bowiem dozna\u0142 kontuzji, a przez to, \u017ce chcia\u0142&hellip;\n","protected":false},"author":2,"featured_media":18000,"comment_status":"","ping_status":"","sticky":false,"template":"","format":"standard","meta":{"footnotes":""},"categories":[24],"tags":[2080,6164,42,38,40,39,41,755,127,126,156],"class_list":{"0":"post-17999","1":"post","2":"type-post","3":"status-publish","4":"format-standard","5":"has-post-thumbnail","7":"category-sport","8":"tag-atp","9":"tag-hubert-hurkacz","10":"tag-pl","11":"tag-poland","12":"tag-polish","13":"tag-polska","14":"tag-polski","15":"tag-polski-tenis","16":"tag-sport","17":"tag-sports","18":"tag-tenis"},"share_on_mastodon":{"url":"","error":""},"_links":{"self":[{"href":"https:\/\/www.europesays.com\/pl\/wp-json\/wp\/v2\/posts\/17999","targetHints":{"allow":["GET"]}}],"collection":[{"href":"https:\/\/www.europesays.com\/pl\/wp-json\/wp\/v2\/posts"}],"about":[{"href":"https:\/\/www.europesays.com\/pl\/wp-json\/wp\/v2\/types\/post"}],"author":[{"embeddable":true,"href":"https:\/\/www.europesays.com\/pl\/wp-json\/wp\/v2\/users\/2"}],"replies":[{"embeddable":true,"href":"https:\/\/www.europesays.com\/pl\/wp-json\/wp\/v2\/comments?post=17999"}],"version-history":[{"count":0,"href":"https:\/\/www.europesays.com\/pl\/wp-json\/wp\/v2\/posts\/17999\/revisions"}],"wp:featuredmedia":[{"embeddable":true,"href":"https:\/\/www.europesays.com\/pl\/wp-json\/wp\/v2\/media\/18000"}],"wp:attachment":[{"href":"https:\/\/www.europesays.com\/pl\/wp-json\/wp\/v2\/media?parent=17999"}],"wp:term":[{"taxonomy":"category","embeddable":true,"href":"https:\/\/www.europesays.com\/pl\/wp-json\/wp\/v2\/categories?post=17999"},{"taxonomy":"post_tag","embeddable":true,"href":"https:\/\/www.europesays.com\/pl\/wp-json\/wp\/v2\/tags?post=17999"}],"curies":[{"name":"wp","href":"https:\/\/api.w.org\/{rel}","templated":true}]}}