{"id":1800,"date":"2025-09-18T02:50:17","date_gmt":"2025-09-18T02:50:17","guid":{"rendered":"https:\/\/www.europesays.com\/pl\/1800\/"},"modified":"2025-09-18T02:50:17","modified_gmt":"2025-09-18T02:50:17","slug":"szefowa-ke-rozmawiala-z-donaldem-trumpem-glownym-tematem-presja-na-rosje-onet","status":"publish","type":"post","link":"https:\/\/www.europesays.com\/pl\/1800\/","title":{"rendered":"Szefowa KE rozmawia\u0142a z Donaldem Trumpem. G\u0142\u00f3wnym tematem presja na Rosj\u0119 &#8211; Onet"},"content":{"rendered":"<ol>\n<li><a href=\"https:\/\/news.google.com\/rss\/articles\/CBMizgFBVV95cUxNdFhDR2FrZTNmVGR0cWxtWWJ6bzVkOWkzTW5aVUNpbWpLMDVHSTM1U01idGtBQjVMV1JqWGp0Mk9VOTZHN0daMmI4Um5MRERlTXE2cVFhajVZdWJ0ZTVjQVBMZ3BSUkl4OVphMnUxQVRMS3VFU0hWZ2N5aC1pMFNGV1VHMnRSckNUUGF1RjlVdHQ1ai1yZV81VVRMZ3Z1SzctRTBSdkNTWFlxbjRjQ2h3TWc2NFc2NjRaRHYtSXZuV2xXZTN6RFpiQ3RacTlIQQ?oc=5\" target=\"_blank\" rel=\"nofollow noopener\">Szefowa KE rozmawia\u0142a z Donaldem Trumpem. G\u0142\u00f3wnym tematem presja na Rosj\u0119<\/a>&nbsp;&nbsp;Onet<\/li>\n<li><a href=\"https:\/\/news.google.com\/rss\/articles\/CBMi0wFBVV95cUxNRVVnam92Z2pmdWJXQ1h0YmlMLVNVd2ZMcm5uWVBCRVhDOS1DZkw5eFl0MHBxN09OUXZoX05nVWFGOUk0cTZrYThwcXdyUTV2a3h1QXVCdDEwMEhnWnFuNnJWWGVSV2V3aXkxMmVLVk8wMW5aM2NManNOOFBscjltTl8zZnZ2aEhzQ3VFb3lWV2RkeEkxYkFxM0Z0alduTGF1bmlXcjBrcEFpRXRjekVuYXN0cmlfY3hJN3JDS0NlWE15MUFPUHpLTkw5N0lYZUZKMHRR?oc=5\" target=\"_blank\" rel=\"nofollow noopener\">Trump domaga si\u0119 odej\u015bcia od gazu i ropy z Rosji. Jest odpowied\u017a z KE<\/a>&nbsp;&nbsp;Money.pl<\/li>\n<li><a href=\"https:\/\/news.google.com\/rss\/articles\/CBMiywFBVV95cUxQY3VxNk1IZU9sWjJIYnVmSWdRT2x5SEFGMURmZTJabFY0MlY2eXJNLVpjODFWYS1PaGlVeDhhM1Y4SW1kcGRkdEFRenJSTzFXT1RKSXhucU9YM3VhbFpXYnhBYmtZU3dwNHlDS2pWUC1SYUpHc3g3MUFQbU5yS3FjcVBxX1lDU25ndkFycUtFTjFEN0FsbkFaMGVmRUEtNS1fYXBpY2w1VnVNWnZhZ0VKVVdnMngzZlBlSzFkbkFYRU5yejFORUZqVmpkZw?oc=5\" target=\"_blank\" rel=\"nofollow noopener\">Szefowa unijnej dyplomacji: musimy uderzy\u0107<\/a>&nbsp;&nbsp;TVN24<\/li>\n<li><a href=\"https:\/\/news.google.com\/rss\/articles\/CBMi0AFBVV95cUxOeE5OTW45T2p6V01ZT1FiaW1kQThRdHhCUkpfSy00b3FjWTF3VVlPbF9uVEZkbGV5anhhb09BQ1FhMms2anc0MkVrQUhpY2RDTkV6T2pHdkRqOGdoMHA2cDdKTWFNR1owNlJobGdiTHFWeDJtZG5YX2VIMW9mVHVOZEVEVnROVEF6U2dtM2FkNjRHb2pTSWU5M0N1RDVZTVkzUDBTdEdXSThnTFhYLVNSV3ZmSzJ6aUt2LWpKRTllcGRjaV8xMDJOSF9LLVl5TXJJ0gHPAUFVX3lxTFB6RG5MZkZKY1N2ckRXT1RpLXBFdTkxR1doa083b29Dc0UycF8zNWpEdnZ6MDQtd0ZKcjNFOTBUSDV4UHllRnlLS2syWi1Ha2RCSWt4RzIta296YzdiWHlEWjJIWnNydzhYTHJ2MUZ3SEg2YXVOeERjMk42XzBlcVlpSDdDMGdocDRheUVkTjN2OTdmNmJaUkRjbDVLNk92bkpHR3dNaWxlb1o1ZXNkM2x5bW5ZZEFOa3RlaEREV0ZuemtHTUZrYWRHU0FWUmh1NA?oc=5\" target=\"_blank\" rel=\"nofollow noopener\">Kreml odpowiada szefowej KE: sankcje nie odbijaj\u0105 si\u0119 na Rosji, ostatnie lata tego dowiod\u0142y<\/a>&nbsp;&nbsp;Bankier.pl<\/li>\n<li><a href=\"https:\/\/news.google.com\/rss\/articles\/CBMivAFBVV95cUxOXzVTRDNqdjhPN2pVc1l1SVFDYTl0XzdqNWFnYmVtYnFBQlVSenFFQTg0U2t6MW5uY1BiMWVBaXMtOEwwdF9QVXdTYlRLNktzX3l5eGxHSm0ydFlQQ2hIWjlSM05lZ1BOM0lZZjZMcGJIVTBLbW50RVVDZWdQck1oTUNnVEdwYjFNMzh6T0IzNzNZLWREaFJqMUJqMS1UWUJ2RkJhZVF3aHFLdkRLeXRDREJlRXhuRjFpclZrcw?oc=5\" target=\"_blank\" rel=\"nofollow noopener\">Unia dogada si\u0119 z USA? Szefowa KE rozmawia\u0142a z Trumpem o zwi\u0119kszaniu presji na Rosj\u0119<\/a>&nbsp;&nbsp;wnp.pl<\/li>\n<\/ol>\n","protected":false},"excerpt":{"rendered":"Szefowa KE rozmawia\u0142a z Donaldem Trumpem. G\u0142\u00f3wnym tematem presja na Rosj\u0119&nbsp;&nbsp;Onet Trump domaga si\u0119 odej\u015bcia od gazu i&hellip;\n","protected":false},"author":2,"featured_media":1801,"comment_status":"","ping_status":"","sticky":false,"template":"","format":"standard","meta":{"footnotes":""},"categories":[14],"tags":[32,33,44,27,67,34,35,28,31,53,25,52,68,51,55,40,41,233,62,47,59,80,29,30,61,65,993,50,26,239,82,83,84],"class_list":{"0":"post-1800","1":"post","2":"type-post","3":"status-publish","4":"format-standard","5":"has-post-thumbnail","7":"category-swiat","8":"tag-breaking-news","9":"tag-breakingnews","10":"tag-donald_trump","11":"tag-headlines","12":"tag-intextvideo_splayer","13":"tag-latest-news","14":"tag-latestnews","15":"tag-naglowki","16":"tag-najwazniejsze-artykuly","17":"tag-new_header","18":"tag-news","19":"tag-onet3","20":"tag-onet3d","21":"tag-onet3d_2i","22":"tag-phx","23":"tag-polish","24":"tag-polski","25":"tag-rewardedp_tst0","26":"tag-rosja_kraj_rosjanin_rosjanie_rosjanka_rosjanki","27":"tag-screening_general","28":"tag-stany_zjednoczone_usa","29":"tag-swiat","30":"tag-top-stories","31":"tag-topstories","32":"tag-ue_unia_europejska_komisja_rada_komisarze","33":"tag-update_me","34":"tag-ursula_von_der_leyen_polityczka","35":"tag-v2021","36":"tag-wiadomosci","37":"tag-widget_ls_tst0","38":"tag-world","39":"tag-world-news","40":"tag-worldnews"},"share_on_mastodon":{"url":"","error":""},"_links":{"self":[{"href":"https:\/\/www.europesays.com\/pl\/wp-json\/wp\/v2\/posts\/1800","targetHints":{"allow":["GET"]}}],"collection":[{"href":"https:\/\/www.europesays.com\/pl\/wp-json\/wp\/v2\/posts"}],"about":[{"href":"https:\/\/www.europesays.com\/pl\/wp-json\/wp\/v2\/types\/post"}],"author":[{"embeddable":true,"href":"https:\/\/www.europesays.com\/pl\/wp-json\/wp\/v2\/users\/2"}],"replies":[{"embeddable":true,"href":"https:\/\/www.europesays.com\/pl\/wp-json\/wp\/v2\/comments?post=1800"}],"version-history":[{"count":0,"href":"https:\/\/www.europesays.com\/pl\/wp-json\/wp\/v2\/posts\/1800\/revisions"}],"wp:featuredmedia":[{"embeddable":true,"href":"https:\/\/www.europesays.com\/pl\/wp-json\/wp\/v2\/media\/1801"}],"wp:attachment":[{"href":"https:\/\/www.europesays.com\/pl\/wp-json\/wp\/v2\/media?parent=1800"}],"wp:term":[{"taxonomy":"category","embeddable":true,"href":"https:\/\/www.europesays.com\/pl\/wp-json\/wp\/v2\/categories?post=1800"},{"taxonomy":"post_tag","embeddable":true,"href":"https:\/\/www.europesays.com\/pl\/wp-json\/wp\/v2\/tags?post=1800"}],"curies":[{"name":"wp","href":"https:\/\/api.w.org\/{rel}","templated":true}]}}