{"id":180003,"date":"2025-12-31T13:03:08","date_gmt":"2025-12-31T13:03:08","guid":{"rendered":"https:\/\/www.europesays.com\/pl\/180003\/"},"modified":"2025-12-31T13:03:08","modified_gmt":"2025-12-31T13:03:08","slug":"poscig-w-czestochowie-wjechali-w-rury-17-latka-walczy-o-zycie-po-prostu-by-sie-ugotowali","status":"publish","type":"post","link":"https:\/\/www.europesays.com\/pl\/180003\/","title":{"rendered":"Po\u015bcig w Cz\u0119stochowie. Wjechali w rury, 17-latka walczy o \u017cycie. &#8222;Po prostu by si\u0119 ugotowali&#8221;"},"content":{"rendered":"<p class=\"ods-c-paragraph \">Poszkodowani trafili do szpitala, stan 17-letniej pasa\u017cerki jest okre\u015blany jako ci\u0119\u017cki \u2014 poda\u0142a w \u015brod\u0119 cz\u0119stochowska policja.<\/p>\n<p class=\"ods-c-paragraph \">Do wypadku dosz\u0142o we wtorek wieczorem na ul. Lourdyjskiej. Policjanci z cz\u0119stochowskiej drog\u00f3wki, jad\u0105c ulic\u0105 Warszawsk\u0105, zauwa\u017cyli volkswagena, kt\u00f3rego kierowca, zje\u017cd\u017caj\u0105c z ronda, nie w\u0142\u0105czy\u0142 kierunkowskazu. Mundurowi postanowili zatrzyma\u0107 pojazd do kontroli.<\/p>\n<p class=\"ods-c-paragraph \">&#8222;Kieruj\u0105cy zlekcewa\u017cy\u0142 jednak sygna\u0142y do zatrzymania i odjecha\u0142 w kierunku ulicy Lourdyjskiej. Mundurowi ruszyli za nim. Gdy doje\u017cd\u017cali do pobliskiej stacji paliw, okaza\u0142o si\u0119, \u017ce pojazd, kt\u00f3rym podr\u00f3\u017cowali m\u0142odzi ludzie, wjecha\u0142 pod biegn\u0105ce przy drodze rury ciep\u0142ownicze&#8221; \u2014 relacjonowa\u0142a policja. W aucie by\u0142y cztery osoby w wieku od 15 do 18 lat. S\u0142u\u017cby wydoby\u0142y rannych z wraku, nast\u0119pnie poszkodowani zostali przewiezieni do szpitala.<\/p>\n<p>Dalszy ci\u0105g artyku\u0142u pod materia\u0142em wideo<\/p>\n<p> Ile os\u00f3b by\u0142o w samochodzie podczas wypadku? <\/p>\n<p> Jaki by\u0142 stan zdrowia 17-letniej pasa\u017cerki? <\/p>\n<p> Dlaczego policjanci pr\u00f3bowali zatrzyma\u0107 volkswagena? <\/p>\n<p> Jakie dzia\u0142ania podj\u0119to po wypadku? <\/p>\n<p>  Uciekali przed policj\u0105, wjechali w rury ciep\u0142ownicze. 17-latka w ci\u0119\u017ckim stanie. &#8222;Po prostu by si\u0119 ugotowali&#8221;<\/p>\n<p class=\"ods-c-paragraph \">Andrzej \u015apiewak z firmy ciep\u0142owniczej Eko Team Cz\u0119stochowa przekaza\u0142 TVN24, \u017ce jedna rura ciep\u0142ownicza zosta\u0142a zrzucona z podstawy.<\/p>\n<p class=\"ods-c-paragraph \">\u2014 Temperatura wody w tych rurach to ok. 100 st. C. Gdyby ruroci\u0105g p\u0119k\u0142 i woda si\u0119 wyla\u0142a do samochodu, to ranni w tym wypadku by si\u0119 po prostu ugotowali \u2014 powiedzia\u0142 \u015apiewak.<\/p>\n<p class=\"ods-c-paragraph \">Z ustale\u0144 policjant\u00f3w wynika, \u017ce kieruj\u0105cy pojazdem 18-latek nie mia\u0142 uprawnie\u0144 do kierowania autem. By\u0142 trze\u017awy, jednak pobrano mu krew do dalszych bada\u0144. Na miejscu przez wiele godzin pracowali policjanci pod nadzorem prokuratora oraz policyjny technik. Dok\u0142adny przebieg, szczeg\u00f3\u0142y i okoliczno\u015bci wypadku b\u0119d\u0105 wyja\u015bniane przez cz\u0119stochowskich \u015bledczych.<\/p>\n","protected":false},"excerpt":{"rendered":"Poszkodowani trafili do szpitala, stan 17-letniej pasa\u017cerki jest okre\u015blany jako ci\u0119\u017cki \u2014 poda\u0142a w \u015brod\u0119 cz\u0119stochowska policja. Do&hellip;\n","protected":false},"author":2,"featured_media":180004,"comment_status":"","ping_status":"","sticky":false,"template":"","format":"standard","meta":{"footnotes":""},"categories":[12],"tags":[32,33,2368,36,37,27,34,35,28,31,48,25,46,42,38,414,40,39,41,1358,47,1887,29,30,26],"class_list":{"0":"post-180003","1":"post","2":"type-post","3":"status-publish","4":"format-standard","5":"has-post-thumbnail","7":"category-polska","8":"tag-breaking-news","9":"tag-breakingnews","10":"tag-czestochowa","11":"tag-featured-news","12":"tag-featurednews","13":"tag-headlines","14":"tag-latest-news","15":"tag-latestnews","16":"tag-naglowki","17":"tag-najwazniejsze-artykuly","18":"tag-nat_styl","19":"tag-news","20":"tag-omp","21":"tag-pl","22":"tag-poland","23":"tag-policja","24":"tag-polish","25":"tag-polska","26":"tag-polski","27":"tag-samochody_ruch_drogowy_motoryzacja","28":"tag-screening_general","29":"tag-slask","30":"tag-top-stories","31":"tag-topstories","32":"tag-wiadomosci"},"share_on_mastodon":{"url":"https:\/\/pubeurope.com\/@pl\/115814321591279773","error":""},"_links":{"self":[{"href":"https:\/\/www.europesays.com\/pl\/wp-json\/wp\/v2\/posts\/180003","targetHints":{"allow":["GET"]}}],"collection":[{"href":"https:\/\/www.europesays.com\/pl\/wp-json\/wp\/v2\/posts"}],"about":[{"href":"https:\/\/www.europesays.com\/pl\/wp-json\/wp\/v2\/types\/post"}],"author":[{"embeddable":true,"href":"https:\/\/www.europesays.com\/pl\/wp-json\/wp\/v2\/users\/2"}],"replies":[{"embeddable":true,"href":"https:\/\/www.europesays.com\/pl\/wp-json\/wp\/v2\/comments?post=180003"}],"version-history":[{"count":0,"href":"https:\/\/www.europesays.com\/pl\/wp-json\/wp\/v2\/posts\/180003\/revisions"}],"wp:featuredmedia":[{"embeddable":true,"href":"https:\/\/www.europesays.com\/pl\/wp-json\/wp\/v2\/media\/180004"}],"wp:attachment":[{"href":"https:\/\/www.europesays.com\/pl\/wp-json\/wp\/v2\/media?parent=180003"}],"wp:term":[{"taxonomy":"category","embeddable":true,"href":"https:\/\/www.europesays.com\/pl\/wp-json\/wp\/v2\/categories?post=180003"},{"taxonomy":"post_tag","embeddable":true,"href":"https:\/\/www.europesays.com\/pl\/wp-json\/wp\/v2\/tags?post=180003"}],"curies":[{"name":"wp","href":"https:\/\/api.w.org\/{rel}","templated":true}]}}