{"id":180007,"date":"2025-12-31T13:05:07","date_gmt":"2025-12-31T13:05:07","guid":{"rendered":"https:\/\/www.europesays.com\/pl\/180007\/"},"modified":"2025-12-31T13:05:07","modified_gmt":"2025-12-31T13:05:07","slug":"katastrofa-piotra-zyly-18-letni-kacper-tomasiak-ratuje-honor-polakow-w-ga-pa","status":"publish","type":"post","link":"https:\/\/www.europesays.com\/pl\/180007\/","title":{"rendered":"Katastrofa Piotra \u017by\u0142y! 18-letni Kacper Tomasiak ratuje honor Polak\u00f3w w Ga-Pa"},"content":{"rendered":"<p class=\"Paragraph_desktopParagraph__Fd2e9\">Trwa Turniej Czterech Skoczni. W pierwszych zawodach bezkonkurencyjny by\u0142 Domen Prevc. Lider Pucharu \u015awiata zachwyci\u0142, lecz to nie o nim m\u00f3wi\u0142o si\u0119 najwi\u0119cej, tylko o jego koledze z reprezentacji Timim Zajcu, kt\u00f3ry by\u0142 drugi, lecz zosta\u0142 zdyskwalifikowany za nieprzepisowy kombinezon. Mia\u0142 on za du\u017ce o trzy milimetry nogawki.<\/p>\n<p class=\"VideoPlayerText_videoPlayerText__zrtJk\">Dalszy ci\u0105g materia\u0142u pod wideo<\/p>\n<p class=\"Paragraph_desktopParagraph__Fd2e9\">Zawodnicy przenie\u015bli si\u0119 ju\u017c do Garmisch-Partenkirchen, gdzie w \u015brod\u0119 odby\u0142y si\u0119 ju\u017c treningi do popo\u0142udniowych kwalifikacji. Bia\u0142o-Czerwoni w niezmienionym sk\u0142adzie \u2014 Kacper Tomasiak, Kamil Stoch, Piotr \u017by\u0142a, Pawe\u0142 W\u0105sek i Maciej Kot.<\/p>\n<p class=\"Paragraph_desktopParagraph__Fd2e9\">Tomasiak ju\u017c w pierwszej treningowej pr\u00f3bie potwierdzi\u0142, \u017ce jest na ten moment liderem Polak\u00f3w. Skoczy\u0142 129,5 m, co prze\u0142o\u017cy\u0142o si\u0119 na 19. pozycj\u0119. Kilkana\u015bcie minut p\u00f3\u017aniej zachwyci\u0142 skokiem na 133 m. Da\u0142o mu to rewelacyjne 7. miejsce.<\/p>\n<p class=\"Paragraph_desktopParagraph__Fd2e9\">Dobr\u0105 form\u0119 utrzymuje Stoch. Trzykrotny triumfator Turnieju Czterech Skoczni ju\u017c na starcie skaka\u0142 w bardzo trudnym warunkach. Skoczy\u0142 125 m, co da\u0142o mu 24. lokat\u0119. P\u00f3\u017aniej osi\u0105gn\u0105\u0142 przy lepszym wietrze 126 m i by\u0142 dopiero 32.<\/p>\n<p class=\"Paragraph_desktopParagraph__Fd2e9\">Drugi trening zosta\u0142 r\u00f3wnie\u017c na kilka minut wstrzymany. Artii Aigro tu\u017c po l\u0105dowaniu upad\u0142 i nie wygl\u0105da\u0142o to za dobrze. Esto\u0144czyk potrzebowa\u0142 pomocy medycznej, a <a href=\"https:\/\/przegladsportowy.onet.pl\/sporty-zimowe\/skoki-narciarskie\/fatalny-upadek-na-skokach-w-ga-pa-dluga-przerwa-potrzebne-nosze\/bnvwz4y\" id=\"c107bd4e-6bc3-463c-b12e-a3836349967a\" rel=\"nofollow noopener\" target=\"_blank\">zeskok opu\u015bci\u0142 na noszach<\/a>.<\/p>\n<p>Katastrofa Piotra \u017by\u0142y w Ga-Pa<\/p>\n<p class=\"Paragraph_desktopParagraph__Fd2e9\">Poprawnie ze skoczni\u0105 przywitali si\u0119 W\u0105sek i Kot. Pierwszy skoczy\u0142 130 m (34. miejsce) i 122 m (40. miejsce), a drugi osi\u0105gn\u0105\u0142 128 m (37. miejsce) i 123 m (31. miejsce). W pierwszym skoku zawi\u00f3d\u0142 kompletnie Piotr \u017by\u0142a. Skoczy\u0142 tylko 114 m i zaj\u0105\u0142 odleg\u0142e 55. pozycj\u0119. Potem si\u0119 nieznacznie poprawi\u0142, bo wyl\u0105dowa\u0142 p\u00f3\u0142 metra za 120 m i by\u0142 dopiero 47.<\/p>\n<p class=\"Paragraph_desktopParagraph__Fd2e9\">W pierwszym treningu triumfowa\u0142 Felix Hoffmann, kt\u00f3ry skoczy\u0142 139 m. W drugim najlepszy okaza\u0142 si\u0119 Jan Hoerl (141 m).<\/p>\n<p class=\"Paragraph_desktopParagraph__Fd2e9\">Kwalifikacje rozpoczn\u0105 si\u0119 dopiero o godz. 16.00. Spowodowane jest to konkursem kobiet, kt\u00f3ry zaplanowany jest pomi\u0119dzy rywalizacj\u0105 m\u0119\u017cczyzn.<\/p>\n<p class=\"Paragraph_desktopParagraph__Fd2e9\">Wyniki 1. treningu w Ga-Pa<\/p>\n<ol class=\"OrderedList_container__hWq3U\">\n<li class=\"OrderedList_listElement__XwM58\">Felix Hoffmann (Niemcy) \u2014 139 m<\/li>\n<li class=\"OrderedList_listElement__XwM58\">Johann Andre Forfang (Norwegia) \u2014 136,5 m<\/li>\n<li class=\"OrderedList_listElement__XwM58\">Timi Zajc (S\u0142owenia) \u2014 136 m<\/li>\n<\/ol>\n<p class=\"Paragraph_desktopParagraph__Fd2e9\">***<\/p>\n<p class=\"Paragraph_desktopParagraph__Fd2e9\">19.\tKacper Tomasiak (Polska) \u2014 129,5 m<\/p>\n<p class=\"Paragraph_desktopParagraph__Fd2e9\">24.\tKamil Stoch (Polska) \u2014 125 m<\/p>\n<p class=\"Paragraph_desktopParagraph__Fd2e9\">34.\tPawe\u0142 W\u0105sek (Polska) \u2014 130 m<\/p>\n<p class=\"Paragraph_desktopParagraph__Fd2e9\">37.\tMaciej Kot (Polska) \u2014 128 m<\/p>\n<p class=\"Paragraph_desktopParagraph__Fd2e9\">55.\tPiotr \u017by\u0142a (Polska) \u2014 114 m<\/p>\n<p class=\"Paragraph_desktopParagraph__Fd2e9\">Wyniki 2. treningu w Ga-Pa<\/p>\n<ol class=\"OrderedList_container__hWq3U\">\n<li class=\"OrderedList_listElement__XwM58\">Jan Hoerl (Austria) \u2014 141 m<\/li>\n<li class=\"OrderedList_listElement__XwM58\">Kristoffer Eriksen Sundal (Norwegia) \u2014 140 m<\/li>\n<li class=\"OrderedList_listElement__XwM58\">Johan Andre Forfang (Norwegia) \u2014 137,5 m<\/li>\n<\/ol>\n<p class=\"Paragraph_desktopParagraph__Fd2e9\">***<\/p>\n<p class=\"Paragraph_desktopParagraph__Fd2e9\">7.\tKacper Tomasiak (Polska) \u2014 133 m<\/p>\n<p class=\"Paragraph_desktopParagraph__Fd2e9\">31.\tMaciej Kot (Polska) \u2014 123 m<\/p>\n<p class=\"Paragraph_desktopParagraph__Fd2e9\">32.\tKamil Stoch (Polska) \u2014 126 m<\/p>\n<p class=\"Paragraph_desktopParagraph__Fd2e9\">40.\tPawe\u0142 W\u0105sek (Polska) \u2014 122 m<\/p>\n<p class=\"Paragraph_desktopParagraph__Fd2e9\">47.\tPiotr \u017by\u0142a (Polska) \u2014 120,5 m<\/p>\n","protected":false},"excerpt":{"rendered":"Trwa Turniej Czterech Skoczni. W pierwszych zawodach bezkonkurencyjny by\u0142 Domen Prevc. Lider Pucharu \u015awiata zachwyci\u0142, lecz to nie&hellip;\n","protected":false},"author":2,"featured_media":180008,"comment_status":"","ping_status":"","sticky":false,"template":"","format":"standard","meta":{"footnotes":""},"categories":[24],"tags":[67,15023,3515,746,3102,42,38,40,39,41,136,128,47,1874,127,135,126,28548,130],"class_list":{"0":"post-180007","1":"post","2":"type-post","3":"status-publish","4":"format-standard","5":"has-post-thumbnail","7":"category-sport","8":"tag-intextvideo_splayer","9":"tag-kacper_tomasiak","10":"tag-kamil_stoch","11":"tag-lysy","12":"tag-piotr_zyla","13":"tag-pl","14":"tag-poland","15":"tag-polish","16":"tag-polska","17":"tag-polski","18":"tag-ps_detal_new","19":"tag-psv2","20":"tag-screening_general","21":"tag-skoki_narciarskie","22":"tag-sport","23":"tag-sport_sport","24":"tag-sports","25":"tag-turniej_czterech_skoczni","26":"tag-wiadomosci_sportowe"},"share_on_mastodon":{"url":"https:\/\/pubeurope.com\/@pl\/115814329495422489","error":""},"_links":{"self":[{"href":"https:\/\/www.europesays.com\/pl\/wp-json\/wp\/v2\/posts\/180007","targetHints":{"allow":["GET"]}}],"collection":[{"href":"https:\/\/www.europesays.com\/pl\/wp-json\/wp\/v2\/posts"}],"about":[{"href":"https:\/\/www.europesays.com\/pl\/wp-json\/wp\/v2\/types\/post"}],"author":[{"embeddable":true,"href":"https:\/\/www.europesays.com\/pl\/wp-json\/wp\/v2\/users\/2"}],"replies":[{"embeddable":true,"href":"https:\/\/www.europesays.com\/pl\/wp-json\/wp\/v2\/comments?post=180007"}],"version-history":[{"count":0,"href":"https:\/\/www.europesays.com\/pl\/wp-json\/wp\/v2\/posts\/180007\/revisions"}],"wp:featuredmedia":[{"embeddable":true,"href":"https:\/\/www.europesays.com\/pl\/wp-json\/wp\/v2\/media\/180008"}],"wp:attachment":[{"href":"https:\/\/www.europesays.com\/pl\/wp-json\/wp\/v2\/media?parent=180007"}],"wp:term":[{"taxonomy":"category","embeddable":true,"href":"https:\/\/www.europesays.com\/pl\/wp-json\/wp\/v2\/categories?post=180007"},{"taxonomy":"post_tag","embeddable":true,"href":"https:\/\/www.europesays.com\/pl\/wp-json\/wp\/v2\/tags?post=180007"}],"curies":[{"name":"wp","href":"https:\/\/api.w.org\/{rel}","templated":true}]}}