{"id":180013,"date":"2025-12-31T13:09:08","date_gmt":"2025-12-31T13:09:08","guid":{"rendered":"https:\/\/www.europesays.com\/pl\/180013\/"},"modified":"2025-12-31T13:09:08","modified_gmt":"2025-12-31T13:09:08","slug":"putin-wyglosil-oredzie-noworoczne-wierzymy-w-nasze-zwyciestwo","status":"publish","type":"post","link":"https:\/\/www.europesays.com\/pl\/180013\/","title":{"rendered":"Putin wyg\u0142osi\u0142 or\u0119dzie noworoczne. &#8222;Wierzymy w nasze zwyci\u0119stwo!&#8221;"},"content":{"rendered":"<p class=\"ods-c-paragraph \">\u2014 Przysz\u0142o\u015b\u0107 jest przed nami. I jaka ona b\u0119dzie, w du\u017cej mierze zale\u017cy od nas \u2014 zacz\u0105\u0142 prezydent Rosji. \u2014 Polegamy na sobie. Na tych wok\u00f3\u0142 nas, na tych, kt\u00f3rzy s\u0105 nam bliscy i drodzy. I zawsze jeste\u015bmy gotowi udzieli\u0107 im wsparcia \u2014 kontynuowa\u0142 prezydent Rosji.<\/p>\n<p>Dalszy ci\u0105g artyku\u0142u pod materia\u0142em wideo<\/p>\n<p> Jakie by\u0142y g\u0142\u00f3wne tematy or\u0119dzia Putina? <\/p>\n<p> Do kogo Putin zwr\u00f3ci\u0142 si\u0119 w swoim or\u0119dziu? <\/p>\n<p> Co Putin powiedzia\u0142 o wsparciu dla \u017co\u0142nierzy? <\/p>\n<p> Jakie emocje wyrazi\u0142 Putin w swoim przem\u00f3wieniu? <\/p>\n<p class=\"ods-c-paragraph \">\u2014 Oczywi\u015bcie, ka\u017cdy z nas ma swoje w\u0142asne, osobiste, wyj\u0105tkowe i niepowtarzalne do\u015bwiadczenia. S\u0105 one jednak nierozerwalnie zwi\u0105zane z losem naszej ojczyzny, z naszym szczerym pragnieniem, by jej dopom\u00f3c. W ko\u0144cu jeste\u015bmy razem \u2014 nar\u00f3d rosyjski. Praca, sukcesy i osi\u0105gni\u0119cia ka\u017cdego z nas tworz\u0105 nowe rozdzia\u0142y w tysi\u0105cletniej historii Rosji \u2014 kontynuowa\u0142.<\/p>\n<p class=\"ods-c-paragraph \">Jak stwierdzi\u0142, nar\u00f3d rosyjski wspiera &#8222;s\u0142owem i czynem naszych bohater\u00f3w \u2014 uczestnik\u00f3w specjalnej operacji wojskowej (tak rosyjska propaganda nazywa atak na Ukrain\u0119)&#8221;.<\/p>\n<p> Putin wyg\u0142osi\u0142 or\u0119dzie noworoczne. Zwr\u00f3ci\u0142 si\u0119 do \u017co\u0142nierzy i dow\u00f3dc\u00f3w   <\/p>\n<p class=\"ods-c-paragraph \">Nast\u0119pnie Putin zwr\u00f3ci\u0142 si\u0119 do \u017co\u0142nierzy i dow\u00f3dc\u00f3w bior\u0105cych udzia\u0142 w inwazji na Ukrain\u0119.<\/p>\n<p class=\"ods-c-paragraph \">\u2014 Przyj\u0119li\u015bcie na siebie odpowiedzialno\u015b\u0107 walki o ojczyzn\u0119, o prawd\u0119 i sprawiedliwo\u015b\u0107. Miliony ludzi w ca\u0142ej Rosji, zapewniam was, s\u0105 z wami w ten Sylwester. My\u015bl\u0105 o was, wsp\u00f3\u0142czuj\u0105 wam, licz\u0105 na was. Jeste\u015bmy zjednoczeni w szczerej, bezinteresownej i oddanej mi\u0142o\u015bci do Rosji. Gratuluj\u0119 wszystkim naszym \u017co\u0142nierzom i dow\u00f3dcom z okazji nadchodz\u0105cego Nowego Roku! Wierzymy w was i w nasze zwyci\u0119stwo! \u2014 m\u00f3wi\u0142 Putin.<\/p>\n","protected":false},"excerpt":{"rendered":"\u2014 Przysz\u0142o\u015b\u0107 jest przed nami. I jaka ona b\u0119dzie, w du\u017cej mierze zale\u017cy od nas \u2014 zacz\u0105\u0142 prezydent&hellip;\n","protected":false},"author":2,"featured_media":180014,"comment_status":"","ping_status":"","sticky":false,"template":"","format":"standard","meta":{"footnotes":""},"categories":[14],"tags":[32,33,27,76,34,35,28,31,48,25,25752,46,40,41,87,47,80,29,30,26,408,82,83,84],"class_list":{"0":"post-180013","1":"post","2":"type-post","3":"status-publish","4":"format-standard","5":"has-post-thumbnail","7":"category-swiat","8":"tag-breaking-news","9":"tag-breakingnews","10":"tag-headlines","11":"tag-inwazja_rosji_na_ukraine","12":"tag-latest-news","13":"tag-latestnews","14":"tag-naglowki","15":"tag-najwazniejsze-artykuly","16":"tag-nat_styl","17":"tag-news","18":"tag-nowy_rok","19":"tag-omp","20":"tag-polish","21":"tag-polski","22":"tag-rosja","23":"tag-screening_general","24":"tag-swiat","25":"tag-top-stories","26":"tag-topstories","27":"tag-wiadomosci","28":"tag-wladimir_putin","29":"tag-world","30":"tag-world-news","31":"tag-worldnews"},"share_on_mastodon":{"url":"https:\/\/pubeurope.com\/@pl\/115814345197825422","error":""},"_links":{"self":[{"href":"https:\/\/www.europesays.com\/pl\/wp-json\/wp\/v2\/posts\/180013","targetHints":{"allow":["GET"]}}],"collection":[{"href":"https:\/\/www.europesays.com\/pl\/wp-json\/wp\/v2\/posts"}],"about":[{"href":"https:\/\/www.europesays.com\/pl\/wp-json\/wp\/v2\/types\/post"}],"author":[{"embeddable":true,"href":"https:\/\/www.europesays.com\/pl\/wp-json\/wp\/v2\/users\/2"}],"replies":[{"embeddable":true,"href":"https:\/\/www.europesays.com\/pl\/wp-json\/wp\/v2\/comments?post=180013"}],"version-history":[{"count":0,"href":"https:\/\/www.europesays.com\/pl\/wp-json\/wp\/v2\/posts\/180013\/revisions"}],"wp:featuredmedia":[{"embeddable":true,"href":"https:\/\/www.europesays.com\/pl\/wp-json\/wp\/v2\/media\/180014"}],"wp:attachment":[{"href":"https:\/\/www.europesays.com\/pl\/wp-json\/wp\/v2\/media?parent=180013"}],"wp:term":[{"taxonomy":"category","embeddable":true,"href":"https:\/\/www.europesays.com\/pl\/wp-json\/wp\/v2\/categories?post=180013"},{"taxonomy":"post_tag","embeddable":true,"href":"https:\/\/www.europesays.com\/pl\/wp-json\/wp\/v2\/tags?post=180013"}],"curies":[{"name":"wp","href":"https:\/\/api.w.org\/{rel}","templated":true}]}}