{"id":180015,"date":"2025-12-31T13:10:07","date_gmt":"2025-12-31T13:10:07","guid":{"rendered":"https:\/\/www.europesays.com\/pl\/180015\/"},"modified":"2025-12-31T13:10:07","modified_gmt":"2025-12-31T13:10:07","slug":"akt-oskarzenia-przeciwko-bylemu-ministrowi-z-pis-trafil-do-sadu-grozi-mu-10-lat-wiezienia","status":"publish","type":"post","link":"https:\/\/www.europesays.com\/pl\/180015\/","title":{"rendered":"Akt oskar\u017cenia przeciwko by\u0142emu ministrowi z PiS trafi\u0142 do s\u0105du. Grozi mu 10 lat wi\u0119zienia"},"content":{"rendered":"<p class=\"ods-c-paragraph \">Jan Krzysztof Ardanowski, by\u0142y minister rolnictwa w rz\u0105dzie Prawa i Sprawiedliwo\u015bci zarzuty przekroczenia uprawnie\u0144 i niedope\u0142nienia obowi\u0105zk\u00f3w w celu osi\u0105gni\u0119cia korzy\u015bci maj\u0105tkowej przez sp\u00f3\u0142k\u0119 Eskimos S.A. i Sp\u00f3\u0142dzielni\u0119 Mleczarsk\u0105 Bielmlek <a href=\"https:\/\/wiadomosci.onet.pl\/kraj\/byly-minister-z-pis-uslyszal-zarzuty-polityk-nie-przyznal-sie-do-winy\/7pt79xb\" id=\"afa0a15f-ed85-41cc-8890-92f0f33d436d\" rel=\"nofollow noopener\" target=\"_blank\">us\u0142ysza\u0142 ju\u017c w marcu 2015 r., po tym, jak w lutym Sejm zgodzi\u0142 si\u0119 na uchylenie mu immunitetu<\/a>. Teraz do s\u0105du trafi\u0142 akt oskar\u017cenia w tej sprawie.<\/p>\n<p>Dalszy ci\u0105g artyku\u0142u pod materia\u0142em wideo<\/p>\n<p> Jakie zarzuty postawiono Janowi Krzysztofowi Ardanowskiemu? <\/p>\n<p> Ile lat wi\u0119zienia grozi by\u0142emu ministrowi? <\/p>\n<p> Kto jeszcze jest obj\u0119ty aktem oskar\u017cenia? <\/p>\n<p> Co dotyczy dzia\u0142ania KOWR w tej sprawie? <\/p>\n<p>  Afera KOWR. Jest akt oskar\u017cenia przeciwko by\u0142emu ministrowi z PiS<\/p>\n<p class=\"ods-c-paragraph \">Sprawa dotyczy dzia\u0142alno\u015bci KOWR i nieprawid\u0142owo\u015bci zwi\u0105zanych z udzieleniem w latach 2018 \u2014 2019 sp\u00f3\u0142ce Eskimos S.A. gwarancji bankowych i kredytowych na przeprowadzenie skupu 500 tys. ton jab\u0142ek przemys\u0142owych, w wyniku czego KOWR musia\u0142 wyp\u0142aci\u0107 sum\u0119 gwarancyjn\u0105 w kwocie blisko 100 mln z\u0142 oraz nieoszcz\u0119dnych wydatk\u00f3w publicznych w kwocie 30 mln z\u0142 w zwi\u0105zku z udzieleniem gwarancji kredytowej Sp\u00f3\u0142dzielni Mleczarskiej Bielmlek.<\/p>\n<p class=\"ods-c-paragraph \">Zarzuty dla Ardanowskiego dotycz\u0105 dw\u00f3ch w\u0105tk\u00f3w zwi\u0105zanych z udzielaniem gwarancji finansowych wskazanym podmiotom przez KOWR.<\/p>\n<p class=\"ods-c-paragraph \">&#8222;W ocenie Prokuratury Regionalnej w Warszawie Jan Krzysztof Ardanowski, dzia\u0142aj\u0105c wsp\u00f3lnie i w porozumieniu z kierownictwem KOWR (by\u0142ymi Dyrektorami Generalnymi KOWR \u2014 Piotrem S., a nast\u0119pnie Grzegorzem P.) oraz Tadeuszem R. \u2014 Sekretarzem Stanu w Ministerstwie Rolnictwa i Rozwoju Wsi, doprowadzi\u0142 do udzielenia sp\u00f3\u0142ce Eskimos S.A. gwarancji bankowych i kredytowych na \u0142\u0105czn\u0105 kwot\u0119 100 mln z\u0142, mimo tego, i\u017c wiedzieli o z\u0142ej kondycji finansowej sp\u00f3\u0142ki, jej zad\u0142u\u017ceniu oraz braku odpowiedniego zaplecza technicznego i do\u015bwiadczenia w prowadzeniu skupu i przetw\u00f3rstwa jab\u0142ek w skali ca\u0142ego kraju&#8221; \u2014 czytamy w komunikacie prokuratury.<\/p>\n<p class=\"ods-c-paragraph \">Druga sytuacja mia\u0142a dotyczy\u0107 udzielenie przez KOWR gwarancji kredytowej w wysoko\u015bci do 30 mln z\u0142 dla Sp\u00f3\u0142dzielni Mleczarskiej Bielmlek, mimo &#8222;\u015bwiadomo\u015bci bardzo z\u0142ej sytuacji finansowej sp\u00f3\u0142dzielni oraz jej problem\u00f3w ze sp\u0142at\u0105 zobowi\u0105za\u0144&#8221;.<\/p>\n<p class=\"ods-c-paragraph \">&#8222;W ocenie Prokuratury Regionalnej w Warszawie dzia\u0142ania oskar\u017conego Jana Krzysztofa Ardanowskiego doprowadzi\u0142y do niecelowych i nieoszcz\u0119dnych wydatk\u00f3w publicznych oraz wyrz\u0105dzi\u0142y szkod\u0119 interesowi publicznemu&#8221; \u2014 przekaza\u0142 prokurator Mateusz Martyniuk, rzecznik prasowy Prokuratury Regionalnej w Warszawie. &#8222;Oskar\u017cenie dotyczy czyn\u00f3w z art. 231 \u00a7 2 Kodeksu karnego zagro\u017conych kar\u0105 pozbawienia wolno\u015bci od roku do lat 10&#8221; \u2014 doda\u0142.<\/p>\n<p class=\"ods-c-paragraph \">Aktem oskar\u017cenia obj\u0119to \u0142\u0105cznie 19 podejrzanych, w tym cz\u0142onk\u00f3w zarz\u0105du sp\u00f3\u0142ki Eskimos S.A. i osoby z nimi wsp\u00f3\u0142pracuj\u0105ce. Jak informuje prokuratura, czterech podejrzanych, w tym Piotr S. \u2014 Dyrektor Generalny KOWR w latach 2018 \u2014 2019 i Stanis\u0142aw S. \u2014 Prezes Zarz\u0105du Eskimos S.A. przyznali si\u0119 do winy i dobrowolnie poddali si\u0119 karze.<\/p>\n","protected":false},"excerpt":{"rendered":"Jan Krzysztof Ardanowski, by\u0142y minister rolnictwa w rz\u0105dzie Prawa i Sprawiedliwo\u015bci zarzuty przekroczenia uprawnie\u0144 i niedope\u0142nienia obowi\u0105zk\u00f3w w&hellip;\n","protected":false},"author":2,"featured_media":180016,"comment_status":"","ping_status":"","sticky":false,"template":"","format":"standard","meta":{"footnotes":""},"categories":[12],"tags":[17852,32,33,36,37,27,27716,49,34,35,28,31,48,25,46,529,42,38,40,39,41,11238,47,29,30,26],"class_list":{"0":"post-180015","1":"post","2":"type-post","3":"status-publish","4":"format-standard","5":"has-post-thumbnail","7":"category-polska","8":"tag-afery","9":"tag-breaking-news","10":"tag-breakingnews","11":"tag-featured-news","12":"tag-featurednews","13":"tag-headlines","14":"tag-jan_krzysztof_ardanowski","15":"tag-kraj","16":"tag-latest-news","17":"tag-latestnews","18":"tag-naglowki","19":"tag-najwazniejsze-artykuly","20":"tag-nat_styl","21":"tag-news","22":"tag-omp","23":"tag-pis","24":"tag-pl","25":"tag-poland","26":"tag-polish","27":"tag-polska","28":"tag-polski","29":"tag-sad_i_sadownictwo","30":"tag-screening_general","31":"tag-top-stories","32":"tag-topstories","33":"tag-wiadomosci"},"share_on_mastodon":{"url":"https:\/\/pubeurope.com\/@pl\/115814349129872395","error":""},"_links":{"self":[{"href":"https:\/\/www.europesays.com\/pl\/wp-json\/wp\/v2\/posts\/180015","targetHints":{"allow":["GET"]}}],"collection":[{"href":"https:\/\/www.europesays.com\/pl\/wp-json\/wp\/v2\/posts"}],"about":[{"href":"https:\/\/www.europesays.com\/pl\/wp-json\/wp\/v2\/types\/post"}],"author":[{"embeddable":true,"href":"https:\/\/www.europesays.com\/pl\/wp-json\/wp\/v2\/users\/2"}],"replies":[{"embeddable":true,"href":"https:\/\/www.europesays.com\/pl\/wp-json\/wp\/v2\/comments?post=180015"}],"version-history":[{"count":0,"href":"https:\/\/www.europesays.com\/pl\/wp-json\/wp\/v2\/posts\/180015\/revisions"}],"wp:featuredmedia":[{"embeddable":true,"href":"https:\/\/www.europesays.com\/pl\/wp-json\/wp\/v2\/media\/180016"}],"wp:attachment":[{"href":"https:\/\/www.europesays.com\/pl\/wp-json\/wp\/v2\/media?parent=180015"}],"wp:term":[{"taxonomy":"category","embeddable":true,"href":"https:\/\/www.europesays.com\/pl\/wp-json\/wp\/v2\/categories?post=180015"},{"taxonomy":"post_tag","embeddable":true,"href":"https:\/\/www.europesays.com\/pl\/wp-json\/wp\/v2\/tags?post=180015"}],"curies":[{"name":"wp","href":"https:\/\/api.w.org\/{rel}","templated":true}]}}