{"id":180019,"date":"2025-12-31T13:12:07","date_gmt":"2025-12-31T13:12:07","guid":{"rendered":"https:\/\/www.europesays.com\/pl\/180019\/"},"modified":"2025-12-31T13:12:07","modified_gmt":"2025-12-31T13:12:07","slug":"sasal-nie-dowierza-w-slowa-ze-sztabu-legii-wolalismy-na-niego-hitler","status":"publish","type":"post","link":"https:\/\/www.europesays.com\/pl\/180019\/","title":{"rendered":"Sasal nie dowierza w s\u0142owa ze sztabu Legii. 'Wo\u0142ali\u015bmy na niego hitler&#8217;"},"content":{"rendered":"<p class=\"art_paragraph\">Za akademi\u0119 <a href=\"https:\/\/www.sport.pl\/sport\/0,105641.html?tag=legia+warszawa#anchorLink\" rel=\"nofollow noopener\" target=\"_blank\">Legii Warszawa<\/a> od 2022 roku odpowiedzialny jest Marek \u015aled\u017a, kt\u00f3ry wcze\u015bniej pracowa\u0142 w Rakowie czy Lechu. W czerwcu sto\u0142eczny klub zacz\u0105\u0142 wsp\u00f3\u0142pracowa\u0107 z pierwszoligow\u0105 Pogoni\u0105 Grodzisk Mazowiecki, do kt\u00f3rej Wojskowi mog\u0105 wypo\u017cycza\u0107 m.in. m\u0142odych pi\u0142karzy z akademii.<\/p>\n<p>\n    Zobacz wideo Kosecki z mocnym przes\u0142aniem w sprawie pi\u0142karzy Legii: Wsp\u00f3\u0142czuj\u0119 im. Cierpi\u0105 na tym ich bliscy\n  <\/p>\n<p> Kulisy wsp\u00f3\u0142pracy Legii Warszawa z Pogoni\u0105 Grodzisk Mazowiecki<\/p>\n<p class=\"art_paragraph\">W niedawnym <a href=\"https:\/\/przegladsportowy.onet.pl\/pilka-nozna\/ekstraklasa\/wyrzut-sumienia-legii-warszawa-marek-sledz-odpowiada-na-zarzuty\/45tm3nf\" class=\"art_link\" rel=\"nofollow noopener\" target=\"_blank\">wywiadzie z &#8222;Przegl\u0105dem Sportowym&#8221;<\/a> Marek \u015aled\u017a zabra\u0142 g\u0142os nt. wsp\u00f3\u0142pracy z pierwszoligowym klubem. &#8222;Wyzwaniem b\u0119dzie to, co wydarzy si\u0119 w kolejnym okresie partnerstwa. W Pogoni dosz\u0142o do pewnych zmian personalnych. Te zmusz\u0105 mnie do baczniejszego przyjrzenia si\u0119 rozwojowi naszego i partnera. Nieskromnie powiem, \u017ce sam pomys\u0142 by\u0142 mojego autorstwa. Nie wymy\u015bli\u0142em go, wzorowa\u0142em si\u0119 na projekcie Club NXT, kt\u00f3ry nale\u017cy do <a href=\"https:\/\/www.sport.pl\/club-brugge#anchorLink\" rel=\"nofollow noopener\" target=\"_blank\">Club Brugge<\/a>. To klub autonomiczny, ale uznaj\u0105cy uni\u0119 personaln\u0105, finansow\u0105 i szkoleniow\u0105 z Club Brugge. Te elementy s\u0105 przed nami&#8221; &#8211; wyzna\u0142.<\/p>\n<p class=\"art_paragraph\">&#8222;W mojej wizji jest to projekt, kt\u00f3ry tylko w niewielkim stopniu dotyczy struktur akademii, a w znacznie wi\u0119kszym &#8211; m\u0142odych <a href=\"https:\/\/www.sport.pl\/zawodnik#anchorLink\" rel=\"nofollow noopener\" target=\"_blank\">zawodnik\u00f3w<\/a> pierwszego zespo\u0142u. Jest to szansa, aby m\u0142odzi pi\u0142karze mogli do\u015bwiadcza\u0107 gry na zapleczu PKO BP Ekstraklasy i przygotowa\u0107 si\u0119 do kolejnych etap\u00f3w szkolenia&#8221; &#8211; doda\u0142.<\/p>\n<p> By\u0142y trener Pogoni ostro zareagowa\u0142 na wywiad \u015aledzia<\/p>\n<p class=\"art_paragraph\">Teraz w ostrych s\u0142owach na ten wywiad zareagowa\u0142&#8230; Marcin Sasal &#8211; by\u0142y trener Pogoni Grodzisk Mazowiecki, kt\u00f3ry rozsta\u0142 si\u0119 z klubem po awansie do I <a href=\"https:\/\/www.sport.pl\/pilka\/0,65044.html#anchorLink\" rel=\"nofollow noopener\" target=\"_blank\">ligi<\/a> z powod\u00f3w &#8222;dyscyplinarnych&#8221; &#8211; poda\u0142 klub.<\/p>\n<p class=\"art_paragraph\">&#8222;&#8217;Nieskromnie powiem, \u017ce sam pomys\u0142 wsp\u00f3\u0142pracy z Pogoni\u0105 Grodzisk by\u0142 mojego autorstwa&#8217; stwierdzi\u0142 Pan Marek \u015aled\u017a, kt\u00f3ry jest dyrektorem Akademii w Urszulinie od 2022 roku. Na \u0142amach PS. W sk\u0142adach PGM od lat by\u0142o wielu niechcianych w Legii zawodnik\u00f3w. Wystarczy popatrze\u0107 na <a href=\"https:\/\/www.sport.pl\/sklad#anchorLink\" rel=\"nofollow noopener\" target=\"_blank\">sk\u0142ady<\/a> z &#8222;tej niby pomocy&#8221; i koncepcji z sezon\u00f3w awans\u00f3w Pogoni. Mo\u017cna te\u017c zobaczy\u0107 kto w tej Akademii gra\u0142 przeciwko i na czym polega ta koncepcja szkolenia&#8221; &#8211; zacz\u0105\u0142 (pisownia oryginalna &#8211; przyp. red.)<\/p>\n<p class=\"art_paragraph\">Zobacz te\u017c: <a href=\"https:\/\/www.sport.pl\/pilka\/7,65039,32499144,pilkarz-lecha-zagra-w-warszawie-trener-wydal-zgode.html\" class=\"art_link\" rel=\"dofollow noopener\" target=\"_blank\">Pi\u0142karz Lecha zagra w Warszawie. Trener wyda\u0142 zgod\u0119<\/a><\/p>\n<p class=\"art_paragraph\">&#8222;Wiele mi ten artyku\u0142 wyja\u015bni\u0142. Teraz b\u0119dzie mi si\u0119 \u017cy\u0142o lepiej, spokojniej, ale uwa\u017cajcie na tego osobnika &#8211; o czym opowiada, oszukuje, kituje przypisuje sobie i szkaluje tych co s\u0105 od niego lepsi. Ju\u017c na studiach na AWF w Warszawie wo\u0142ali\u015bmy na niego 'hitler&#8217;. Uwa\u017cajcie na siebie. Wszystkiego dobrego w 2026 roku&#8221; &#8211; zako\u0144czy\u0142.<\/p>\n","protected":false},"excerpt":{"rendered":"Za akademi\u0119 Legii Warszawa od 2022 roku odpowiedzialny jest Marek \u015aled\u017a, kt\u00f3ry wcze\u015bniej pracowa\u0142 w Rakowie czy Lechu.&hellip;\n","protected":false},"author":2,"featured_media":180020,"comment_status":"","ping_status":"","sticky":false,"template":"","format":"standard","meta":{"footnotes":""},"categories":[24],"tags":[42,38,40,39,41,127,126],"class_list":{"0":"post-180019","1":"post","2":"type-post","3":"status-publish","4":"format-standard","5":"has-post-thumbnail","7":"category-sport","8":"tag-pl","9":"tag-poland","10":"tag-polish","11":"tag-polska","12":"tag-polski","13":"tag-sport","14":"tag-sports"},"share_on_mastodon":{"url":"https:\/\/pubeurope.com\/@pl\/115814357018263326","error":""},"_links":{"self":[{"href":"https:\/\/www.europesays.com\/pl\/wp-json\/wp\/v2\/posts\/180019","targetHints":{"allow":["GET"]}}],"collection":[{"href":"https:\/\/www.europesays.com\/pl\/wp-json\/wp\/v2\/posts"}],"about":[{"href":"https:\/\/www.europesays.com\/pl\/wp-json\/wp\/v2\/types\/post"}],"author":[{"embeddable":true,"href":"https:\/\/www.europesays.com\/pl\/wp-json\/wp\/v2\/users\/2"}],"replies":[{"embeddable":true,"href":"https:\/\/www.europesays.com\/pl\/wp-json\/wp\/v2\/comments?post=180019"}],"version-history":[{"count":0,"href":"https:\/\/www.europesays.com\/pl\/wp-json\/wp\/v2\/posts\/180019\/revisions"}],"wp:featuredmedia":[{"embeddable":true,"href":"https:\/\/www.europesays.com\/pl\/wp-json\/wp\/v2\/media\/180020"}],"wp:attachment":[{"href":"https:\/\/www.europesays.com\/pl\/wp-json\/wp\/v2\/media?parent=180019"}],"wp:term":[{"taxonomy":"category","embeddable":true,"href":"https:\/\/www.europesays.com\/pl\/wp-json\/wp\/v2\/categories?post=180019"},{"taxonomy":"post_tag","embeddable":true,"href":"https:\/\/www.europesays.com\/pl\/wp-json\/wp\/v2\/tags?post=180019"}],"curies":[{"name":"wp","href":"https:\/\/api.w.org\/{rel}","templated":true}]}}