{"id":180026,"date":"2025-12-31T13:17:08","date_gmt":"2025-12-31T13:17:08","guid":{"rendered":"https:\/\/www.europesays.com\/pl\/180026\/"},"modified":"2025-12-31T13:17:08","modified_gmt":"2025-12-31T13:17:08","slug":"donald-tusk-zabral-glos-w-sprawie-sniezyc-wezme-udzial-w-posiedzeniu","status":"publish","type":"post","link":"https:\/\/www.europesays.com\/pl\/180026\/","title":{"rendered":"Donald Tusk zabra\u0142 g\u0142os w sprawie \u015bnie\u017cyc. &#8222;Wezm\u0119 udzia\u0142 w posiedzeniu&#8221;"},"content":{"rendered":"<p class=\"ods-c-paragraph \">Od wtorkowego wieczora do godz. 10 w \u015brod\u0119 s\u0142u\u017cby odnotowa\u0142y ponad 600 zg\u0142osze\u0144 zwi\u0105zanych z trudn\u0105 sytuacj\u0105 pogodow\u0105. <a href=\"https:\/\/wiadomosci.onet.pl\/kraj\/szef-mswia-zabral-glos-po-sztabie-kryzysowym-podjelismy-decyzje-o-wzmozonych\/b779nct\" id=\"52df0374-f3b9-45aa-96fe-56ba34198f0e\" rel=\"nofollow noopener\" target=\"_blank\">Rano mia\u0142o miejsce posiedzenie sztabu kryzysowego z udzia\u0142em<\/a> szefa MSWiA Marcina Kierwi\u0144skiego i ministra infrastruktury Dariusza Klimczaka. \u2014 Opr\u00f3cz newralgicznych odcink\u00f3w drogi krajowe w Polsce s\u0105 przejezdne \u2014 zapewnia\u0142 minister infrastruktury, wskazuj\u0105c jednak, \u017ce sytuacja jest dynamiczna.<\/p>\n<p>Dalszy ci\u0105g artyku\u0142u pod materia\u0142em wideo<\/p>\n<p> Jak\u0105 sytuacj\u0119 pogodow\u0105 opisuje Donald Tusk? <\/p>\n<p> Ile zg\u0142osze\u0144 dotycz\u0105cych trudnej sytuacji pogodowej odnotowano? <\/p>\n<p> Co zapowiedzia\u0142 Donald Tusk na godzin\u0119 16.00? <\/p>\n<p> Jakie kontrole zostan\u0105 wzmocnione przez policj\u0119 i Inspekcj\u0119 Transportu Drogowego? <\/p>\n<p>  Tusk odni\u00f3s\u0142 si\u0119 do sytuacji pogodowej. &#8222;Na bie\u017c\u0105co odbieram informacje&#8221;<\/p>\n<p class=\"ods-c-paragraph \">Do sytuacji pogodowej odni\u00f3s\u0142 si\u0119 chwile przed godz. 13 premier Donald Tusk w serwisie X.<\/p>\n<p class=\"ods-c-paragraph \">&#8222;Na bie\u017c\u0105co odbieram informacje od s\u0142u\u017cb i ministr\u00f3w o sytuacji na drogach, kolejach, lotniskach i w miejscach zagro\u017conych zalaniem. O 16.00 wezm\u0119 udzia\u0142 w posiedzeniu sztabu kryzysowego&#8221; \u2014 zapowiedzia\u0142 szef rz\u0105du.<\/p>\n<p> \u015anie\u017cyce nad Polsk\u0105. Minister Kierwi\u0144ski o &#8222;wzmo\u017conych kontrolach&#8221;   <\/p>\n<p class=\"ods-c-paragraph \">Marcin Kierwi\u0144ski podczas konferencji prasowej po porannym sztabie kryzysowym stwierdzi\u0142, \u017ce sytuacja w Elbl\u0105gu w zwi\u0105zku z cofk\u0105 jest stabilna. \u2014 Zagro\u017cenie mija \u2014 podkre\u015bli\u0142 minister. \u2014 Wczoraj wieczorem by\u0142o przekroczone 12 stan\u00f3w alarmowych. Dzi\u015b jest przekroczony tylko jeden stan i to bardzo niewiele tzn. o centymetr \u2014 wskaza\u0142.<\/p>\n<p class=\"ods-c-paragraph \">Odni\u00f3s\u0142 si\u0119 te\u017c do trudnej sytuacji na drogach. \u2014 Podj\u0119li\u015bmy decyzj\u0119 o wzmo\u017conych kontrolach tir\u00f3w poruszaj\u0105cych si\u0119 po drogach ekspresowych i drogach krajowych, g\u0142\u00f3wnie, je\u015bli chodzi o kwestie stanu technicznego tych pojazd\u00f3w. Policja i Inspekcja Transportu Drogowego b\u0119d\u0105 dzia\u0142a\u0142y w najbli\u017cszych godzinach bardzo intensywnie i je\u015bli s\u0105 w\u0105tpliwo\u015bci, co do stanu pojazd\u00f3w, b\u0119d\u0105 je odsy\u0142a\u0107 na parkingi, \u017ceby nie dochodzi\u0142o do sytuacji, \u017ce blokuj\u0105 drogi \u2014 wskaza\u0142 szef MSWiA.<\/p>\n<p class=\"ods-c-paragraph \">Jednocze\u015bnie przestrzeg\u0142, \u017ce to jeszcze nie koniec intensywnych opad\u00f3w.<\/p>\n<p class=\"ods-c-paragraph \">\u2014 Dzisiaj w nocy intensywne opady \u015bniegu powr\u00f3c\u0105 i dotyczy to p\u00f3\u0142nocnej Polski. Wszyscy Pa\u0144stwo b\u0105d\u017acie przygotowani na to, \u017ce zaspy b\u0119d\u0105 si\u0119 tworzy\u0107. S\u0142u\u017cby b\u0119d\u0105 reagowa\u0107, ale je\u015bli nie macie przygotowanych samochod\u00f3w opon zimowych, to nie wybierajcie si\u0119 w nadchodz\u0105cych godzinach w podr\u00f3\u017c \u2014 stwierdzi\u0142. \u2014 Szczeg\u00f3ln\u0105 uwag\u0119 powinni zachowa\u0107 kierowcy, kt\u00f3rzy poruszaj\u0105 si\u0119 samochodami elektrycznymi \u2014 zaznaczy\u0142 minister infrastruktury.<\/p>\n","protected":false},"excerpt":{"rendered":"Od wtorkowego wieczora do godz. 10 w \u015brod\u0119 s\u0142u\u017cby odnotowa\u0142y ponad 600 zg\u0142osze\u0144 zwi\u0105zanych z trudn\u0105 sytuacj\u0105 pogodow\u0105.&hellip;\n","protected":false},"author":2,"featured_media":180027,"comment_status":"","ping_status":"","sticky":false,"template":"","format":"standard","meta":{"footnotes":""},"categories":[12],"tags":[32,33,35302,212,36,37,27,49,34,35,1680,28,31,48,25,46,42,38,40,39,41,47,35301,29,30,26],"class_list":{"0":"post-180026","1":"post","2":"type-post","3":"status-publish","4":"format-standard","5":"has-post-thumbnail","7":"category-polska","8":"tag-breaking-news","9":"tag-breakingnews","10":"tag-burze_sniezne","11":"tag-donald_tusk","12":"tag-featured-news","13":"tag-featurednews","14":"tag-headlines","15":"tag-kraj","16":"tag-latest-news","17":"tag-latestnews","18":"tag-marcin_kierwinski","19":"tag-naglowki","20":"tag-najwazniejsze-artykuly","21":"tag-nat_styl","22":"tag-news","23":"tag-omp","24":"tag-pl","25":"tag-poland","26":"tag-polish","27":"tag-polska","28":"tag-polski","29":"tag-screening_general","30":"tag-sztab_kryzysowy","31":"tag-top-stories","32":"tag-topstories","33":"tag-wiadomosci"},"share_on_mastodon":{"url":"https:\/\/pubeurope.com\/@pl\/115814376693869621","error":""},"_links":{"self":[{"href":"https:\/\/www.europesays.com\/pl\/wp-json\/wp\/v2\/posts\/180026","targetHints":{"allow":["GET"]}}],"collection":[{"href":"https:\/\/www.europesays.com\/pl\/wp-json\/wp\/v2\/posts"}],"about":[{"href":"https:\/\/www.europesays.com\/pl\/wp-json\/wp\/v2\/types\/post"}],"author":[{"embeddable":true,"href":"https:\/\/www.europesays.com\/pl\/wp-json\/wp\/v2\/users\/2"}],"replies":[{"embeddable":true,"href":"https:\/\/www.europesays.com\/pl\/wp-json\/wp\/v2\/comments?post=180026"}],"version-history":[{"count":0,"href":"https:\/\/www.europesays.com\/pl\/wp-json\/wp\/v2\/posts\/180026\/revisions"}],"wp:featuredmedia":[{"embeddable":true,"href":"https:\/\/www.europesays.com\/pl\/wp-json\/wp\/v2\/media\/180027"}],"wp:attachment":[{"href":"https:\/\/www.europesays.com\/pl\/wp-json\/wp\/v2\/media?parent=180026"}],"wp:term":[{"taxonomy":"category","embeddable":true,"href":"https:\/\/www.europesays.com\/pl\/wp-json\/wp\/v2\/categories?post=180026"},{"taxonomy":"post_tag","embeddable":true,"href":"https:\/\/www.europesays.com\/pl\/wp-json\/wp\/v2\/tags?post=180026"}],"curies":[{"name":"wp","href":"https:\/\/api.w.org\/{rel}","templated":true}]}}