{"id":180028,"date":"2025-12-31T13:18:14","date_gmt":"2025-12-31T13:18:14","guid":{"rendered":"https:\/\/www.europesays.com\/pl\/180028\/"},"modified":"2025-12-31T13:18:14","modified_gmt":"2025-12-31T13:18:14","slug":"ustawa-ostatniej-szansy-bez-szans-na-podpis-prezydenta-potwierdzaja-sie-informacje-wp","status":"publish","type":"post","link":"https:\/\/www.europesays.com\/pl\/180028\/","title":{"rendered":"Ustawa &#8222;ostatniej szansy&#8221; bez szans na podpis prezydenta. Potwierdzaj\u0105 si\u0119 informacje WP"},"content":{"rendered":"\n<p>Rada Ministr\u00f3w przyj\u0119\u0142a w\u00a0poniedzia\u0142ek projekt ustawy o\u00a0statusie osoby najbli\u017cszej w\u00a0zwi\u0105zku i\u00a0umowie o\u00a0wsp\u00f3lnym po\u017cyciu. &#8211;\u00a0Do Sejmu idziemy z\u00a0projektem koncyliacyjnym, dla kt\u00f3rego wedle naszego rozpoznania jest dzi\u015b wi\u0119kszo\u015b\u0107 w\u00a0Sejmie i\u00a0Senacie. To jest historyczny moment &#8211;\u00a0<a href=\"https:\/\/wiadomosci.wp.pl\/projekt-o-zwiazkach-partnerskich-trafi-do-sejmu-kotula-ujawnia-szczegoly-7238048890702336a\" rel=\"noopener noreferrer nofollow\" target=\"_blank\">powiedzia\u0142a na konferencji prasowej odpowiedzialna za projekt sekretarz stanu w\u00a0KPRM Katarzyna Kotula<\/a>.<\/p>\n<p>Szkopu\u0142 w\u00a0tym, \u017ce w\u00a0tym kszta\u0142cie ustawa nie ma szans na podpis prezydenta &#8211;\u00a0o\u00a0czym pisali\u015bmy w\u00a0Wirtualnej Polsce ju\u017c pa\u017adzierniku. Jak informowali\u015bmy, prezydent Nawrocki nie zgadza si\u0119 na to, by osoby poza zwi\u0105zkiem ma\u0142\u017ce\u0144skim korzysta\u0142y z\u00a0przywileju polegaj\u0105cego na wsp\u00f3lnym rozliczaniu podatkowym. &#8211;\u00a0Je\u015bli koalicja tego nie wykre\u015bli z\u00a0projektu, to ju\u017c z\u00a0g\u00f3ry wykluczamy poparcie ustawy &#8211;\u00a0us\u0142yszeli\u015bmy od osoby z\u00a0otoczenia Nawrockiego.<\/p>\n<p>Rolnicy o\u00a0ustawie \u0142a\u0144cuchowej. &#8222;Troszk\u0119 dziwny temat&#8221; <\/p>\n<p>  <a href=\"https:\/\/wiadomosci.wp.pl\/projekt-o-zwiazkach-partnerskich-trafi-do-sejmu-kotula-ujawnia-szczegoly-7238048890702336a\" class=\"teaser-inline\" rel=\"nofollow noopener\" target=\"_blank\">  <img decoding=\"async\" src=\"https:\/\/www.europesays.com\/pl\/wp-content\/uploads\/2025\/12\/ODhjOTNiYCUJCDlnYRJtMEpQbT0nS2NmHUh1dmFYfXxYEmAyJwUqNg0aIHopGzo0CR0_ej4FYCUYA2Aif0YrLRsaIzU3RiopCg8r.jpeg\" width=\"0\" height=\"0\" loading=\"lazy\" class=\"wp-media-image cropped\" alt=\"Rz\u0105d przyj\u0105\u0142 projekt ustawy o statusie osoby najbli\u017cszej. W styczniu trafi do Sejmu\"\/><\/p>\n<p>Rz\u0105d przyj\u0105\u0142 projekt ustawy o statusie osoby najbli\u017cszej. W styczniu trafi do Sejmu<\/p>\n<p><\/a> <img role=\"presentation\" class=\"absolute left-1\/2 top-1\/2 max-h-[80%] max-w-[100px] -translate-x-1\/2 -translate-y-1\/2\" src=\"https:\/\/v.wpimg.pl\/ZXJfd3AudTkrBBIAbg54LGhcRlAxHQUrPgJGH2MAeGJoSQ1eIBI_K2UHAEVuBTY5KQMMXC0RPyoVERQdMgM9ejc\" loading=\"lazy\" decoding=\"async\"\/> <\/p>\n<p>G\u0142owa pa\u0144stwa ma uwa\u017ca\u0107 bowiem, i\u017c rozszerzenie przywilej\u00f3w wynikaj\u0105cych z\u00a0zawarcia ma\u0142\u017ce\u0144stwa na pary, kt\u00f3re takiego zwi\u0105zku nie chc\u0105 lub nie mog\u0105 zawrze\u0107, by\u0142o zbyt daleko id\u0105c\u0105 i\u00a0niesprawiedliw\u0105 zmian\u0105. Jak s\u0142yszymy, prezydenccy prawnicy uznaj\u0105, \u017ce otworzy\u0142oby si\u0119 te\u017c pole do nadu\u017cy\u0107 i\u00a0&#8222;oszukiwania na podatkach&#8221;. &#8211;\u00a0Na to zgody nie b\u0119dzie &#8211;\u00a0s\u0142yszymy.<\/p>\n<p> <a href=\"https:\/\/wiadomosci.wp.pl\/prezydent-nawrocki-nie-podpisze-ustawy-lewicy-znamy-powod-7213981861218880a\" class=\"teaser-inline\" rel=\"nofollow noopener\" target=\"_blank\">  <img decoding=\"async\" src=\"https:\/\/www.europesays.com\/pl\/wp-content\/uploads\/2025\/12\/MTRjNjdlYjUzCDhZSxdvIHBQbAMNTmF2J0h0SEtdf2xiEmEMDQAoJjcaIUQDHjgkMx0-RBQAYjUiA2EcVUMpPSEaIgsdQyg5MA8q.jpeg\" width=\"0\" height=\"0\" loading=\"lazy\" class=\"wp-media-image cropped\" alt=\"Prezydent Nawrocki nie podpisze ustawy Lewicy. Znamy pow\u00f3d\"\/><\/p>\n<p>Prezydent Nawrocki nie podpisze ustawy Lewicy. Znamy pow\u00f3d<\/p>\n<p><\/a> <\/p>\n<p>Potwierdzaj\u0105 to dzi\u015b prezydenccy ministrowie &#8211;\u00a0m.in Pawe\u0142 Szefernaker.<\/p>\n<p> <img role=\"presentation\" class=\"absolute left-1\/2 top-1\/2 max-h-[80%] max-w-[100px] -translate-x-1\/2 -translate-y-1\/2\" src=\"https:\/\/v.wpimg.pl\/ZXJfd3AudTkrBBIAbg54LGhcRlAxHQUrPgJGH2MAeGJoSQ1eIBI_K2UHAEVuBTY5KQMMXC0RPyoVERQdMgM9ejc\" loading=\"lazy\" decoding=\"async\"\/> <\/p>\n<p>&#8211; Ustawa, kt\u00f3ra zosta\u0142a przyj\u0119ta przez rz\u0105d, to jest ustawa, kt\u00f3ra przywileje ma\u0142\u017ce\u0144skie przenosi na zwi\u0105zki partnerskie. To nie jest ustawa o\u00a0statusie osoby najbli\u017cszej taka, kt\u00f3ra ma przedk\u0142ada\u0107 pomoc Polakom, tylko jest to po prostu kwestia ideologii i\u00a0nie ma zgody pana prezydenta na to, \u017ceby zr\u00f3wnywa\u0107 ma\u0142\u017ce\u0144stwo ze zwi\u0105zkiem partnerskim &#8211;\u00a0powiedzia\u0142 szef gabinetu Karola Nawrockiego.<\/p>\n<p>\u00a0Ale to nie wszystko. &#8211;\u00a0Pan prezydent nie zgodzi si\u0119 na otwarcie furtki do adopcji dzieci przez pary homoseksualne w\u00a0przysz\u0142o\u015bci, a\u00a0wed\u0142ug nas ta ustawa jest do tego pierwszym krokiem &#8211;\u00a0przekaza\u0142 Pawe\u0142 Szefernaker.<\/p>\n<p>W Wirtualnej Polsce ju\u017c w\u00a0pa\u017adzierniku pisali\u015bmy, \u017ce ustaw\u0119 czeka weto. Sygnalizowali\u015bmy, \u017ce aby rz\u0105dowa ustawa o\u00a0statusie osoby najbli\u017cszej mog\u0142a zosta\u0107 podpisana przez prezydenta, musi zosta\u0107 spe\u0142nione przynajmniej jedno kryterium: usuni\u0119te z\u00a0niej musia\u0142yby zosta\u0107 zapisy umo\u017cliwiaj\u0105cej dopuszczenie wsp\u00f3lnoty maj\u0105tkowej partner\u00f3w, wsp\u00f3lne rozliczanie PIT-u i\u00a0zwolnienie z\u00a0podatku od spadk\u00f3w i\u00a0darowizn. Potwierdza to minister Szefernaker.<\/p>\n<p> <img role=\"presentation\" class=\"absolute left-1\/2 top-1\/2 max-h-[80%] max-w-[100px] -translate-x-1\/2 -translate-y-1\/2\" src=\"https:\/\/v.wpimg.pl\/ZXJfd3AudTkrBBIAbg54LGhcRlAxHQUrPgJGH2MAeGJoSQ1eIBI_K2UHAEVuBTY5KQMMXC0RPyoVERQdMgM9ejc\" loading=\"lazy\" decoding=\"async\"\/><\/p>\n<p>Rz\u0105d nie godzi si\u0119 na\u00a0&#8222;szanta\u017c&#8221; prezydenta <\/p>\n<p>Rz\u0105dz\u0105cy jednak nie chcieli zmienia\u0107 projektu w\u00a0tym zakresie. &#8211;\u00a0Je\u015bli zrobimy krok w\u00a0ty\u0142, w\u00a0tej czy innej sprawie, to Nawrocki i\u00a0tak to zawetuje. I\u00a0nie wyjdziemy z\u00a0tego z\u00a0twarz\u0105. Projekt ustawy i\u00a0tak jest zachowawczy. I\u00a0nie b\u0119dziemy go zmienia\u0107, bo wyborcy by nam tego nie darowali &#8211;\u00a0powiedzia\u0142a nam pod koniec roku jedna z\u00a0ministerek z\u00a0ramienia Nowej Lewicy.\u00a0<\/p>\n<p>Uwagi prezydenta jedna z\u00a0pos\u0142anek Lewicy ocenia jako &#8222;polityczny szanta\u017c&#8221;.<\/p>\n<blockquote><p>&#8211; Ta ustawa to minimum, kt\u00f3re nie zadowala nawet wszystkich os\u00f3b, dla kt\u00f3rych jest przewidziana. Szczeg\u00f3lnie os\u00f3b LGBT+, kt\u00f3re nie maj\u0105 innej mo\u017cliwo\u015bci legalizacji swojego zwi\u0105zku w\u00a0Polsce. Je\u015bli taka ustawa &#8211;\u00a0\u0142agodna, b\u0119d\u0105ca umow\u0105 cywilno-prawn\u0105 podpisywan\u0105 u\u00a0notariusza, gwarantuj\u0105ca naprawd\u0119 podstawowe rzeczy &#8211;\u00a0nie zostanie podpisana przez prezydenta, to trudno sobie wyobrazi\u0107 jeszcze &#8222;\u0142agodniejsz\u0105&#8221; ustaw\u0119 &#8211;\u00a0powiedzia\u0142a Wirtualnej Polsce pos\u0142anka KO i\u00a0rzeczniczka klubu KO Dorota \u0141oboda.<\/p><\/blockquote>\n<p> <img role=\"presentation\" class=\"absolute left-1\/2 top-1\/2 max-h-[80%] max-w-[100px] -translate-x-1\/2 -translate-y-1\/2\" src=\"https:\/\/v.wpimg.pl\/ZXJfd3AudTkrBBIAbg54LGhcRlAxHQUrPgJGH2MAeGJoSQ1eIBI_K2UHAEVuBTY5KQMMXC0RPyoVERQdMgM9ejc\" loading=\"lazy\" decoding=\"async\"\/> <\/p>\n<p>W swoim wyst\u0105pieniu poprzedzaj\u0105cym posiedzenie rz\u0105du 30 grudnia premier Donald Tusk podkre\u015bli\u0142, \u017ce projekt jest pochodn\u0105 &#8222;wielu dyskusji, debat i\u00a0negocjacji, kt\u00f3rych celem by\u0142o uzyskanie projektu z\u00a0szans\u0105 na wi\u0119kszo\u015b\u0107 w\u00a0parlamencie&#8221;. <a href=\"https:\/\/wiadomosci.wp.pl\/projekt-o-zwiazkach-partnerskich-trafi-do-sejmu-kotula-ujawnia-szczegoly-7238048890702336a\" rel=\"noopener noreferrer nofollow\" target=\"_blank\">Doda\u0142, \u017ce wprowadzenie nowych przepis\u00f3w b\u0119dzie u\u0142atwieniem dla zwi\u0105zk\u00f3w nieformalnych, zar\u00f3wno hetero-, jak i\u00a0homoseksualnych<\/a>. &#8211;\u00a0Nikt nie b\u0119dzie zadowolony, ja sobie zdaj\u0119 z\u00a0tego spraw\u0119. Ale to jest to minimum cywilizacyjne, na kt\u00f3re Polsk\u0119 musi by\u0107 sta\u0107 &#8211;\u00a0m\u00f3wi\u0142 premier.<\/p>\n<p>To nie przekonuje kancelarii prezydenta. &#8211;\u00a0Nawet konsultacje spo\u0142eczne, kt\u00f3re rz\u0105d wykona\u0142, realizuj\u0105c ten projekt ustawy, wskazuj\u0105 na to, \u017ce po prostu jest pr\u00f3ba zr\u00f3wnania zwi\u0105zk\u00f3w partnerskich z\u00a0ma\u0142\u017ce\u0144stwem. Jest to mn\u00f3stwo r\u00f3\u017cnego rodzaju organizacji, z\u00a0kt\u00f3rymi rz\u0105d to konsultowa\u0142. S\u0105 to organizacje, kt\u00f3re na co dzie\u0144 zajmuj\u0105 si\u0119 prawami os\u00f3b LGBT, chocia\u017c organizacja Homokomando, organizacja Trans-Fuzja, tranzycja, niebinarno\u015b\u0107 i\u00a0mn\u00f3stwo organizacji &#8211;\u00a0stwierdzi\u0142 Pawe\u0142 Szefernaker w\u00a0Polsat News.<\/p>\n<p>Jego zdaniem &#8222;to pokazuje, jaki jest cel tego projektu&#8221;. &#8211;\u00a0Konsultowano to z\u00a0tymi, kt\u00f3rzy d\u0105\u017c\u0105 do tego, aby na koniec by\u0142a zalegalizowana adopcja dzieci przez osoby tej samej p\u0142ci, a\u00a0na to nie ma zgody pana prezydenta &#8211;\u00a0stwierdzi\u0142.<\/p>\n<p> <img role=\"presentation\" class=\"absolute left-1\/2 top-1\/2 max-h-[80%] max-w-[100px] -translate-x-1\/2 -translate-y-1\/2\" src=\"https:\/\/v.wpimg.pl\/ZXJfd3AudTkrBBIAbg54LGhcRlAxHQUrPgJGH2MAeGJoSQ1eIBI_K2UHAEVuBTY5KQMMXC0RPyoVERQdMgM9ejc\" loading=\"lazy\" decoding=\"async\"\/> <\/p>\n<p>To z\u0142a wiadomo\u015b\u0107 dla rz\u0105du. Zw\u0142aszcza \u017ce ten poprzeczk\u0119 postawi\u0142 sobie nisko, a\u00a0oczekiwania wyborc\u00f3w koalicji s\u0105 du\u017ce. &#8211;\u00a0Je\u015bli ten projekt nie przejdzie, nie ma mowy o\u00a0powrocie do dyskusji o\u00a0zwi\u0105zkach partnerskich. To jest uczciwe postawienie sprawy. Projekt, kt\u00f3ry dzi\u015b proponujemy, to jest projekt ostatniej szansy &#8211;\u00a0przyzna\u0142a jesieni\u0105 w\u00a0rozmowie z\u00a0OKO.press autorka ustawy, minister Katarzyna Kotula.<\/p>\n<p>Z punktu widzenia prezydenta, projekt wi\u0119kszych szans na poparcie nie ma. W\u00a0Pa\u0142acu Prezydenckim uznaj\u0105, i\u017c formalnie w\u00a0projekcie nie znalaz\u0142a si\u0119 definicja zwi\u0105zku partnerskiego, ale jego przepisy de facto w\u00a0t\u0119 stron\u0119 zmierzaj\u0105.<\/p>\n<p><a href=\"https:\/\/wiadomosci.wp.pl\/partia-prezydencka-wola-nawrockiego-od-kaczynskiego-pis-juz-sie-przejadl-7213232649361537v\" rel=\"noopener noreferrer nofollow\" target=\"_blank\">Na to Karol Nawrocki ma nie przysta\u0107.<\/a> Sugerowa\u0142 to r\u00f3wnie\u017c ostatnio szef Kancelarii Prezydenta Zbigniew Bogucki. &#8211; \u017badna ustawa nie mo\u017ce podwa\u017ca\u0107 szczeg\u00f3lnej roli i\u00a0pozycji ma\u0142\u017ce\u0144stwa. Zwi\u0105zek kobiety i\u00a0m\u0119\u017cczyzny tworzy ma\u0142\u017ce\u0144stwo wedle konstytucji i\u00a0jest pod szczeg\u00f3ln\u0105 ochron\u0105 RP &#8211;\u00a0stwierdzi\u0142 w\u00a0Radiu Zet.<\/p>\n<p> <img role=\"presentation\" class=\"absolute left-1\/2 top-1\/2 max-h-[80%] max-w-[100px] -translate-x-1\/2 -translate-y-1\/2\" src=\"https:\/\/v.wpimg.pl\/ZXJfd3AudTkrBBIAbg54LGhcRlAxHQUrPgJGH2MAeGJoSQ1eIBI_K2UHAEVuBTY5KQMMXC0RPyoVERQdMgM9ejc\" loading=\"lazy\" decoding=\"async\"\/> <\/p>\n<p>Zaznaczy\u0142, \u017ce &#8222;w oparciu o\u00a0ma\u0142\u017ce\u0144stwo tworzy si\u0119 rodzin\u0119, w\u00a0oparciu o\u00a0rodzin\u0119 tworzy si\u0119 spo\u0142ecze\u0144stwo, nar\u00f3d i\u00a0tak wygl\u0105da normalny porz\u0105dek&#8221;. &#8211; Prezydent Karol Nawrocki b\u0119dzie stra\u017cnikiem normalnego porz\u0105dku &#8211;\u00a0powiedzia\u0142 szef KPRP.<\/p>\n<p>Wyja\u015bni\u0142 te\u017c, \u017ce z\u00a0punktu widzenia g\u0142owy pa\u0144stwa, &#8222;zapisy mog\u0105 mie\u0107 charakter, kt\u00f3ry b\u0119dzie u\u0142atwia\u0142 podstawowe sprawy \u017cycia codziennego osobom, kt\u00f3re nie s\u0105 w\u00a0zwi\u0105zkach ma\u0142\u017ce\u0144skich, ale nie mo\u017ce by\u0107 sytuacji, \u017ce mamy do czynienia ze zr\u00f3wnywaniem innych zwi\u0105zk\u00f3w z\u00a0ma\u0142\u017ce\u0144stwem, bo tego zabrania konstytucja&#8221;.<\/p>\n<blockquote><p>&#8211; Prezydent nie zgodzi si\u0119, \u017ceby poprzez nowe rozwi\u0105zania budowa\u0107 alternatyw\u0119 dla ma\u0142\u017ce\u0144stwa, nadaj\u0105c instytucji osoby najbli\u017cszej cechy przynale\u017cne w\u00a0Polsce wy\u0142\u0105cznie ma\u0142\u017ce\u0144stwom. Musi to zosta\u0107 wzi\u0119te pod uwag\u0119 przez autor\u00f3w i\u00a0promotor\u00f3w projektu &#8211;\u00a0twierdzi szef gabinetu prezydenta Pawe\u0142 Szefernaker.<\/p><\/blockquote>\n<p>Na takie stawianie sprawy nie godzi si\u0119 koalicja.<\/p>\n<p>Micha\u0142 Wr\u00f3blewski, dziennikarz Wirtualnej Polski<\/p>\n","protected":false},"excerpt":{"rendered":"Rada Ministr\u00f3w przyj\u0119\u0142a w\u00a0poniedzia\u0142ek projekt ustawy o\u00a0statusie osoby najbli\u017cszej w\u00a0zwi\u0105zku i\u00a0umowie o\u00a0wsp\u00f3lnym po\u017cyciu. &#8211;\u00a0Do Sejmu idziemy z\u00a0projektem koncyliacyjnym,&hellip;\n","protected":false},"author":2,"featured_media":180029,"comment_status":"","ping_status":"","sticky":false,"template":"","format":"standard","meta":{"footnotes":""},"categories":[5],"tags":[32,33,36,37,27,34,35,28,31,25,42,38,40,39,41,29,30,26],"class_list":{"0":"post-180028","1":"post","2":"type-post","3":"status-publish","4":"format-standard","5":"has-post-thumbnail","7":"category-naglowki","8":"tag-breaking-news","9":"tag-breakingnews","10":"tag-featured-news","11":"tag-featurednews","12":"tag-headlines","13":"tag-latest-news","14":"tag-latestnews","15":"tag-naglowki","16":"tag-najwazniejsze-artykuly","17":"tag-news","18":"tag-pl","19":"tag-poland","20":"tag-polish","21":"tag-polska","22":"tag-polski","23":"tag-top-stories","24":"tag-topstories","25":"tag-wiadomosci"},"share_on_mastodon":{"url":"https:\/\/pubeurope.com\/@pl\/115814380729210441","error":""},"_links":{"self":[{"href":"https:\/\/www.europesays.com\/pl\/wp-json\/wp\/v2\/posts\/180028","targetHints":{"allow":["GET"]}}],"collection":[{"href":"https:\/\/www.europesays.com\/pl\/wp-json\/wp\/v2\/posts"}],"about":[{"href":"https:\/\/www.europesays.com\/pl\/wp-json\/wp\/v2\/types\/post"}],"author":[{"embeddable":true,"href":"https:\/\/www.europesays.com\/pl\/wp-json\/wp\/v2\/users\/2"}],"replies":[{"embeddable":true,"href":"https:\/\/www.europesays.com\/pl\/wp-json\/wp\/v2\/comments?post=180028"}],"version-history":[{"count":0,"href":"https:\/\/www.europesays.com\/pl\/wp-json\/wp\/v2\/posts\/180028\/revisions"}],"wp:featuredmedia":[{"embeddable":true,"href":"https:\/\/www.europesays.com\/pl\/wp-json\/wp\/v2\/media\/180029"}],"wp:attachment":[{"href":"https:\/\/www.europesays.com\/pl\/wp-json\/wp\/v2\/media?parent=180028"}],"wp:term":[{"taxonomy":"category","embeddable":true,"href":"https:\/\/www.europesays.com\/pl\/wp-json\/wp\/v2\/categories?post=180028"},{"taxonomy":"post_tag","embeddable":true,"href":"https:\/\/www.europesays.com\/pl\/wp-json\/wp\/v2\/tags?post=180028"}],"curies":[{"name":"wp","href":"https:\/\/api.w.org\/{rel}","templated":true}]}}