{"id":180030,"date":"2025-12-31T13:19:07","date_gmt":"2025-12-31T13:19:07","guid":{"rendered":"https:\/\/www.europesays.com\/pl\/180030\/"},"modified":"2025-12-31T13:19:07","modified_gmt":"2025-12-31T13:19:07","slug":"reprezentant-polski-w-centrum-afery-w-meksyku-miejscowa-ikona-uderzyla-w-naszego-rodaka-fakt","status":"publish","type":"post","link":"https:\/\/www.europesays.com\/pl\/180030\/","title":{"rendered":"Reprezentant Polski w centrum afery w Meksyku. Miejscowa ikona uderzy\u0142a w naszego rodaka &#8211; Fakt"},"content":{"rendered":"<ol>\n<li><a href=\"https:\/\/news.google.com\/rss\/articles\/CBMilAFBVV95cUxQUVBjekhfbGZMWUVvQkd6ZkxuSVVKSE94X0RSdEh6VEdnV2luZUE5UU83bWVfMGlDVktnVDJFRUdvOUVOSGRZTnNQN1hRSXBzQllaMFgwYzU0bkxrVVgyU3M5bFVhQ3ZVRjZqbkFLU2NleFlFZkpwcjVISHRzcHlqQ3FxX2JvSGJLdEVhaER6WFVHc3RH?oc=5\" target=\"_blank\" rel=\"nofollow noopener\">Reprezentant Polski w centrum afery w Meksyku. Miejscowa ikona uderzy\u0142a w naszego rodaka<\/a>&nbsp;&nbsp;Fakt<\/li>\n<li><a href=\"https:\/\/news.google.com\/rss\/articles\/CBMisgFBVV95cUxNYmJuNmtBSzRyNlpjLUNIOXZkQk1sYVNCSzJmaWxmOEJaNEVuZXgyaEhCbW1sQk5SZ01ZZlprM3AtOEszWjNtTGZIaFlKRk16XzB5OF9rT1lPdkM5cnY1bWNHNUNzYXEtUENKQXlUZ1RuTHdRaWR6UGdPQ3N5b1BWRDJCQU9TUWxVSHdlaGhDUllEQ09tMUx1Q2xjUnUyQUFLZkJpdV9GNlZaRXhvdUlyamxR?oc=5\" target=\"_blank\" rel=\"nofollow noopener\">Polak nie stawi\u0142 si\u0119 na treningu. B\u0142yskawiczna reakcja klubu<\/a>&nbsp;&nbsp;Przegl\u0105d Sportowy Onet<\/li>\n<li><a href=\"https:\/\/news.google.com\/rss\/articles\/CBMimwFBVV95cUxNcUdObDRMRHVoWlB1NTVEeUFGeDlER3hnS0k1QzhYRHp3OTFESEkxNXdMTEZTYm1QZl9iMG92OXhXWktDNm10V242QnZnbkh1ZkV4UmY2d3V6M29MZGk1WndBSThQNUd4RXNTUDVFY2k0bXZqYm5ScnllZ2ZsbXJzc1NyLTJpamktSTNBTlgxRS1WVk1fT05qUTJHSdIBoAFBVV95cUxOUDhpODVibmhrc1JFUEdkRngzZmU4YktnMFp5RnZtaTFsUGIyWkhTTElVRGRHYVU1Qk9pYklJSXNGelpjVy1aNUR2dmE3N2JyZFdZbWY1bk1WOHJ2a3J1TjdfYV9wRE9HaUZtMW41OTgtakZNM1IyTnY4TS1SSmlYcE41QnRzZmNVNmRSOUtJUlZ0TFdNZEFiMjdCZnlSSzlQ?oc=5\" target=\"_blank\" rel=\"nofollow noopener\">Mateusz Bogusz chce odej\u015b\u0107 z Cruz Azul. Nie stawi\u0142 si\u0119 na treningu<\/a>&nbsp;&nbsp;sport.tvp.pl<\/li>\n<li><a href=\"https:\/\/news.google.com\/rss\/articles\/CBMiqwFBVV95cUxQYnI1X2VYOXdhQlM2U2lNbDBVdEVxQUtNSVFIcTFTUi16RkRJc295QXBDd2xDc3EwZUNVTlYtY01EU1UyVHJqWE9waGZDV0owS21nS1NKTGdYMWVHZmU1MzRKZjlFeE16RVdXN3lWX3drQlNpZzhwcU9uU1hmVVozaGFZemlnSTh4NWEyTlJUa3BQb3ZWS0RES3ZYZDByVnk3UVBkdlVTM1E4eGc?oc=5\" target=\"_blank\" rel=\"nofollow noopener\">Wypad\u0142 z reprezentacji Polski, a teraz takie wie\u015bci z klubu. B\u0119dzie afera<\/a>&nbsp;&nbsp;Sport.pl<\/li>\n<li><a href=\"https:\/\/news.google.com\/rss\/articles\/CBMiuwFBVV95cUxNenByU1BKRTRTd09VcExaYnl6T3EtWTY2cElsWFcxSUpENHJWNzg1dGNQcTZ2a0pvSVFQd0Z3eWxWcGF6TS1GbGlvMmZGb0JMcmRWY2xsdGkzcVdNOEliRGtwYk94dmVHUG1TR1Vra3lHUU9mRThBVkpHZ2lqV25XZlVCbWVoQXB3RXV6UV9mWUVFQ0p0OTg3bHJSaVVTX1lCd2ZMd0pSOEJraUJaYkpRT25FX3FxMkVxc0U4?oc=5\" target=\"_blank\" rel=\"nofollow noopener\">Reprezentant Polski opuszcza treningi. Dzia\u0142acze klubu \u017c\u0105daj\u0105 wyja\u015bnie\u0144<\/a>&nbsp;&nbsp;www.polsatsport.pl<\/li>\n<\/ol>\n","protected":false},"excerpt":{"rendered":"Reprezentant Polski w centrum afery w Meksyku. Miejscowa ikona uderzy\u0142a w naszego rodaka&nbsp;&nbsp;Fakt Polak nie stawi\u0142 si\u0119 na&hellip;\n","protected":false},"author":2,"featured_media":180031,"comment_status":"","ping_status":"","sticky":false,"template":"","format":"standard","meta":{"footnotes":""},"categories":[24],"tags":[42,38,40,39,41,127,126],"class_list":{"0":"post-180030","1":"post","2":"type-post","3":"status-publish","4":"format-standard","5":"has-post-thumbnail","7":"category-sport","8":"tag-pl","9":"tag-poland","10":"tag-polish","11":"tag-polska","12":"tag-polski","13":"tag-sport","14":"tag-sports"},"share_on_mastodon":{"url":"https:\/\/pubeurope.com\/@pl\/115814384623498800","error":""},"_links":{"self":[{"href":"https:\/\/www.europesays.com\/pl\/wp-json\/wp\/v2\/posts\/180030","targetHints":{"allow":["GET"]}}],"collection":[{"href":"https:\/\/www.europesays.com\/pl\/wp-json\/wp\/v2\/posts"}],"about":[{"href":"https:\/\/www.europesays.com\/pl\/wp-json\/wp\/v2\/types\/post"}],"author":[{"embeddable":true,"href":"https:\/\/www.europesays.com\/pl\/wp-json\/wp\/v2\/users\/2"}],"replies":[{"embeddable":true,"href":"https:\/\/www.europesays.com\/pl\/wp-json\/wp\/v2\/comments?post=180030"}],"version-history":[{"count":0,"href":"https:\/\/www.europesays.com\/pl\/wp-json\/wp\/v2\/posts\/180030\/revisions"}],"wp:featuredmedia":[{"embeddable":true,"href":"https:\/\/www.europesays.com\/pl\/wp-json\/wp\/v2\/media\/180031"}],"wp:attachment":[{"href":"https:\/\/www.europesays.com\/pl\/wp-json\/wp\/v2\/media?parent=180030"}],"wp:term":[{"taxonomy":"category","embeddable":true,"href":"https:\/\/www.europesays.com\/pl\/wp-json\/wp\/v2\/categories?post=180030"},{"taxonomy":"post_tag","embeddable":true,"href":"https:\/\/www.europesays.com\/pl\/wp-json\/wp\/v2\/tags?post=180030"}],"curies":[{"name":"wp","href":"https:\/\/api.w.org\/{rel}","templated":true}]}}