{"id":180036,"date":"2025-12-31T13:23:07","date_gmt":"2025-12-31T13:23:07","guid":{"rendered":"https:\/\/www.europesays.com\/pl\/180036\/"},"modified":"2025-12-31T13:23:07","modified_gmt":"2025-12-31T13:23:07","slug":"wspolnie-buduja-woz-opancerzony-moze-trafic-na-eksport","status":"publish","type":"post","link":"https:\/\/www.europesays.com\/pl\/180036\/","title":{"rendered":"Wsp\u00f3lnie buduj\u0105 w\u00f3z opancerzony. Mo\u017ce trafi\u0107 na eksport"},"content":{"rendered":"<p>Pojazd Shota powsta\u0142 w\u00a0Albanii i\u00a0ma sta\u0107 si\u0119 filarem regionalnego przemys\u0142u obronnego &#8211;\u00a0czytamy na ukrai\u0144skim portalu Defense Express. O\u00a0inicjatywie m\u00f3wi\u0142 pe\u0142ni\u0105cy obowi\u0105zki ministra obrony Kosowa Ejup Maqedonci, cytowany przez portal KOHA. Wed\u0142ug przedstawionych informacji partnerzy chc\u0105 zaspokaja\u0107 w\u0142asne potrzeby i\u00a0kierowa\u0107 dostawy na eksport.<\/p>\n<p>To pierwsza tego typu wsp\u00f3\u0142praca trzech pa\u0144stw ba\u0142ka\u0144skich przy produkcji ci\u0119\u017ckiej broni. \u0179r\u00f3d\u0142a bran\u017cowe wskazuj\u0105, \u017ce wsp\u00f3lne zam\u00f3wienia mog\u0105 obni\u017cy\u0107 jednostkowe koszty oraz w\u0142\u0105czy\u0107 do \u0142a\u0144cucha dostaw firmy z\u00a0Albanii, Kosowa i\u00a0Chorwacji. Projekt ma te\u017c wzmacnia\u0107 lokalny przemys\u0142 obronny.<\/p>\n<p>Shota to klasyczny MRAP (pojazd opancerzony o\u00a0zwi\u0119kszonej odporno\u015bci na miny i\u00a0\u0142adunki improwizowane) o\u00a0masie ok. 13 ton, zaprojektowany przez alba\u0144sk\u0105 firm\u0119 Timak. Konfiguracje maj\u0105 obejmowa\u0107 uk\u0142ad 4&#215;4 oraz 6&#215;6. Pojazd przewiezie do 10 \u017co\u0142nierzy wraz z\u00a0kierowc\u0105.<\/p>\n<p>Wed\u0142ug opisu technicznego planowany poziom ochrony odpowiada STANAG 4569 2. Oznacza to odporno\u015b\u0107 na pociski 7,62&#215;39 mm\u00a0oraz odporno\u015b\u0107 na wybuch \u0142adunku do 6\u00a0kg pod ko\u0142em lub pod kabin\u0105.<\/p>\n<p>Wyposa\u017cenie obejmuje m.in. wie\u017cyczk\u0119 dla strzelca na dachu, system kamer dook\u00f3lnych i\u00a0klimatyzacj\u0119. Cz\u0119\u015b\u0107 paneli pancerza ustawiono pod k\u0105tem, aby poprawi\u0107 efektywno\u015b\u0107 ochrony. To rozwi\u0105zania typowe dla wsp\u00f3\u0142czesnych MRAP\u2011\u00f3w, ale z\u00a0lokalnymi modyfikacjami producenta.<\/p>\n<p>Najwi\u0119kszym atutem Shoty jest regionalny rodow\u00f3d, kt\u00f3ry mo\u017ce sta\u0107 si\u0119 impulsem dla ba\u0142ka\u0144skiego przemys\u0142u zbrojeniowego. Nie wiadomo jednak, na ile projekt b\u0119dzie konkurencyjny eksportowo. Segment opancerzonych samochod\u00f3w jest nasycony, a\u00a0brak atutu &#8222;sprawdzone w\u00a0boju&#8221;, kt\u00f3rym dysponuj\u0105 ukrai\u0144skie odpowiedniki, mo\u017ce utrudni\u0107 wej\u015bcie na rynki poza regionem.<\/p>\n","protected":false},"excerpt":{"rendered":"Pojazd Shota powsta\u0142 w\u00a0Albanii i\u00a0ma sta\u0107 si\u0119 filarem regionalnego przemys\u0142u obronnego &#8211;\u00a0czytamy na ukrai\u0144skim portalu Defense Express. O\u00a0inicjatywie&hellip;\n","protected":false},"author":2,"featured_media":180037,"comment_status":"","ping_status":"","sticky":false,"template":"","format":"standard","meta":{"footnotes":""},"categories":[14],"tags":[32,33,27,34,35,28,31,25,40,41,80,29,30,26,82,83,84],"class_list":{"0":"post-180036","1":"post","2":"type-post","3":"status-publish","4":"format-standard","5":"has-post-thumbnail","7":"category-swiat","8":"tag-breaking-news","9":"tag-breakingnews","10":"tag-headlines","11":"tag-latest-news","12":"tag-latestnews","13":"tag-naglowki","14":"tag-najwazniejsze-artykuly","15":"tag-news","16":"tag-polish","17":"tag-polski","18":"tag-swiat","19":"tag-top-stories","20":"tag-topstories","21":"tag-wiadomosci","22":"tag-world","23":"tag-world-news","24":"tag-worldnews"},"share_on_mastodon":{"url":"https:\/\/pubeurope.com\/@pl\/115814400218263965","error":""},"_links":{"self":[{"href":"https:\/\/www.europesays.com\/pl\/wp-json\/wp\/v2\/posts\/180036","targetHints":{"allow":["GET"]}}],"collection":[{"href":"https:\/\/www.europesays.com\/pl\/wp-json\/wp\/v2\/posts"}],"about":[{"href":"https:\/\/www.europesays.com\/pl\/wp-json\/wp\/v2\/types\/post"}],"author":[{"embeddable":true,"href":"https:\/\/www.europesays.com\/pl\/wp-json\/wp\/v2\/users\/2"}],"replies":[{"embeddable":true,"href":"https:\/\/www.europesays.com\/pl\/wp-json\/wp\/v2\/comments?post=180036"}],"version-history":[{"count":0,"href":"https:\/\/www.europesays.com\/pl\/wp-json\/wp\/v2\/posts\/180036\/revisions"}],"wp:featuredmedia":[{"embeddable":true,"href":"https:\/\/www.europesays.com\/pl\/wp-json\/wp\/v2\/media\/180037"}],"wp:attachment":[{"href":"https:\/\/www.europesays.com\/pl\/wp-json\/wp\/v2\/media?parent=180036"}],"wp:term":[{"taxonomy":"category","embeddable":true,"href":"https:\/\/www.europesays.com\/pl\/wp-json\/wp\/v2\/categories?post=180036"},{"taxonomy":"post_tag","embeddable":true,"href":"https:\/\/www.europesays.com\/pl\/wp-json\/wp\/v2\/tags?post=180036"}],"curies":[{"name":"wp","href":"https:\/\/api.w.org\/{rel}","templated":true}]}}