{"id":180038,"date":"2025-12-31T13:24:09","date_gmt":"2025-12-31T13:24:09","guid":{"rendered":"https:\/\/www.europesays.com\/pl\/180038\/"},"modified":"2025-12-31T13:24:09","modified_gmt":"2025-12-31T13:24:09","slug":"dramatyczne-sceny-pod-poznaniem-siedmiolatek-i-jego-matka-nie-zyja-po-wypadku-na-stawie","status":"publish","type":"post","link":"https:\/\/www.europesays.com\/pl\/180038\/","title":{"rendered":"Dramatyczne sceny pod Poznaniem. Siedmiolatek i jego matka nie \u017cyj\u0105 po wypadku na stawie"},"content":{"rendered":"<p class=\"ods-c-paragraph \">Tragedia wydarzy\u0142a si\u0119 na terenie prywatnej posesji przy ul. Kaszubskiej w Radzewie, gdzie znajdowa\u0142 si\u0119 staw z przer\u0119blem. Kiedy stra\u017cacy przybyli na miejsce po zg\u0142oszeniu wypadku, na powierzchni wody zobaczyli kobiet\u0119. \u2014 Otrzymali\u015bmy zg\u0142oszenie, \u017ce w miejscowo\u015bci Radzewo w powiecie pozna\u0144skim dwie osoby znajduj\u0105 si\u0119 w stawie, pod lodem \u2014 powiedzia\u0142 TVN24 rzecznik prasowy wielkopolskiego komendanta wojew\u00f3dzkiego PSP m\u0142. asp. Martin Halasz. Doda\u0142, \u017ce zar\u00f3wno dziecko, jak i matka by\u0142y reanimowane na miejscu. Nast\u0119pnego dnia s\u0142u\u017cby przekaza\u0142y tragiczne wie\u015bci.<\/p>\n<p>Dalszy ci\u0105g artyku\u0142u pod materia\u0142em wideo<\/p>\n<p> Gdzie dosz\u0142o do tragicznego wypadku? <\/p>\n<p> Jakie by\u0142y okoliczno\u015bci wypadku? <\/p>\n<p> Kiedy zmar\u0142 7-letni ch\u0142opiec? <\/p>\n<p> Ile zast\u0119p\u00f3w stra\u017cy po\u017carnej uczestniczy\u0142o w akcji ratunkowej? <\/p>\n<p>  Siedmioletni ch\u0142opiec nie \u017cyje. Zmar\u0142a te\u017c jego matka<\/p>\n<p class=\"ods-c-paragraph \">Matka i syn po reanimacji zostali przetransportowani do szpitala. Trafi\u0142 tam te\u017c ojciec ch\u0142opca, kt\u00f3ry by\u0142 w szoku po wypadku. To on mia\u0142 zawiadomi\u0107 s\u0142u\u017cby po tym, jak jego bliscy weszli na zamarzni\u0119t\u0105 powierzchni\u0119 stawu i za\u0142ama\u0142 si\u0119 pod nimi l\u00f3d.<\/p>\n<p class=\"ods-c-paragraph \">Z informacji PAP wynika, \u017ce na miejscu akcj\u0119 prowadzi\u0142o 11 zast\u0119p\u00f3w stra\u017cy po\u017carnej i 5 jednostek p\u0142ywaj\u0105cych, w tym specjalistyczna grupa ratownictwa wodno-nurkowego z Poznania. Stra\u017cacy z OSP Czmo\u0144 udost\u0119pnili w mediach spo\u0142eczno\u015bciowych zdj\u0119cia z akcji ratowniczej na stawie.<\/p>\n<p class=\"ods-c-paragraph \">Najnowsze informacje na temat dramatycznych wydarze\u0144 w Radzewie policja przekaza\u0142a w \u015brod\u0119 rano. Ch\u0142opca nie uda\u0142o si\u0119 uratowa\u0107. Jak przekaza\u0142 w rozmowie z TVN24 aspirant \u0141ukasz K\u0119dziora z wielkopolskiej policji, dziecko zmar\u0142o o 6.16. Kilka godzin p\u00f3\u017aniej pojawi\u0142a si\u0119 informacja o \u015bmierci jego matki. \u2014 Potwierdzam, \u017ce \u017cycia mamy ch\u0142opca nie uda\u0142o si\u0119 uratowa\u0107. Zmar\u0142a w szpitalu \u2014 przekaza\u0142 TVN24 podkomisarz \u0141ukasz Paterski z KMP w Poznaniu.<\/p>\n","protected":false},"excerpt":{"rendered":"Tragedia wydarzy\u0142a si\u0119 na terenie prywatnej posesji przy ul. Kaszubskiej w Radzewie, gdzie znajdowa\u0142 si\u0119 staw z przer\u0119blem.&hellip;\n","protected":false},"author":2,"featured_media":180039,"comment_status":"","ping_status":"","sticky":false,"template":"","format":"standard","meta":{"footnotes":""},"categories":[12],"tags":[32,33,36,37,27,49,34,35,28,31,48,25,46,42,38,40,39,41,1817,47,512,16336,29,30,26],"class_list":{"0":"post-180038","1":"post","2":"type-post","3":"status-publish","4":"format-standard","5":"has-post-thumbnail","7":"category-polska","8":"tag-breaking-news","9":"tag-breakingnews","10":"tag-featured-news","11":"tag-featurednews","12":"tag-headlines","13":"tag-kraj","14":"tag-latest-news","15":"tag-latestnews","16":"tag-naglowki","17":"tag-najwazniejsze-artykuly","18":"tag-nat_styl","19":"tag-news","20":"tag-omp","21":"tag-pl","22":"tag-poland","23":"tag-polish","24":"tag-polska","25":"tag-polski","26":"tag-poznan","27":"tag-screening_general","28":"tag-smierc_dziecka","29":"tag-staw","30":"tag-top-stories","31":"tag-topstories","32":"tag-wiadomosci"},"share_on_mastodon":{"url":"https:\/\/pubeurope.com\/@pl\/115814404211341246","error":""},"_links":{"self":[{"href":"https:\/\/www.europesays.com\/pl\/wp-json\/wp\/v2\/posts\/180038","targetHints":{"allow":["GET"]}}],"collection":[{"href":"https:\/\/www.europesays.com\/pl\/wp-json\/wp\/v2\/posts"}],"about":[{"href":"https:\/\/www.europesays.com\/pl\/wp-json\/wp\/v2\/types\/post"}],"author":[{"embeddable":true,"href":"https:\/\/www.europesays.com\/pl\/wp-json\/wp\/v2\/users\/2"}],"replies":[{"embeddable":true,"href":"https:\/\/www.europesays.com\/pl\/wp-json\/wp\/v2\/comments?post=180038"}],"version-history":[{"count":0,"href":"https:\/\/www.europesays.com\/pl\/wp-json\/wp\/v2\/posts\/180038\/revisions"}],"wp:featuredmedia":[{"embeddable":true,"href":"https:\/\/www.europesays.com\/pl\/wp-json\/wp\/v2\/media\/180039"}],"wp:attachment":[{"href":"https:\/\/www.europesays.com\/pl\/wp-json\/wp\/v2\/media?parent=180038"}],"wp:term":[{"taxonomy":"category","embeddable":true,"href":"https:\/\/www.europesays.com\/pl\/wp-json\/wp\/v2\/categories?post=180038"},{"taxonomy":"post_tag","embeddable":true,"href":"https:\/\/www.europesays.com\/pl\/wp-json\/wp\/v2\/tags?post=180038"}],"curies":[{"name":"wp","href":"https:\/\/api.w.org\/{rel}","templated":true}]}}