{"id":180040,"date":"2025-12-31T13:25:13","date_gmt":"2025-12-31T13:25:13","guid":{"rendered":"https:\/\/www.europesays.com\/pl\/180040\/"},"modified":"2025-12-31T13:25:13","modified_gmt":"2025-12-31T13:25:13","slug":"mrirw-we-wspolpracy-z-arimr-uruchomilo-nowe-narzedzie-wspierajace-sprzedaz-produktow-rolnych-bezposrednio-od-rolnikow-agencja-restrukturyzacji-i-modernizacji-rolnictwa","status":"publish","type":"post","link":"https:\/\/www.europesays.com\/pl\/180040\/","title":{"rendered":"MRiRW we wsp\u00f3\u0142pracy z ARiMR uruchomi\u0142o nowe narz\u0119dzie wspieraj\u0105ce sprzeda\u017c produkt\u00f3w rolnych bezpo\u015brednio od rolnik\u00f3w &#8211; Agencja Restrukturyzacji i Modernizacji Rolnictwa"},"content":{"rendered":"<p>Na stronie <a href=\"https:\/\/portalrolnika.gov.pl\/\" target=\"_blank\" rel=\"nofollow noopener\">portalrolnika.gov.pl<\/a>\u00a0w zak\u0142adce <a href=\"https:\/\/sso.arimr.gov.pl\/auth\/realms\/ewniosekplus\/protocol\/openid-connect\/auth?response_type=code&amp;client_id=epue&amp;state=U3hQbmxUcjNxWGF4dlBrLnlpaV9iRWgzaXZ-ck8za3BfSk9NY0ppczRTdjB4&amp;redirect_uri=https%3A%2F%2Fportalrolnika.gov.pl%2Fpanel&amp;scope=openid%20profile%20email&amp;code_challenge=9LGHvIEzTrH1xDVw0J4X8GlNs5nwQVy_kVwGLxiVMV0&amp;code_challenge_method=S256&amp;nonce=U3hQbmxUcjNxWGF4dlBrLnlpaV9iRWgzaXZ-ck8za3BfSk9NY0ppczRTdjB4\" target=\"_blank\" rel=\"nofollow noopener\">Moje produkty<\/a> udost\u0119pniono modu\u0142 umo\u017cliwiaj\u0105cy rolnikom bezp\u0142atne zg\u0142aszanie ofert sprzeda\u017cy w\u0142asnych produkt\u00f3w. Dzi\u0119ki temu konsumenci zyskaj\u0105 mo\u017cliwo\u015b\u0107 zakupu wytwor\u00f3w bezpo\u015brednio od producent\u00f3w. W tym celu nale\u017cy skorzysta\u0107 z <a href=\"https:\/\/portalrolnika.gov.pl\/mapa-produktow-rolnych\" target=\"_blank\" rel=\"nofollow noopener\">Mapy produkt\u00f3w rolnych<\/a>.<\/p>\n<p>Nowe rozwi\u0105zanie pozwala w prosty i intuicyjny spos\u00f3b prezentowa\u0107 swoje produkty, dociera\u0107 do odbiorc\u00f3w z r\u00f3\u017cnych cz\u0119\u015bci kraju oraz budowa\u0107 trwa\u0142e relacje mi\u0119dzy rolnikiem a konsumentem. Ka\u017cdy z rolnik\u00f3w posiadaj\u0105cy wpis do ewidencji producent\u00f3w mo\u017ce w prosty spos\u00f3b doda\u0107 ofert\u0119, zaktualizowa\u0107 j\u0105 lub wycofa\u0107 po zako\u0144czeniu sprzeda\u017cy. <\/p>\n<p>Zach\u0119camy do aktywnego korzystania z dost\u0119pnej us\u0142ugi na Portalu Rolnika i podejmowania dzia\u0142a\u0144 zwi\u0119kszaj\u0105cych atrakcyjno\u015b\u0107 oraz konkurencyjno\u015b\u0107 ofert &#8211; poprzez dba\u0142o\u015b\u0107 o precyzyjne wskazanie rodzaju produkt\u00f3w, ich lokalizacj\u0119, czy mo\u017cliwo\u015b\u0107 odbioru bezpo\u015bredniego z gospodarstwa rolnego.<\/p>\n<p>Na powy\u017cszych stronach dost\u0119pne s\u0105 r\u00f3wnie\u017c szczeg\u00f3\u0142owe instrukcje dotycz\u0105ce korzystania z us\u0142ugi wspieraj\u0105cej sprzeda\u017c bezpo\u015bredni\u0105. Resort rolnictwa b\u0119dzie rozwija\u0107 udost\u0119pnione narz\u0119dzia w kolejnych miesi\u0105cach, je\u015bli spotkaj\u0105 si\u0119 one z pozytywnym odbiorem \u015brodowisk rolniczych i przyczyni\u0105 do wzmocnienia krajowego rynku sprzeda\u017cy bezpo\u015bredniej p\u0142od\u00f3w rolnych. <\/p>\n<p>Mapa aktualnej aktywno\u015bci zg\u0142osze\u0144 w rozbiciu na wojew\u00f3dztwa &#8211; <a href=\"http:\/\/portalrolnika.gov.pl\/mapa-produktow-rolnych\" target=\"_blank\" rel=\"nofollow noopener\">otw\u00f3rz<\/a> <\/p>\n","protected":false},"excerpt":{"rendered":"Na stronie portalrolnika.gov.pl\u00a0w zak\u0142adce Moje produkty udost\u0119pniono modu\u0142 umo\u017cliwiaj\u0105cy rolnikom bezp\u0142atne zg\u0142aszanie ofert sprzeda\u017cy w\u0142asnych produkt\u00f3w. Dzi\u0119ki temu&hellip;\n","protected":false},"author":2,"featured_media":180041,"comment_status":"","ping_status":"","sticky":false,"template":"","format":"standard","meta":{"footnotes":""},"categories":[5],"tags":[32,33,36,37,27,34,35,28,31,25,42,38,40,39,41,29,30,26],"class_list":{"0":"post-180040","1":"post","2":"type-post","3":"status-publish","4":"format-standard","5":"has-post-thumbnail","7":"category-naglowki","8":"tag-breaking-news","9":"tag-breakingnews","10":"tag-featured-news","11":"tag-featurednews","12":"tag-headlines","13":"tag-latest-news","14":"tag-latestnews","15":"tag-naglowki","16":"tag-najwazniejsze-artykuly","17":"tag-news","18":"tag-pl","19":"tag-poland","20":"tag-polish","21":"tag-polska","22":"tag-polski","23":"tag-top-stories","24":"tag-topstories","25":"tag-wiadomosci"},"share_on_mastodon":{"url":"https:\/\/pubeurope.com\/@pl\/115814408181687350","error":""},"_links":{"self":[{"href":"https:\/\/www.europesays.com\/pl\/wp-json\/wp\/v2\/posts\/180040","targetHints":{"allow":["GET"]}}],"collection":[{"href":"https:\/\/www.europesays.com\/pl\/wp-json\/wp\/v2\/posts"}],"about":[{"href":"https:\/\/www.europesays.com\/pl\/wp-json\/wp\/v2\/types\/post"}],"author":[{"embeddable":true,"href":"https:\/\/www.europesays.com\/pl\/wp-json\/wp\/v2\/users\/2"}],"replies":[{"embeddable":true,"href":"https:\/\/www.europesays.com\/pl\/wp-json\/wp\/v2\/comments?post=180040"}],"version-history":[{"count":0,"href":"https:\/\/www.europesays.com\/pl\/wp-json\/wp\/v2\/posts\/180040\/revisions"}],"wp:featuredmedia":[{"embeddable":true,"href":"https:\/\/www.europesays.com\/pl\/wp-json\/wp\/v2\/media\/180041"}],"wp:attachment":[{"href":"https:\/\/www.europesays.com\/pl\/wp-json\/wp\/v2\/media?parent=180040"}],"wp:term":[{"taxonomy":"category","embeddable":true,"href":"https:\/\/www.europesays.com\/pl\/wp-json\/wp\/v2\/categories?post=180040"},{"taxonomy":"post_tag","embeddable":true,"href":"https:\/\/www.europesays.com\/pl\/wp-json\/wp\/v2\/tags?post=180040"}],"curies":[{"name":"wp","href":"https:\/\/api.w.org\/{rel}","templated":true}]}}