{"id":180042,"date":"2025-12-31T13:26:08","date_gmt":"2025-12-31T13:26:08","guid":{"rendered":"https:\/\/www.europesays.com\/pl\/180042\/"},"modified":"2025-12-31T13:26:08","modified_gmt":"2025-12-31T13:26:08","slug":"pietuszewski-coraz-blizej-odejscia-z-polski-sa-nowe-informacje","status":"publish","type":"post","link":"https:\/\/www.europesays.com\/pl\/180042\/","title":{"rendered":"Pietuszewski coraz bli\u017cej odej\u015bcia z Polski. S\u0105 nowe informacje"},"content":{"rendered":"\n<p class=\"contentpart contentpart--default contentpart--text\" data-position=\"0\"><a href=\"https:\/\/sportowefakty.wp.pl\/pilka-nozna\/oskar-pietuszewski\" rel=\"nofollow noopener\" target=\"_blank\">Oskar Pietuszewski<\/a>\u00a0jest uznawany za najbardziej obiecuj\u0105cego pi\u0142karza m\u0142odego pokolenia w Polsce. Do seniorskiej pi\u0142ki wchodzi\u0142 w <a href=\"https:\/\/sportowefakty.wp.pl\/pilka-nozna\/jagiellonia-bialystok\" rel=\"nofollow noopener\" target=\"_blank\">Jagiellonii Bia\u0142ystok<\/a>\u00a0i  w jej barwach zadebiutowa\u0142 w PKO Ekstraklasie oraz w europejskich  pucharach. W tym sezonie w 31 meczach Jagiellonii strzeli\u0142 trzy gole i  przy dw\u00f3ch asystowa\u0142.<\/p>\n<p class=\"contentpart contentpart--default contentpart--text\" data-position=\"1\">Jak podaje portal meczyki.pl, Jagiellonia  Bia\u0142ystok wznowi\u0142a rozmowy z <a href=\"https:\/\/sportowefakty.wp.pl\/pilka-nozna\/fc-porto\" rel=\"nofollow noopener\" target=\"_blank\">FC Porto<\/a>, kt\u00f3re b\u0119d\u0105 trwa\u0107 nawet w sylwestra oraz na pocz\u0105tku stycznia. Pomimo braku porozumienia, obie  strony d\u0105\u017c\u0105 do szybkiego zamkni\u0119cia negocjacji.<\/p>\n<p> <img role=\"presentation\" src=\"https:\/\/std.wpcdn.pl\/images\/adv\/placeholder_wp.svg\" loading=\"lazy\" alt=\"\" decoding=\"async\"\/>  <\/p>\n<p class=\"contentpart contentpart--default contentpart--text\" data-position=\"2\">Kluczowym terminem wydaje si\u0119 data 10 stycznia, kiedy to Jagiellonia  leci do Turcji na ob\u00f3z przygotowawczy. Idealnym scenariuszem by\u0142oby  zamkni\u0119cie transferu wcze\u015bniej. Pietuszewski jest entuzjastycznie  nastawiony do projektu FC Porto, ale rozmowy z Jagielloni\u0105 wci\u0105\u017c trwaj\u0105.<\/p>\n<p class=\"contentpart contentpart--default contentpart--text\" data-position=\"3\">ZOBACZ WIDEO: &#8222;Spr\u00f3bujcie go powstrzyma\u0107&#8221;. Z pi\u0142k\u0105 wyczynia cuda<\/p>\n<p class=\"contentpart contentpart--default contentpart--text\" data-position=\"5\">Cena transferu ma oscylowa\u0107 w okolicach 10 mln euro, co znacz\u0105co  przewy\u017csza dotychczasowy rekord transferowy klubu, jakim by\u0142 wyjazd  Patryka Klimali do Celticu za 4 mln euro. Je\u015bli transakcja dojdzie do  skutku, b\u0119dzie to historyczny moment dla Jagiellonii.<br \/>Dotychczasowe najwy\u017csze transfery Jagiellonii to tak\u017ce Bart\u0142omiej  Dr\u0105gowski i Karol \u015awiderski, za kt\u00f3rych klub uzyska\u0142 po 2,5 mln euro. W  przypadku Pietuszewskiego kwota mo\u017ce by\u0107 dwukrotnie wy\u017csza, co dodatkowo  podkre\u015bla jego umiej\u0119tno\u015bci i potencja\u0142.<\/p>\n<p class=\"contentpart contentpart--default contentpart--text\" data-position=\"6\">FC Porto prowadzi w lidze portugalskiej i rywalizuje w Lidze Europy.  Obro\u0144cami Smok\u00f3w s\u0105 Jan Bednarek oraz Jakub Kiwior, kt\u00f3rzy rozmawiali z  m\u0142odszym rodakiem o transferze do zespo\u0142u z Estadio do Dragao. Mieli oni  uczestniczy\u0107 w przekonaniu nastolatka.<\/p>\n","protected":false},"excerpt":{"rendered":"Oskar Pietuszewski\u00a0jest uznawany za najbardziej obiecuj\u0105cego pi\u0142karza m\u0142odego pokolenia w Polsce. Do seniorskiej pi\u0142ki wchodzi\u0142 w Jagiellonii Bia\u0142ystok\u00a0i&hellip;\n","protected":false},"author":2,"featured_media":180043,"comment_status":"","ping_status":"","sticky":false,"template":"","format":"standard","meta":{"footnotes":""},"categories":[24],"tags":[5436,2615,7575,269,42,38,40,39,41,127,126],"class_list":{"0":"post-180042","1":"post","2":"type-post","3":"status-publish","4":"format-standard","5":"has-post-thumbnail","7":"category-sport","8":"tag-fc-porto","9":"tag-jagiellonia-bialystok","10":"tag-oskar-pietuszewski","11":"tag-pilka-nozna","12":"tag-pl","13":"tag-poland","14":"tag-polish","15":"tag-polska","16":"tag-polski","17":"tag-sport","18":"tag-sports"},"share_on_mastodon":{"url":"https:\/\/pubeurope.com\/@pl\/115814412314623416","error":""},"_links":{"self":[{"href":"https:\/\/www.europesays.com\/pl\/wp-json\/wp\/v2\/posts\/180042","targetHints":{"allow":["GET"]}}],"collection":[{"href":"https:\/\/www.europesays.com\/pl\/wp-json\/wp\/v2\/posts"}],"about":[{"href":"https:\/\/www.europesays.com\/pl\/wp-json\/wp\/v2\/types\/post"}],"author":[{"embeddable":true,"href":"https:\/\/www.europesays.com\/pl\/wp-json\/wp\/v2\/users\/2"}],"replies":[{"embeddable":true,"href":"https:\/\/www.europesays.com\/pl\/wp-json\/wp\/v2\/comments?post=180042"}],"version-history":[{"count":0,"href":"https:\/\/www.europesays.com\/pl\/wp-json\/wp\/v2\/posts\/180042\/revisions"}],"wp:featuredmedia":[{"embeddable":true,"href":"https:\/\/www.europesays.com\/pl\/wp-json\/wp\/v2\/media\/180043"}],"wp:attachment":[{"href":"https:\/\/www.europesays.com\/pl\/wp-json\/wp\/v2\/media?parent=180042"}],"wp:term":[{"taxonomy":"category","embeddable":true,"href":"https:\/\/www.europesays.com\/pl\/wp-json\/wp\/v2\/categories?post=180042"},{"taxonomy":"post_tag","embeddable":true,"href":"https:\/\/www.europesays.com\/pl\/wp-json\/wp\/v2\/tags?post=180042"}],"curies":[{"name":"wp","href":"https:\/\/api.w.org\/{rel}","templated":true}]}}