{"id":180044,"date":"2025-12-31T13:27:10","date_gmt":"2025-12-31T13:27:10","guid":{"rendered":"https:\/\/www.europesays.com\/pl\/180044\/"},"modified":"2025-12-31T13:27:10","modified_gmt":"2025-12-31T13:27:10","slug":"swieta-antoniego-krolikowskiego-kilka-pokolen-i-koleda-dla-nieobecnych","status":"publish","type":"post","link":"https:\/\/www.europesays.com\/pl\/180044\/","title":{"rendered":"\u015awi\u0119ta Antoniego Kr\u00f3likowskiego. Kilka pokole\u0144 i &#8222;Kol\u0119da dla nieobecnych&#8221;"},"content":{"rendered":"<p class=\"Paragraph_desktopParagraph__U31Gm\">Antoni Kr\u00f3likowski na swoim profilu na Instagramie pokaza\u0142, jak sp\u0119dza\u0142 \u015bwi\u0119ta Bo\u017cego Narodzenia w towarzystwie ukochanej, dziecka oraz mamy, <a href=\"https:\/\/plejada.pl\/temat\/malgorzata-ostrowska-krolikowska\/lrxkf4d\" id=\"17895737-ad13-4471-840f-c609a39a86e1\" rel=\"nofollow noopener\" target=\"_blank\">Ma\u0142gorzaty Ostrowskiej-Kr\u00f3likowskiej<\/a>. Na najnowszym nagraniu rodzina Kr\u00f3likowskiego prezentuje si\u0119 w \u015bwi\u0105tecznym nastroju. Uj\u0119cia pokazuj\u0105 ich wsp\u00f3lne chwile przy choince, a c\u00f3rka aktora przyci\u0105ga uwag\u0119 swoim strojem.<\/p>\n<ul class=\"OchatFollowUps_wrapper__1ry7X\">\n<li class=\"OchatFollowUps_item__Dhyly OchatFollowUps_itemDesktop__R6aBv\">Z kim obecnie zwi\u0105zany jest Antoni Kr\u00f3likowski?<\/li>\n<li class=\"OchatFollowUps_item__Dhyly OchatFollowUps_itemDesktop__R6aBv\">Kto jest mam\u0105 Antoniego Kr\u00f3likowskiego?<\/li>\n<li class=\"OchatFollowUps_item__Dhyly OchatFollowUps_itemDesktop__R6aBv\">Jakie utwory towarzyszy\u0142y rodzinie Kr\u00f3likowskich podczas nagrania?<\/li>\n<li class=\"OchatFollowUps_item__Dhyly OchatFollowUps_itemDesktop__R6aBv\">Ilu wnuk\u00f3w ma Ma\u0142gorzata Ostrowska-Kr\u00f3likowska?<\/li>\n<\/ul>\n<p>Rodzinne \u015bwi\u0119ta u Kr\u00f3likowskich <\/p>\n<p class=\"Paragraph_desktopParagraph__U31Gm\">Filmik, kt\u00f3ry opublikowany zosta\u0142 na profilach Ma\u0142gorzaty Ostrowskiej-Kr\u00f3likowskiej i Antoniego Kr\u00f3likowskiego opatrzony zosta\u0142 &#8222;Kol\u0119d\u0105 dla nieobecnych&#8221; Magdy Umer, co w subtelny spos\u00f3b podkre\u015bli\u0142o nie tylko niedawn\u0105 \u015bmier\u0107 artystki, ale tak\u017ce brak g\u0142owy rodziny, czyli Paw\u0142a Kr\u00f3likowskiego, kt\u00f3ry zmar\u0142 27 lutego 2020 r.<\/p>\n<blockquote>\n<p class=\"Paragraph_desktopParagraph__U31Gm\">\u015awi\u0119ta w domu rodzinnym<\/p>\n<\/blockquote>\n<p class=\"Paragraph_desktopParagraph__U31Gm\">\u2014 mo\u017cna przeczyta\u0107 w opisie.<\/p>\n<p class=\"Paragraph_desktopParagraph__U31Gm\">Nie tak dawno <a href=\"https:\/\/plejada.pl\/newsy\/malgorzata-ostrowska-krolikowska-spedza-czas-z-wnukami-zbieranie-wspomnien\/khv4r21\" id=\"c4721b62-b634-48af-9d96-06ba13b75e17\" rel=\"nofollow noopener\" target=\"_blank\">w rozmowie z &#8222;Faktem&#8221;<\/a> Ma\u0142gorzata Ostrowska-Kr\u00f3likowska opowiedzia\u0142a, jak odnalaz\u0142a si\u0119 w roli babci. Aktorka, kt\u00f3ra sama jest mam\u0105 pi\u0119ciorga dzieci z Paw\u0142em Kr\u00f3likowskim ma czworo wnuk\u00f3w. S\u0105 to: J\u00f3zef dziecko Jana Kr\u00f3likowskiego i Joanny Jarmo\u0142owicz, Vincent, syn <a href=\"https:\/\/plejada.pl\/temat\/antoni-krolikowski-aktor\/7lc8dpm\" id=\"16009886-35b2-40ca-a419-d67d9b72ec23\" rel=\"nofollow noopener\" target=\"_blank\">Antoniego Kr\u00f3likowskiego<\/a> i <a href=\"https:\/\/plejada.pl\/temat\/joanna-opozda\/jz87g91\" id=\"a21512cd-452c-46ea-bbb3-8f4cc7957c34\" rel=\"nofollow noopener\" target=\"_blank\">Joanny Opozdy<\/a>, kt\u00f3ry urodzi\u0142 si\u0119 w 2022 r. Kolejnym cz\u0142onkiem rodziny jest potomek Julii Kr\u00f3likowskiej i jej m\u0119\u017ca Jakuba Piotra Nowaka. Najm\u0142odsza w\u015br\u00f3d dzieci jest Jadwiga \u2014 c\u00f3rka Antka i jego obecnej partnerki, Izabeli Bana\u015b.<\/p>\n<blockquote>\n<p class=\"Paragraph_desktopParagraph__U31Gm\">\u015awietnie odnalaz\u0142am si\u0119 w roli babci. Zawsze, kiedy kole\u017canki m\u00f3wi\u0142y, \u017ce zostaj\u0105 babciami, to czu\u0142am nutk\u0119 zazdro\u015bci. Kiedy wnuk pojawi\u0142 si\u0119 na \u015bwiecie, poczu\u0142am szcz\u0119\u015bcie i spok\u00f3j<\/p>\n<\/blockquote>\n<p class=\"Paragraph_desktopParagraph__U31Gm\">\u2014 m\u00f3wi\u0142a.<\/p>\n<p><img decoding=\"async\" class=\"Image_image__0tuHp Image_autoHeight__f2n87 \" height=\"587\" width=\"882\" src=\"https:\/\/www.europesays.com\/pl\/wp-content\/uploads\/2025\/12\/mZ3k9kpTURBXy9jOGM3ODY5Yzk5NWRhMmEzNzIyOTY0YWU0OTU1NTA0OC5qcGeSlQLNA6wAwsOVAgDNAkvCw94AA6EwAaExAaEzw.jpeg\" alt=\"Ma\u0142gorzata Ostrowska-Kr\u00f3likowska, Antoni Kr\u00f3likowski i Laura Breszka w 2013 r.\" loading=\"lazy\" \/>Pi\u0119tka Mieszko \/ AKPA<\/p>\n<p>Ma\u0142gorzata Ostrowska-Kr\u00f3likowska, Antoni Kr\u00f3likowski i Laura Breszka w 2013 r.<\/p>\n<p><img decoding=\"async\" class=\"Image_image__0tuHp Image_autoHeight__f2n87 \" height=\"587\" width=\"390\" src=\"https:\/\/www.europesays.com\/pl\/wp-content\/uploads\/2025\/12\/J01k9kpTURBXy84NmMyODkzNTc0NTU1ZTcyMGE1ZWE3YTM4YTJjYjBlMS5qcGeSlQLNA6wAwsOVAgDNAkvCw94AA6EwAaExAaEzw.jpeg\" alt=\"Ma\u0142gorzata Ostrowska-Kr\u00f3likowska\" loading=\"lazy\" \/>Piotr Andrzejczak \/ MW Media<\/p>\n<p>Ma\u0142gorzata Ostrowska-Kr\u00f3likowska<\/p>\n<p class=\"Paragraph_desktopParagraph__U31Gm\">Dzi\u0119kujemy, \u017ce przeczyta\u0142a\u015b\/e\u015b nasz artyku\u0142 do ko\u0144ca. W serwisie Plejada.pl ka\u017cdego dnia piszemy o najwa\u017cniejszych wydarzeniach show-biznesowych. B\u0105d\u017a na bie\u017c\u0105co! <a rel=\"nofollow noopener\" href=\"https:\/\/profile.google.com\/cp\/Cg0vZy8xMWJ6X19wdHBx\" id=\"52b6cb8a-96e0-48da-9a2a-707781193ec1\" target=\"_blank\">Obserwuj<\/a> Plejad\u0119 w Google. Odwied\u017a nas tak\u017ce na <a rel=\"nofollow noopener\" href=\"https:\/\/www.facebook.com\/plejadapl\" id=\"3a4cc3b2-4bd5-4d7b-a1a3-39a4b268ebcc\" target=\"_blank\">Facebooku<\/a>, <a rel=\"nofollow noopener\" href=\"https:\/\/www.instagram.com\/plejadapl\/\" id=\"a38a7d7b-2a20-4d15-8126-554b82d80708\" target=\"_blank\">Instagramie<\/a>, <a rel=\"nofollow noopener\" href=\"https:\/\/www.youtube.com\/c\/plejada\" id=\"bcb5e1f3-a55e-4053-bf1d-90db4aaddb84\" target=\"_blank\">YouTubie<\/a> oraz <a rel=\"nofollow noopener\" href=\"https:\/\/www.tiktok.com\/@plejada_pl\" id=\"f6f83548-7130-48fa-afa8-fde1fce9de21\" target=\"_blank\">TikToku<\/a>.<\/p>\n<p class=\"Paragraph_desktopParagraph__U31Gm\">Chcesz podzieli\u0107 si\u0119 ciekawym newsem lub zaproponowa\u0107 temat? Skontaktuj si\u0119 z nami, pisz\u0105c maila na adres: <a href=\"https:\/\/www.onet.pl\/styl-zycia\/plejada\/swieta-antoniego-krolikowskiego-kilka-pokolen-i-koleda-dla-nieobecnych\/mailto:plejada@redakcjaonet.pl\" id=\"65c0a71f-561e-41fd-a969-35ea7e2cb945\" rel=\"nofollow noopener\" target=\"_blank\">plejada@redakcjaon<\/a><a rel=\"nofollow noopener\" href=\"http:\/\/et.pl\" id=\"504a776a-5898-4452-98b4-72bdbcd56503\" target=\"_blank\">et.pl<\/a>.<\/p>\n<p><script async src=\"\/\/www.instagram.com\/embed.js\"><\/script><script async src=\"\/\/www.tiktok.com\/embed.js\"><\/script><\/p>\n","protected":false},"excerpt":{"rendered":"Antoni Kr\u00f3likowski na swoim profilu na Instagramie pokaza\u0142, jak sp\u0119dza\u0142 \u015bwi\u0119ta Bo\u017cego Narodzenia w towarzystwie ukochanej, dziecka oraz&hellip;\n","protected":false},"author":2,"featured_media":180045,"comment_status":"","ping_status":"","sticky":false,"template":"","format":"standard","meta":{"footnotes":""},"categories":[22],"tags":[20698,122,67,35303,5017,19715,53,52,68,51,55,42,38,40,39,41,123,47,196,65,50],"class_list":{"0":"post-180044","1":"post","2":"type-post","3":"status-publish","4":"format-standard","5":"has-post-thumbnail","7":"category-rozrywka","8":"tag-antoni_krolikowski_aktor","9":"tag-entertainment","10":"tag-intextvideo_splayer","11":"tag-izabela_banas","12":"tag-joanna_opozda","13":"tag-malgorzata_ostrowska_krolikowska","14":"tag-new_header","15":"tag-onet3","16":"tag-onet3d","17":"tag-onet3d_2i","18":"tag-phx","19":"tag-pl","20":"tag-poland","21":"tag-polish","22":"tag-polska","23":"tag-polski","24":"tag-rozrywka","25":"tag-screening_general","26":"tag-styl_zycia","27":"tag-update_me","28":"tag-v2021"},"share_on_mastodon":{"url":"https:\/\/pubeurope.com\/@pl\/115814415916378273","error":""},"_links":{"self":[{"href":"https:\/\/www.europesays.com\/pl\/wp-json\/wp\/v2\/posts\/180044","targetHints":{"allow":["GET"]}}],"collection":[{"href":"https:\/\/www.europesays.com\/pl\/wp-json\/wp\/v2\/posts"}],"about":[{"href":"https:\/\/www.europesays.com\/pl\/wp-json\/wp\/v2\/types\/post"}],"author":[{"embeddable":true,"href":"https:\/\/www.europesays.com\/pl\/wp-json\/wp\/v2\/users\/2"}],"replies":[{"embeddable":true,"href":"https:\/\/www.europesays.com\/pl\/wp-json\/wp\/v2\/comments?post=180044"}],"version-history":[{"count":0,"href":"https:\/\/www.europesays.com\/pl\/wp-json\/wp\/v2\/posts\/180044\/revisions"}],"wp:featuredmedia":[{"embeddable":true,"href":"https:\/\/www.europesays.com\/pl\/wp-json\/wp\/v2\/media\/180045"}],"wp:attachment":[{"href":"https:\/\/www.europesays.com\/pl\/wp-json\/wp\/v2\/media?parent=180044"}],"wp:term":[{"taxonomy":"category","embeddable":true,"href":"https:\/\/www.europesays.com\/pl\/wp-json\/wp\/v2\/categories?post=180044"},{"taxonomy":"post_tag","embeddable":true,"href":"https:\/\/www.europesays.com\/pl\/wp-json\/wp\/v2\/tags?post=180044"}],"curies":[{"name":"wp","href":"https:\/\/api.w.org\/{rel}","templated":true}]}}