{"id":180050,"date":"2025-12-31T13:31:11","date_gmt":"2025-12-31T13:31:11","guid":{"rendered":"https:\/\/www.europesays.com\/pl\/180050\/"},"modified":"2025-12-31T13:31:11","modified_gmt":"2025-12-31T13:31:11","slug":"5-tys-zl-a-nawet-wiezienie-przepisy-mowia-jasno-nawet-w-sylwestra","status":"publish","type":"post","link":"https:\/\/www.europesays.com\/pl\/180050\/","title":{"rendered":"5 tys. z\u0142, a nawet wi\u0119zienie. Przepisy m\u00f3wi\u0105 jasno, nawet w Sylwestra"},"content":{"rendered":"<p>Beztroskie <a href=\"https:\/\/finanse.wp.pl\/kara-za-fajerwerki-za-zlamanie-zasad-mozna-slono-zaplacic-7108882194737920a\" rel=\"noopener noreferrer nofollow\" target=\"_blank\">odpalanie fajerwerk\u00f3w<\/a> oraz petard w\u00a0Sylwestra i\u00a0Nowy Rok to jeden z\u00a0mit\u00f3w. Akty prawa miejscowego, cho\u0107 cz\u0119sto dopuszczaj\u0105 do strzelania w\u0142a\u015bnie w\u00a0te dni, nie zwalniaj\u0105 jednak z\u00a0ostro\u017cno\u015bci przed naruszeniami &#8211;\u00a0np. prywatno\u015bci, a\u00a0nawet &#8211;\u00a0co mo\u017ce zdziwi\u0107 &#8211;\u00a0ciszy nocnej. W\u00a0przypadku udowodnienia tego ostatniego (art. 51 Kodeksu wykrocze\u0144) grzywny mog\u0105 si\u0119gn\u0105\u0107 5 tys. z\u0142. <\/p>\n<p>Prawo jest restrykcyjne ju\u017c na etapie sprzeda\u017cy fajerwerk\u00f3w. Policja przypomina, \u017ce nie mog\u0105 ich kupowa\u0107 dzieci poni\u017cej 18 lat. Z\u0142amanie tego przepisu jest przest\u0119pstwem zagro\u017conym grzywn\u0105, ograniczeniem wolno\u015bci lub kar\u0105 wi\u0119zienia do 2\u00a0lat. <\/p>\n<p>Sankcjonowane jest odpalanie pirotechniki z\u00a0balkon\u00f3w i\u00a0w\u00a0bezpo\u015brednim pobli\u017cu zabudowa\u0144. W\u00a0przypadku spowodowania po\u017caru zagra\u017caj\u0105cego wielu osobom Kodeks karny przewiduje od 6\u00a0miesi\u0119cy do 8\u00a0lat wi\u0119zienia.<\/p>\n<p>&#8222;Zalej\u0105 nas. To\u00a0b\u0119dzie koniec&#8221;. Rolnicy bij\u0105 na\u00a0alarm <\/p>\n<p>Pa\u0144stwowa Stra\u017c Po\u017carna w\u00a0ostatni\u0105 noc sylwestrow\u0105 odnotowa\u0142a blisko 1,2 tys. po\u017car\u00f3w, z\u00a0czego wi\u0119kszo\u015b\u0107 mia\u0142a zwi\u0105zek z\u00a0pirotechnik\u0105. Policja przypomina o\u00a0podstawach bezpiecze\u0144stwa, jakimi przy odpalaniu fajerwerk\u00f3w s\u0105: zachowanie dystansu, niewracanie do niewybuch\u00f3w, brak kierowania \u0142adunk\u00f3w w\u00a0stron\u0119 ludzi. Ka\u017cdy b\u0142\u0105d, a\u00a0zw\u0142aszcza kumulacja kilku b\u0142\u0119d\u00f3w, mo\u017ce sko\u0144czy\u0107 si\u0119 tragicznym wypadkiem.<\/p>\n<p>Policja przypomina, by decyduj\u0105c si\u0119 na zakup wyrob\u00f3w pirotechnicznych:<\/p>\n<ul>\n<li>kupowa\u0107 je wy\u0142\u0105cznie w\u00a0sprawdzonych i\u00a0legalnie dzia\u0142aj\u0105cych punktach sprzeda\u017cy, kt\u00f3re spe\u0142niaj\u0105 wymogi dotycz\u0105ce przechowywania i\u00a0dystrybucji takich produkt\u00f3w,<\/li>\n<li>sprawdza\u0107, czy opakowanie nie jest uszkodzone lub zdeformowane,<\/li>\n<li>upewni\u0107 si\u0119, \u017ce produkt posiada instrukcj\u0119 u\u017cytkowania w\u00a0j\u0119zyku polskim, oznaczenie CE, dane producenta lub importera oraz informacj\u0119 o\u00a0terminie wa\u017cno\u015bci.<\/li>\n<\/ul>\n<p>Polska jest pi\u0105tym najwi\u0119kszym na \u015bwiecie eksporterem oraz importerem fajerwerk\u00f3w. Krajowa bran\u017ca pirotechniczna ka\u017cdego roku wypracowuje obroty na poziomie oko\u0142o 700 mln z\u0142 &#8211;\u00a0przekaza\u0142o PAP Stowarzyszenie Importer\u00f3w i\u00a0Dystrybutor\u00f3w Pirotechniki. W\u00a0ci\u0105gu ostatniej dekady import wzr\u00f3s\u0142 o\u00a0ponad po\u0142ow\u0119. Polscy eksporterzy sprzedaj\u0105 produkty g\u0142\u00f3wnie do pa\u0144stw europejskich. Por\u00f3wnuj\u0105c warto\u015b\u0107 polskiego eksportu z\u00a02023 roku do 2021, wzr\u00f3s\u0142 on o\u00a0ponad 30 proc.<\/p>\n<p>&#8222;Znaczn\u0105 cz\u0119\u015b\u0107 bran\u017cy pirotechnicznej w\u00a0Polsce stanowi\u0105 firmy z\u00a0sektora M\u015aP, przy czym importerzy i\u00a0hurtownicy funkcjonuj\u0105 na wi\u0119ksz\u0105, cz\u0119sto mi\u0119dzynarodow\u0105 skal\u0119. Wartym wspomnienia jest, \u017ce sprzedawcy fajerwerk\u00f3w to cz\u0119sto lokalne firmy rodzinne&#8221; &#8211;\u00a0podkre\u015bli\u0142o Stowarzyszenie. Najwi\u0119kszym dostawc\u0105 wyrob\u00f3w pirotechnicznych do Polski s\u0105 Chiny &#8211;\u00a0produkty z\u00a0tego kraju stanowi\u0105 ponad 90 proc. warto\u015bci importu.<\/p>\n<p>\u0179r\u00f3d\u0142a: fakt.pl, PAP, policja.pl<\/p>\n","protected":false},"excerpt":{"rendered":"Beztroskie odpalanie fajerwerk\u00f3w oraz petard w\u00a0Sylwestra i\u00a0Nowy Rok to jeden z\u00a0mit\u00f3w. Akty prawa miejscowego, cho\u0107 cz\u0119sto dopuszczaj\u0105 do&hellip;\n","protected":false},"author":2,"featured_media":180051,"comment_status":"","ping_status":"","sticky":false,"template":"","format":"standard","meta":{"footnotes":""},"categories":[12],"tags":[32,33,36,37,27,34,35,28,31,25,42,38,40,39,41,29,30,26],"class_list":{"0":"post-180050","1":"post","2":"type-post","3":"status-publish","4":"format-standard","5":"has-post-thumbnail","7":"category-polska","8":"tag-breaking-news","9":"tag-breakingnews","10":"tag-featured-news","11":"tag-featurednews","12":"tag-headlines","13":"tag-latest-news","14":"tag-latestnews","15":"tag-naglowki","16":"tag-najwazniejsze-artykuly","17":"tag-news","18":"tag-pl","19":"tag-poland","20":"tag-polish","21":"tag-polska","22":"tag-polski","23":"tag-top-stories","24":"tag-topstories","25":"tag-wiadomosci"},"share_on_mastodon":{"url":"https:\/\/pubeurope.com\/@pl\/115814431687265315","error":""},"_links":{"self":[{"href":"https:\/\/www.europesays.com\/pl\/wp-json\/wp\/v2\/posts\/180050","targetHints":{"allow":["GET"]}}],"collection":[{"href":"https:\/\/www.europesays.com\/pl\/wp-json\/wp\/v2\/posts"}],"about":[{"href":"https:\/\/www.europesays.com\/pl\/wp-json\/wp\/v2\/types\/post"}],"author":[{"embeddable":true,"href":"https:\/\/www.europesays.com\/pl\/wp-json\/wp\/v2\/users\/2"}],"replies":[{"embeddable":true,"href":"https:\/\/www.europesays.com\/pl\/wp-json\/wp\/v2\/comments?post=180050"}],"version-history":[{"count":0,"href":"https:\/\/www.europesays.com\/pl\/wp-json\/wp\/v2\/posts\/180050\/revisions"}],"wp:featuredmedia":[{"embeddable":true,"href":"https:\/\/www.europesays.com\/pl\/wp-json\/wp\/v2\/media\/180051"}],"wp:attachment":[{"href":"https:\/\/www.europesays.com\/pl\/wp-json\/wp\/v2\/media?parent=180050"}],"wp:term":[{"taxonomy":"category","embeddable":true,"href":"https:\/\/www.europesays.com\/pl\/wp-json\/wp\/v2\/categories?post=180050"},{"taxonomy":"post_tag","embeddable":true,"href":"https:\/\/www.europesays.com\/pl\/wp-json\/wp\/v2\/tags?post=180050"}],"curies":[{"name":"wp","href":"https:\/\/api.w.org\/{rel}","templated":true}]}}