{"id":180052,"date":"2025-12-31T13:32:21","date_gmt":"2025-12-31T13:32:21","guid":{"rendered":"https:\/\/www.europesays.com\/pl\/180052\/"},"modified":"2025-12-31T13:32:21","modified_gmt":"2025-12-31T13:32:21","slug":"chiny-prowadza-cwiczenia-wojskowe-wokol-tajwanu-unia-europejska-ostrzega","status":"publish","type":"post","link":"https:\/\/www.europesays.com\/pl\/180052\/","title":{"rendered":"Chiny prowadz\u0105 \u0107wiczenia wojskowe wok\u00f3\u0142 Tajwanu. Unia Europejska ostrzega"},"content":{"rendered":"<p data-section=\"detail-body\">Rzeczniczka Komisji Europejskiej, Anitta Hipper, w rozmowie z Polsk\u0105 Agencj\u0105 Prasow\u0105 zaznaczy\u0142a, \u017ce wydarzenia w regionie maj\u0105 kluczowe znaczenie dla bezpiecze\u0144stwa i dobrobytu na poziomie globalnym. <\/p>\n<p class=\"article_p\" data-section=\"detail-body\">Dalsza cz\u0119\u015b\u0107 artyku\u0142u znajduje si\u0119 pod materia\u0142em video: <\/p>\n<p class=\"article_p\" data-section=\"detail-body\">\u2014 Pok\u00f3j i stabilno\u015b\u0107 w Cie\u015bninie Tajwa\u0144skiej maj\u0105 strategiczne znaczenie dla regionalnego i globalnego bezpiecze\u0144stwa oraz dobrobytu \u2014 powiedzia\u0142a. Doda\u0142a r\u00f3wnie\u017c, \u017ce Unia Europejska apeluje o pow\u015bci\u0105gliwo\u015b\u0107 i unikanie dzia\u0142a\u0144 mog\u0105cych prowadzi\u0107 do eskalacji napi\u0119\u0107.<\/p>\n<p class=\"article_p\" data-section=\"detail-body\">W\u0142adze UE wyrazi\u0142y tak\u017ce sprzeciw wobec wszelkich pr\u00f3b zmiany status quo w regionie, szczeg\u00f3lnie je\u015bli mia\u0142oby to nast\u0105pi\u0107 na drodze si\u0142owej lub przymusowej.<\/p>\n<p>            Czytaj tak\u017ce w BUSINESS INSIDER<\/p>\n<p class=\"article_p\" data-section=\"detail-body\">Czytaj te\u017c: <a href=\"https:\/\/businessinsider.com.pl\/wiadomosci\/tajwan-otrzyma-wsparcie-militarne-z-usa-pekin-stanowczo-protestuje\/28dc61s\" id=\"e038022e-bf76-4b13-9d55-223cf9e3c9fb\" rel=\"nofollow noopener\" target=\"_blank\">Chiny ostro protestuj\u0105 przeciw ruchowi USA. Chodzi o Tajwan<\/a><\/p>\n<p>        Manewry z ostr\u0105 amunicj\u0105 i reakcja Tajwanu<\/p>\n<p class=\"article_p\" data-section=\"detail-body\">Chi\u0144ska armia poinformowa\u0142a w poniedzia\u0142ek o rozpocz\u0119ciu zakrojonych na szerok\u0105 skal\u0119 manewr\u00f3w wojskowych z u\u017cyciem ostrej amunicji w rejonie Cie\u015bniny Tajwa\u0144skiej. W \u0107wiczeniach uczestnicz\u0105 okr\u0119ty wojenne, wojska l\u0105dowe oraz lotnictwo. Jak przekaza\u0142 rzecznik dow\u00f3dztwa chi\u0144skiego Wschodniego Teatru Wojskowego, pu\u0142kownik Shi Yi, celem manewr\u00f3w jest sprawdzenie gotowo\u015bci si\u0142 morskich i powietrznych do kontrolowania kluczowych port\u00f3w oraz innych strategicznych obszar\u00f3w.<\/p>\n<p class=\"article_p\" data-section=\"detail-body\">Reakcja Tajwanu by\u0142a stanowcza. W\u0142adze wyspy okre\u015bli\u0142y dzia\u0142ania Pekinu jako &#8222;militarne zastraszanie&#8221; i wezwa\u0142y Chiny do natychmiastowego zaprzestania manewr\u00f3w. Tajpej podkre\u015bli\u0142o jednocze\u015bnie swoj\u0105 determinacj\u0119 w obronie demokracji.<\/p>\n<p>        Chiny i Tajwan \u2014 \u017ar\u00f3d\u0142o napi\u0119\u0107<\/p>\n<p class=\"article_p\" data-section=\"detail-body\">Chiny od lat uwa\u017caj\u0105 demokratycznie rz\u0105dzony Tajwan za swoj\u0105 zbuntowan\u0105 prowincj\u0119 i nie wykluczaj\u0105 u\u017cycia si\u0142y, by przej\u0105\u0107 nad nim kontrol\u0119. Tajwan, z kolei, konsekwentnie sprzeciwia si\u0119 takim roszczeniom, podkre\u015blaj\u0105c swoje prawo do samostanowienia.<\/p>\n<p class=\"article_p\" data-section=\"detail-body\">Sytuacja w Cie\u015bninie Tajwa\u0144skiej pozostaje jednym z najgor\u0119tszych punkt\u00f3w zapalnych w stosunkach mi\u0119dzynarodowych, a obecne manewry wojskowe, jak wskazuj\u0105 eksperci, mog\u0105 jedynie zaostrzy\u0107 napi\u0119cia w regionie.<\/p>\n","protected":false},"excerpt":{"rendered":"Rzeczniczka Komisji Europejskiej, Anitta Hipper, w rozmowie z Polsk\u0105 Agencj\u0105 Prasow\u0105 zaznaczy\u0142a, \u017ce wydarzenia w regionie maj\u0105 kluczowe&hellip;\n","protected":false},"author":2,"featured_media":180053,"comment_status":"","ping_status":"","sticky":false,"template":"","format":"standard","meta":{"footnotes":""},"categories":[5],"tags":[32,33,36,37,27,34,35,28,31,25,42,38,40,39,41,29,30,26],"class_list":{"0":"post-180052","1":"post","2":"type-post","3":"status-publish","4":"format-standard","5":"has-post-thumbnail","7":"category-naglowki","8":"tag-breaking-news","9":"tag-breakingnews","10":"tag-featured-news","11":"tag-featurednews","12":"tag-headlines","13":"tag-latest-news","14":"tag-latestnews","15":"tag-naglowki","16":"tag-najwazniejsze-artykuly","17":"tag-news","18":"tag-pl","19":"tag-poland","20":"tag-polish","21":"tag-polska","22":"tag-polski","23":"tag-top-stories","24":"tag-topstories","25":"tag-wiadomosci"},"share_on_mastodon":{"url":"https:\/\/pubeurope.com\/@pl\/115814435740843439","error":""},"_links":{"self":[{"href":"https:\/\/www.europesays.com\/pl\/wp-json\/wp\/v2\/posts\/180052","targetHints":{"allow":["GET"]}}],"collection":[{"href":"https:\/\/www.europesays.com\/pl\/wp-json\/wp\/v2\/posts"}],"about":[{"href":"https:\/\/www.europesays.com\/pl\/wp-json\/wp\/v2\/types\/post"}],"author":[{"embeddable":true,"href":"https:\/\/www.europesays.com\/pl\/wp-json\/wp\/v2\/users\/2"}],"replies":[{"embeddable":true,"href":"https:\/\/www.europesays.com\/pl\/wp-json\/wp\/v2\/comments?post=180052"}],"version-history":[{"count":0,"href":"https:\/\/www.europesays.com\/pl\/wp-json\/wp\/v2\/posts\/180052\/revisions"}],"wp:featuredmedia":[{"embeddable":true,"href":"https:\/\/www.europesays.com\/pl\/wp-json\/wp\/v2\/media\/180053"}],"wp:attachment":[{"href":"https:\/\/www.europesays.com\/pl\/wp-json\/wp\/v2\/media?parent=180052"}],"wp:term":[{"taxonomy":"category","embeddable":true,"href":"https:\/\/www.europesays.com\/pl\/wp-json\/wp\/v2\/categories?post=180052"},{"taxonomy":"post_tag","embeddable":true,"href":"https:\/\/www.europesays.com\/pl\/wp-json\/wp\/v2\/tags?post=180052"}],"curies":[{"name":"wp","href":"https:\/\/api.w.org\/{rel}","templated":true}]}}