{"id":180060,"date":"2025-12-31T13:37:11","date_gmt":"2025-12-31T13:37:11","guid":{"rendered":"https:\/\/www.europesays.com\/pl\/180060\/"},"modified":"2025-12-31T13:37:11","modified_gmt":"2025-12-31T13:37:11","slug":"usa-wenezuela-dziwaczna-epopeja-nowe-doniesienia-o-sciganym-tankowcu","status":"publish","type":"post","link":"https:\/\/www.europesays.com\/pl\/180060\/","title":{"rendered":"USA &#8211; Wenezuela. &#8222;Dziwaczna epopeja&#8221;. Nowe doniesienia o \u015bciganym tankowcu"},"content":{"rendered":"<p class=\"typography ids-typeset-body ids-typeset-body--preset-large link paragraph ids-paragraph ids-paragraph--default\">&#8222;To kolejny zwrot akcji w dziwacznej epopei, kt\u00f3ra rozpocz\u0119\u0142a si\u0119 21 grudnia&#8221; &#8211; pisze &#8222;The New York Times&#8221;.<\/p>\n<p>USA goni\u0142y statek na Morzu Karaibskim. Bezskutecznie<\/p>\n<p class=\"typography ids-typeset-body ids-typeset-body--preset-large link paragraph ids-paragraph ids-paragraph--default\">W\u00f3wczas Stra\u017c Przybrze\u017cna Stan\u00f3w Zjednoczonych pr\u00f3bowa\u0142a przechwyci\u0107 statek Bella 1 na Morzu Karaibskim. To obj\u0119ty sankcjami tankowiec &#8222;floty cieni&#8221;, kt\u00f3ry uczestniczy\u0142 w nielegalnym unikaniu sankcji przez Wenezuel\u0119.<\/p>\n<p class=\"typography ids-typeset-body ids-typeset-body--preset-large link paragraph ids-paragraph ids-paragraph--default\">Zgodnie z Konwencj\u0105 Narod\u00f3w Zjednoczonych o prawie morza Stra\u017c Przybrze\u017cna mo\u017ce zaj\u0105\u0107 statki bezpa\u0144stwowe lub podejrzane o oszustwo. Kiedy rozpocz\u0105\u0142 si\u0119 po\u015bcig, w\u0142adze USA uzna\u0142y, \u017ce Bella 1 p\u0142ynie pod fa\u0142szyw\u0105 bander\u0105 i w zwi\u0105zku z tym podlega prawnemu nakazowi zaj\u0119cia.<\/p>\n<p class=\"typography ids-typeset-body ids-typeset-body--preset-large link paragraph ids-paragraph ids-paragraph--default\">Jak informowa\u0142 &#8222;The New York Times&#8221;, tankowiec &#8222;nie podda\u0142 si\u0119 aborda\u017cowi&#8221; i odp\u0142yn\u0105\u0142 na p\u00f3\u0142nocny wsch\u00f3d, ignoruj\u0105c tym samym wezwania USA.<\/p>\n<p>Namalowali na tankowcu rosyjsk\u0105 flag\u0119. Chcieli zmyli\u0107 USA<\/p>\n<p class=\"typography ids-typeset-body ids-typeset-body--preset-large link paragraph ids-paragraph ids-paragraph--default\">Teraz pojawi\u0142y si\u0119 nowe doniesienia w tej sprawie. Okazuje si\u0119, \u017ce cz\u0142onkowie za\u0142ogi Belli 1 podczas ucieczki namalowali na tankowcu prowizoryczn\u0105 rosyjsk\u0105 flag\u0119. &#8222;Stwierdzili, \u017ce s\u0105 Rosjanami&#8221; &#8211; pisze &#8222;NYT&#8221;.<\/p>\n<p class=\"typography ids-typeset-body ids-typeset-body--preset-large link paragraph ids-paragraph ids-paragraph--default\">Eksperci ostrzegaj\u0105, \u017ce je\u015bli statek zosta\u0142 rzeczywi\u015bcie legalnie przerejestrowany w <a href=\"https:\/\/wydarzenia.interia.pl\/tematy-rosja,gsbi,3125\" rel=\"nofollow noopener\" target=\"_blank\">Rosji<\/a>, przymusowe przej\u0119cie oznacza\u0142oby\u00a0powa\u017cn\u0105 eskalacj\u0119 dyplomatyczn\u0105. Waszyngton obawia si\u0119, \u017ce Rosja mog\u0142a wykorzysta\u0107 luki prawne i dokona\u0107 rejestracji tankowca bez jego oznakowania, aby\u00a0sprowokowa\u0107 konfrontacj\u0119. <a href=\"https:\/\/wydarzenia.interia.pl\/tematy-stany-zjednoczone,gsbi,4230\" rel=\"nofollow noopener\" target=\"_blank\">Stany Zjednoczone<\/a> pr\u00f3buj\u0105 obecnie wyja\u015bni\u0107 status tankowca kana\u0142ami dyplomatycznymi.<\/p>\n<p>&#8222;Flota cieni&#8221; na Morzu Karaibskim. Rosja, Iran, Wenezuela<\/p>\n<p class=\"typography ids-typeset-body ids-typeset-body--preset-large link paragraph ids-paragraph ids-paragraph--default\">&#8222;Bella 1 od ubieg\u0142ego roku obj\u0119ty jest sankcjami USA za transport ira\u0144skiej ropy naftowej. Wed\u0142ug w\u0142adz federalnych sprzeda\u017c tego surowca ma s\u0142u\u017cy\u0107 finansowaniu terroryzmu&#8221; &#8211; zauwa\u017ca &#8222;NYT&#8221;.<\/p>\n<p class=\"typography ids-typeset-body ids-typeset-body--preset-large link paragraph ids-paragraph ids-paragraph--default\">Urz\u0119dnicy twierdz\u0105, \u017ce statek prawdopodobnie niedawno zmieni\u0142 kurs na p\u00f3\u0142nocny zach\u00f3d, oddalaj\u0105c si\u0119 od Morza \u015ar\u00f3dziemnego, i zmierza w kierunku Grenlandii lub Islandii. Uwa\u017ca si\u0119, \u017ce nie przewozi obecnie \u017cadnego \u0142adunku.<\/p>\n<p class=\"typography ids-typeset-body ids-typeset-body--preset-large link paragraph ids-paragraph ids-paragraph--default\">Bella 1 jest cz\u0119\u015bci\u0105 tzw. floty cieni &#8211; grupy tankowc\u00f3w transportuj\u0105cych rop\u0119 z Rosji, <a href=\"https:\/\/wydarzenia.interia.pl\/tematy-iran,gsbi,2646\" rel=\"nofollow noopener\" target=\"_blank\">Iranu<\/a> i Wenezueli, pomimo sankcji na\u0142o\u017conych przez Stany Zjednoczone i inne kraje. Jeden z urz\u0119dnik\u00f3w poinformowa\u0142, \u017ce wi\u0119kszo\u015b\u0107 za\u0142ogi Belli 1 pochodzi z Rosji, Indii i Ukrainy.<\/p>\n<p class=\"typography ids-typeset-body ids-typeset-body--preset-large link paragraph ids-paragraph ids-paragraph--default\">&#8211; Departament Skarbu obarcza Iran i <a href=\"https:\/\/wydarzenia.interia.pl\/tematy-wenezuela,gsbi,4627\" rel=\"nofollow noopener\" target=\"_blank\">Wenezuel\u0119<\/a> odpowiedzialno\u015bci\u0105 za agresywne i lekkomy\u015blne rozprzestrzenianie \u015bmierciono\u015bnej broni na ca\u0142ym \u015bwiecie. B\u0119dziemy nadal podejmowa\u0107 szybkie dzia\u0142ania, aby uniemo\u017cliwi\u0107 tym, kt\u00f3rzy zapewniaj\u0105 ira\u0144skiemu kompleksowi militarno-przemys\u0142owemu dost\u0119p do ameryka\u0144skiego systemu finansowego &#8211; powiedzia\u0142 John K. Hurley, Podsekretarz Skarbu ds. Terroryzmu i Wywiadu Finansowego.<\/p>\n<p>Napi\u0119cia USA &#8211; Wenezuela. Trump nie wyklucza wojny<\/p>\n<p class=\"typography ids-typeset-body ids-typeset-body--preset-large link paragraph ids-paragraph ids-paragraph--default\">Przej\u0119cie wenezuelskich statk\u00f3w to kolejny etap kampanii wymierzonej przeciwko prezydentowi Wenezueli, Nicolasowi Maduro. Od pocz\u0105tku drugiej prezydenckiej kadencji <a href=\"https:\/\/wydarzenia.interia.pl\/tematy-donald-trump,gsbi,16\" rel=\"nofollow noopener\" target=\"_blank\">Donalda Trumpa<\/a>, USA podwoi\u0142y nagrod\u0119 za informacje, kt\u00f3re doprowadz\u0105 do schwytania polityka i cz\u0142onk\u00f3w jego rz\u0105du.<\/p>\n<p class=\"typography ids-typeset-body ids-typeset-body--preset-large link paragraph ids-paragraph ids-paragraph--default\">Wenezuelski przyw\u00f3dca okre\u015bli\u0142 dzia\u0142ania ameryka\u0144skich s\u0142u\u017cb mianem &#8222;piractwa&#8221;.<\/p>\n<p class=\"typography ids-typeset-body ids-typeset-body--preset-large link paragraph ids-paragraph ids-paragraph--default\">W wywiadzie telefonicznym dla NBC News prezydent USA nie wykluczy\u0142 rozpocz\u0119cia otwartej wojny z Wenezuel\u0105. Zapytany, czy uwa\u017ca, \u017ce przeprowadzane ataki na \u0142odzie domniemanych handlarzy narkotyk\u00f3w mog\u0105 doprowadzi\u0107 do konfliktu zbrojnego, Trump odpar\u0142, \u017ce to mo\u017cliwe. Zapowiedzia\u0142 r\u00f3wnie\u017c zatrzymania kolejnych tankowc\u00f3w.<\/p>\n<ul class=\"typography ids-typeset-body ids-typeset-body--preset-small list--article-list ids-list ids-list--unordered ids-list--size-small \" datatype=\"disc\">\n<li class=\"ids-list-item ids-list-item__content brief-list-item\"><a class=\"ids-undecorated-link link ids-link \" data-spons=\"false\" href=\"https:\/\/wydarzenia.interia.pl\/ukraina-rosja\/news-ukraina-ostro-reaguje-na-ruch-trzech-panstw-jestesmy-rozczar,nId,22503991\" rel=\"nofollow noopener\" target=\"_blank\">Ukraina ostro reaguje na ruch trzech pa\u0144stw. &#8222;Jeste\u015bmy rozczarowani&#8221;<\/a><\/li>\n<li class=\"ids-list-item ids-list-item__content brief-list-item\"><a class=\"ids-undecorated-link link ids-link \" data-spons=\"false\" href=\"https:\/\/wydarzenia.interia.pl\/ukraina-rosja\/news-putin-rozszerza-strefe-buforowa-nowy-ruch-rosji-na-wschodzie,nId,22503947\" rel=\"nofollow noopener\" target=\"_blank\">Putin rozszerza &#8222;stref\u0119 buforow\u0105&#8221;. Nowy ruch Rosji na wschodzie Ukrainy<\/a><\/li>\n<\/ul>\n<p>&#8222;Trzeba by\u0142o tak od pocz\u0105tku&#8221;. Pa\u0142ac prezydencki reaguje na propozycj\u0119 premieraPolsat NewsPolsat News<\/p>\n<p><a class=\"ids-undecorated-link source ids-page-info--source__link\" href=\"https:\/\/www.interia.pl\" rel=\"nofollow noopener\" target=\"_blank\"><img decoding=\"async\" class=\"ids-image-holder__img\" loading=\"lazy\" alt=\"\" title=\"\" height=\"24px\" src=\"https:\/\/www.europesays.com\/pl\/wp-content\/uploads\/2025\/12\/1767151880_413_0009A60QQ5I2TYF7-C202-F4.webp.webp\"\/><\/a><\/p>\n<p>Masz sugestie, uwagi albo widzisz b\u0142\u0105d? Napisz do nas<\/p>\n","protected":false},"excerpt":{"rendered":"&#8222;To kolejny zwrot akcji w dziwacznej epopei, kt\u00f3ra rozpocz\u0119\u0142a si\u0119 21 grudnia&#8221; &#8211; pisze &#8222;The New York Times&#8221;.&hellip;\n","protected":false},"author":2,"featured_media":180061,"comment_status":"","ping_status":"","sticky":false,"template":"","format":"standard","meta":{"footnotes":""},"categories":[14],"tags":[32,33,27,34,35,28,31,25,40,41,80,29,30,26,82,83,84],"class_list":{"0":"post-180060","1":"post","2":"type-post","3":"status-publish","4":"format-standard","5":"has-post-thumbnail","7":"category-swiat","8":"tag-breaking-news","9":"tag-breakingnews","10":"tag-headlines","11":"tag-latest-news","12":"tag-latestnews","13":"tag-naglowki","14":"tag-najwazniejsze-artykuly","15":"tag-news","16":"tag-polish","17":"tag-polski","18":"tag-swiat","19":"tag-top-stories","20":"tag-topstories","21":"tag-wiadomosci","22":"tag-world","23":"tag-world-news","24":"tag-worldnews"},"share_on_mastodon":{"url":"https:\/\/pubeurope.com\/@pl\/115814455332287115","error":""},"_links":{"self":[{"href":"https:\/\/www.europesays.com\/pl\/wp-json\/wp\/v2\/posts\/180060","targetHints":{"allow":["GET"]}}],"collection":[{"href":"https:\/\/www.europesays.com\/pl\/wp-json\/wp\/v2\/posts"}],"about":[{"href":"https:\/\/www.europesays.com\/pl\/wp-json\/wp\/v2\/types\/post"}],"author":[{"embeddable":true,"href":"https:\/\/www.europesays.com\/pl\/wp-json\/wp\/v2\/users\/2"}],"replies":[{"embeddable":true,"href":"https:\/\/www.europesays.com\/pl\/wp-json\/wp\/v2\/comments?post=180060"}],"version-history":[{"count":0,"href":"https:\/\/www.europesays.com\/pl\/wp-json\/wp\/v2\/posts\/180060\/revisions"}],"wp:featuredmedia":[{"embeddable":true,"href":"https:\/\/www.europesays.com\/pl\/wp-json\/wp\/v2\/media\/180061"}],"wp:attachment":[{"href":"https:\/\/www.europesays.com\/pl\/wp-json\/wp\/v2\/media?parent=180060"}],"wp:term":[{"taxonomy":"category","embeddable":true,"href":"https:\/\/www.europesays.com\/pl\/wp-json\/wp\/v2\/categories?post=180060"},{"taxonomy":"post_tag","embeddable":true,"href":"https:\/\/www.europesays.com\/pl\/wp-json\/wp\/v2\/tags?post=180060"}],"curies":[{"name":"wp","href":"https:\/\/api.w.org\/{rel}","templated":true}]}}