{"id":180062,"date":"2025-12-31T13:38:13","date_gmt":"2025-12-31T13:38:13","guid":{"rendered":"https:\/\/www.europesays.com\/pl\/180062\/"},"modified":"2025-12-31T13:38:13","modified_gmt":"2025-12-31T13:38:13","slug":"sprawa-prokurator-ewy-wrzoesek-jest-decyzja-prokuratury-ws-sledztwa","status":"publish","type":"post","link":"https:\/\/www.europesays.com\/pl\/180062\/","title":{"rendered":"Sprawa prokurator Ewy Wrzoesek. Jest decyzja prokuratury ws. \u015bledztwa"},"content":{"rendered":"<p>Sprawa sta\u0142a si\u0119 g\u0142o\u015bna medialnie, gdy w marcu zesz\u0142ego roku portal Wirtualna Polska napisa\u0142, \u017ce podczas sk\u0142adania w 2023 r. przez prok. Wrzosek wniosk\u00f3w do s\u0105d\u00f3w okr\u0119gowych, maj\u0105cych na celu zablokowanie dzia\u0142a\u0144 rz\u0105du PiS zmierzaj\u0105cych do zmian w statutach medi\u00f3w publicznych, dosz\u0142o do nieprawid\u0142owo\u015bci &#8211; wnioski mog\u0142y bowiem powsta\u0107 poza prokuratur\u0105.<\/p>\n<p>\u00a0<\/p>\n<p>ZOBACZ: <a href=\"https:\/\/www.polsatnews.pl\/wiadomosc\/2025-12-08\/prokurator-ewa-wrzosek-ukarana-sad-najwyzszy-podjal-decyzje\/\" rel=\"nofollow noopener\" target=\"_blank\">Prokurator Ewa Wrzosek ukarana. S\u0105d Najwy\u017cszy podj\u0105\u0142 decyzj\u0119<\/a><\/p>\n<p>\u00a0<\/p>\n<p>Rzecznik Prokuratury Krajowej prok. Przemys\u0142aw Nowak potwierdzi\u0142 we wtorkowym komunikacie, \u017ce wed\u0142ug ustale\u0144 \u015bledztwa wszcz\u0119tego w grudniu 2023 r., w ko\u0144cu listopada tamtego roku do 17 s\u0105d\u00f3w okr\u0119gowych w Polsce zosta\u0142y wys\u0142ane &#8222;wnioski prokuratora o zabezpieczenie roszczenia przed wszcz\u0119ciem post\u0119powania&#8221;, a do 17 s\u0105d\u00f3w rejonowych &#8222;wnioski prokuratora o zawieszenie post\u0119powania rejestrowego do czasu rozstrzygni\u0119cia sporu&#8221;.<\/p>\n<p>\u00a0<\/p>\n<p>Jak doda\u0142, wnioski by\u0142y podpisane przez prok. Wrzosek i oznaczone jako pochodz\u0105ce z Prokuratury Rejonowej Warszawa-Mokot\u00f3w.<\/p>\n<p>Fina\u0142 sprawy prok. Wrzosek. &#8222;Niska szkodliwo\u015b\u0107&#8221;<\/p>\n<p>&#8222;Fakt sporz\u0105dzenia tych pism oraz ich ekspedycji nie zosta\u0142 zarejestrowany w odpowiednich systemach ewidencyjnych Prokuratury Rejonowej Warszawa-Mokot\u00f3w. Zgromadzony w sprawie materia\u0142 dowodowy jednoznacznie wskazuje, i\u017c wnioski te zosta\u0142y technicznie i merytorycznie przygotowane oraz sporz\u0105dzone przez ustalone osoby pracuj\u0105ce w warszawskiej kancelarii prawnej&#8221; &#8211; zaznaczy\u0142 rzecznik PK.<\/p>\n<p>\u00a0<\/p>\n<p>Jak poinformowano we wtorek, prokuratura uzna\u0142a jednak w tej sprawie, \u017ce przepisy dawa\u0142y podstaw\u0119 do samodzielnego podj\u0119cia przez prok. Wrzosek tych czynno\u015bci.<\/p>\n<p>\u00a0<\/p>\n<p>ZOBACZ: <a href=\"https:\/\/www.polsatnews.pl\/wiadomosc\/2025-04-07\/jacek-dubois-o-decyzji-ewy-wrzosek-zla-praktyka-z-okresu-rzadow-pis\/\" rel=\"nofollow noopener\" target=\"_blank\">Jacek Dubois o decyzji Ewy Wrzosek: Z\u0142a praktyka z okresu rz\u0105d\u00f3w PiS<\/a><\/p>\n<p>\u00a0<\/p>\n<p>&#8222;Stwierdzone naruszenia mia\u0142y charakter przede wszystkim formalny i organizacyjny, dotyczy\u0142y regulacji rangi podustawowej oraz wewn\u0119trznych zasad funkcjonowania prokuratury&#8221; &#8211; przekazano. W zwi\u0105zku z tym &#8211; jak zaznaczy\u0142 prok. Nowak &#8211; znikoma spo\u0142eczna szkodliwo\u015b\u0107 czynu stanowi\u0142a podstaw\u0119 umorzenia post\u0119powania.<\/p>\n<p>\u00a0<\/p>\n<p>Widzia\u0142e\u015b co\u015b wa\u017cnego? Przy\u015blij zdj\u0119cie, film lub napisz, co si\u0119 sta\u0142o. Skorzystaj z naszej <a href=\"https:\/\/www.polsatnews.pl\/platforma-widzow\/\" target=\"_blank\" rel=\"noopener noreferrer nofollow\">Wrzutni<\/a><\/p>\n<p>                <img decoding=\"async\" src=\"https:\/\/www.europesays.com\/pl\/wp-content\/uploads\/2025\/12\/w5p1o5a7frhmzxz2tkh7jta5tceyxcsx.jpg\" alt=\"\" itemprop=\"contentUrl\" style=\"position:absolute; width: 100%; max-height: 100%;\"\/><video controls=\"\" controlslist=\"nodownload\" poster=\"https:\/\/www.europesays.com\/pl\/wp-content\/uploads\/2025\/12\/w5p1o5a7frhmzxz2tkh7jta5tceyxcsx.jpg\" class=\"videoPlayer player6855927 news__video\" data-id=\"6855927\">Twoja przegl\u0105darka nie wspiera odtwarzacza wideo&#8230;<\/video><\/p>\n<p>                <a class=\"news__read-more-button\" href=\"https:\/\/www.polsatnews.pl\/\" rel=\"nofollow noopener\" target=\"_blank\">Czytaj wi\u0119cej<\/a><\/p>\n","protected":false},"excerpt":{"rendered":"Sprawa sta\u0142a si\u0119 g\u0142o\u015bna medialnie, gdy w marcu zesz\u0142ego roku portal Wirtualna Polska napisa\u0142, \u017ce podczas sk\u0142adania w&hellip;\n","protected":false},"author":2,"featured_media":180063,"comment_status":"","ping_status":"","sticky":false,"template":"","format":"standard","meta":{"footnotes":""},"categories":[12],"tags":[32,33,36,37,27,34,35,28,31,25,42,38,40,39,41,29,30,26],"class_list":{"0":"post-180062","1":"post","2":"type-post","3":"status-publish","4":"format-standard","5":"has-post-thumbnail","7":"category-polska","8":"tag-breaking-news","9":"tag-breakingnews","10":"tag-featured-news","11":"tag-featurednews","12":"tag-headlines","13":"tag-latest-news","14":"tag-latestnews","15":"tag-naglowki","16":"tag-najwazniejsze-artykuly","17":"tag-news","18":"tag-pl","19":"tag-poland","20":"tag-polish","21":"tag-polska","22":"tag-polski","23":"tag-top-stories","24":"tag-topstories","25":"tag-wiadomosci"},"share_on_mastodon":{"url":"https:\/\/pubeurope.com\/@pl\/115814459227852091","error":""},"_links":{"self":[{"href":"https:\/\/www.europesays.com\/pl\/wp-json\/wp\/v2\/posts\/180062","targetHints":{"allow":["GET"]}}],"collection":[{"href":"https:\/\/www.europesays.com\/pl\/wp-json\/wp\/v2\/posts"}],"about":[{"href":"https:\/\/www.europesays.com\/pl\/wp-json\/wp\/v2\/types\/post"}],"author":[{"embeddable":true,"href":"https:\/\/www.europesays.com\/pl\/wp-json\/wp\/v2\/users\/2"}],"replies":[{"embeddable":true,"href":"https:\/\/www.europesays.com\/pl\/wp-json\/wp\/v2\/comments?post=180062"}],"version-history":[{"count":0,"href":"https:\/\/www.europesays.com\/pl\/wp-json\/wp\/v2\/posts\/180062\/revisions"}],"wp:featuredmedia":[{"embeddable":true,"href":"https:\/\/www.europesays.com\/pl\/wp-json\/wp\/v2\/media\/180063"}],"wp:attachment":[{"href":"https:\/\/www.europesays.com\/pl\/wp-json\/wp\/v2\/media?parent=180062"}],"wp:term":[{"taxonomy":"category","embeddable":true,"href":"https:\/\/www.europesays.com\/pl\/wp-json\/wp\/v2\/categories?post=180062"},{"taxonomy":"post_tag","embeddable":true,"href":"https:\/\/www.europesays.com\/pl\/wp-json\/wp\/v2\/tags?post=180062"}],"curies":[{"name":"wp","href":"https:\/\/api.w.org\/{rel}","templated":true}]}}