{"id":180064,"date":"2025-12-31T13:39:07","date_gmt":"2025-12-31T13:39:07","guid":{"rendered":"https:\/\/www.europesays.com\/pl\/180064\/"},"modified":"2025-12-31T13:39:07","modified_gmt":"2025-12-31T13:39:07","slug":"lotnisko-w-modlinie-bylo-czasowo-zamkniete-oto-najnowsze-informacje","status":"publish","type":"post","link":"https:\/\/www.europesays.com\/pl\/180064\/","title":{"rendered":"Lotnisko w Modlinie by\u0142o czasowo zamkni\u0119te. Oto najnowsze informacje"},"content":{"rendered":"<p class=\"Paragraph_desktopParagraph__U31Gm\">Wtorek by\u0142 niezwykle trudnym dniem w pogodzie. Przez p\u00f3\u0142nocn\u0105 Polsk\u0119 przechodzi\u0142y pot\u0119\u017cne \u015bnie\u017cyce. W \u015brodowy poranek opady pojawiaj\u0105 si\u0119 lokalnie, ale nadal s\u0105 bardzo intensywne. Sypie w pasie od Pomorza po Warmi\u0119 oraz miejscami na Mazowszu. Druga, ale ju\u017c s\u0142absza strefa opad\u00f3w wyst\u0119puje na po\u0142udniowym wschodzie.<\/p>\n<p class=\"Paragraph_desktopParagraph__U31Gm\">W \u015brod\u0119 o godz. 9 Port Lotniczy Warszawa Modlin poinformowa\u0142 o czasowym wstrzymaniu lot\u00f3w. &#8222;Z powodu intensywnych opad\u00f3w \u015bniegu Lotnisko Warszawa\u2013Modlin czasowo nie przyjmuje samolot\u00f3w l\u0105duj\u0105cych ani nie realizuje operacji wylotowych. Wszystkie loty zosta\u0142y wstrzymane do godziny 14:00, podany czas mo\u017ce ulec zmianie w zale\u017cno\u015bci od warunk\u00f3w pogodowych oraz post\u0119pu prac operacyjnych&#8221; \u2014 informowa\u0142o w \u015brod\u0119 rano lotnisko Warszawa Modlin.<\/p>\n<ul class=\"OchatFollowUps_wrapper__1ry7X\">\n<li class=\"OchatFollowUps_item__Dhyly OchatFollowUps_itemDesktop__R6aBv\">Dlaczego loty na lotnisku Modlin zosta\u0142y wstrzymane?<\/li>\n<li class=\"OchatFollowUps_item__Dhyly OchatFollowUps_itemDesktop__R6aBv\">Jak d\u0142ugo trwa\u0142 parali\u017c lotniska w Modlinie?<\/li>\n<li class=\"OchatFollowUps_item__Dhyly OchatFollowUps_itemDesktop__R6aBv\">Jakie loty zosta\u0142y przekierowane z Modlina?<\/li>\n<li class=\"OchatFollowUps_item__Dhyly OchatFollowUps_itemDesktop__R6aBv\">Co m\u00f3wi\u0142 minister infrastruktury na temat problem\u00f3w na lotnisku?<\/li>\n<\/ul>\n<p class=\"Paragraph_desktopParagraph__U31Gm\">Lotnisko przekaza\u0142o r\u00f3wnie\u017c informacje o przekierowaniu lotu Air Arabia na lotnisko Warszawa-Chopina. &#8222;Z powodu intensywnych opad\u00f3w \u015bniegu Lotnisko Warszawa\u2013Modlin czasowo nie przyjmuje samolot\u00f3w l\u0105duj\u0105cych ani nie realizuje operacji wylotowych&#8221; \u2014 czytamy na profilu lotniska.<\/p>\n<p class=\"Paragraph_desktopParagraph__U31Gm\">&#8222;Od 2.30 jeste\u015bmy na lotnisku. Nie otrzymujemy \u017cadnych komunikat\u00f3w. Linie lotnicze twierdz\u0105, \u017ce lotnisko jest nieod\u015bnie\u017cone. T\u0142umy ludzi pozostawionych bez \u017cadnych informacji&#8221; \u2014 pisa\u0142a do redakcji TVN24 jedna z pasa\u017cerek.<\/p>\n<p class=\"Paragraph_desktopParagraph__U31Gm\">\u2014 Usuwanie \u015bniegu z pas\u00f3w nie jest problemem dla tego lotniska. Przepisy jasno m\u00f3wi\u0105: zwa\u0142y \u015bniegu obok pas\u00f3w nie mog\u0105 by\u0107 wy\u017csze ni\u017c 60 centymetr\u00f3w. Dop\u00f3ki lotnisko nie upora si\u0119 z tymi problemami technicznymi, dop\u00f3ty b\u0119d\u0105 trwa\u0142y utrudnienia \u2014 m\u00f3wi\u0142 minister infrastruktury Dariusz Klimczak w czasie konferencji prasowej.<\/p>\n<p class=\"Paragraph_desktopParagraph__U31Gm\">Przed godz. 12 pojawi\u0142a si\u0119 informacja, \u017ce port lotniczy zn\u00f3w dzia\u0142a. &#8222;Lotnisko Warszawa\u2013Modlin przywr\u00f3ci\u0142o pe\u0142n\u0105 funkcjonalno\u015b\u0107 operacyjn\u0105 i jest gotowe do obs\u0142ugi rejs\u00f3w przylatuj\u0105cych oraz odlatuj\u0105cych. Dzia\u0142ania s\u0142u\u017cb \u00bbAkcji Zima\u00ab s\u0105 nadal prowadzone na pozosta\u0142ych obszarach lotniska. Pas startowy, drogi ko\u0142owania oraz p\u0142yty postojowe zosta\u0142y oczyszczone i dopuszczone do u\u017cytkowania&#8221; \u2014 czytamy na stronie lotniska.<\/p>\n<p>\u015anie\u017cyce parali\u017cuj\u0105 Polsk\u0119. Utrudnienia na lotnisku w Modlinie <\/p>\n<p class=\"Paragraph_desktopParagraph__U31Gm\">Z lotniska Warszawa Modlin ju\u017c w nocy z wtorku na \u015brod\u0119 przekierowano wiele lot\u00f3w. We wtorek przed godz. 20. rzeczniczka portu lotniczego w \u0141odzi Wioletta Gnacikowska przekaza\u0142a w rozmowie z Wirtualn\u0105 Polsk\u0105, \u017ce sytuacja pogodowa nad Modlinem jest wyj\u0105tkowo trudna.<\/p>\n<p class=\"Paragraph_desktopParagraph__U31Gm\">Przekierowane zosta\u0142y trzy po\u0142\u0105czenia: z Londynu Stansted, Bari oraz Mediolanu. Dwa z nich obs\u0142uguje Ryanair, a jedno Wizz Air.<\/p>\n<p>Parali\u017c na drodze ekspresowej S7 <\/p>\n<p class=\"Paragraph_desktopParagraph__U31Gm\">Utrudnienia panuj\u0105 te\u017c na drogach. Z powodu obfitych opad\u00f3w \u015bniegu od wtorku od godzin popo\u0142udniowych trasa S7 w powiecie ostr\u00f3dzkim by\u0142a zablokowana. Korek z Gda\u0144ska w stron\u0119 Warszawy mia\u0142 prawie 7 km \u2014 ci\u0105gn\u0105\u0142 si\u0119 od MOP Grabin do Rychnowa. W odwrotn\u0105 stron\u0119, z Warszawy do Gda\u0144ska, auta sta\u0142y na d\u0142ugo\u015bci prawie 16 km \u2014 od Olsztynka do Rychnowa. Utkn\u0119\u0142o w nim kilkaset aut.<\/p>\n<p class=\"Paragraph_desktopParagraph__U31Gm\">Jak informuje KWP w Olsztynie, obecnie ruch w kierunku Gda\u0144ska odbywa si\u0119 p\u0142ynnie, cho\u0107 nadal wyst\u0119puj\u0105 utrudnienia. Nale\u017cy spodziewa\u0107 si\u0119 ich, jad\u0105c chocia\u017cby w kierunku Warszawy.<\/p>\n<p class=\"Paragraph_desktopParagraph__U31Gm\">Z prognoz wynika, \u017ce intensywne opady \u015bniegu utrzymaj\u0105 si\u0119 nad Warmi\u0105, Pomorzem i Mazowszem do p\u00f3\u017anych godzin wieczornych w \u015brod\u0119. Pogoda zacznie poprawia\u0107 si\u0119 w nocy, ale \u015bci\u015bnie solidny mr\u00f3z do -10\/-15 st. C.<\/p>\n","protected":false},"excerpt":{"rendered":"Wtorek by\u0142 niezwykle trudnym dniem w pogodzie. Przez p\u00f3\u0142nocn\u0105 Polsk\u0119 przechodzi\u0142y pot\u0119\u017cne \u015bnie\u017cyce. W \u015brodowy poranek opady pojawiaj\u0105&hellip;\n","protected":false},"author":2,"featured_media":180065,"comment_status":"","ping_status":"","sticky":false,"template":"","format":"standard","meta":{"footnotes":""},"categories":[5],"tags":[32,33,36,37,27,34,35,28,31,53,25,52,68,51,55,42,78,38,40,39,41,47,21420,29,30,65,50,424,26],"class_list":{"0":"post-180064","1":"post","2":"type-post","3":"status-publish","4":"format-standard","5":"has-post-thumbnail","7":"category-naglowki","8":"tag-breaking-news","9":"tag-breakingnews","10":"tag-featured-news","11":"tag-featurednews","12":"tag-headlines","13":"tag-latest-news","14":"tag-latestnews","15":"tag-naglowki","16":"tag-najwazniejsze-artykuly","17":"tag-new_header","18":"tag-news","19":"tag-onet3","20":"tag-onet3d","21":"tag-onet3d_2i","22":"tag-phx","23":"tag-pl","24":"tag-pogoda","25":"tag-poland","26":"tag-polish","27":"tag-polska","28":"tag-polski","29":"tag-screening_general","30":"tag-sniezyca","31":"tag-top-stories","32":"tag-topstories","33":"tag-update_me","34":"tag-v2021","35":"tag-warszawa_miasto","36":"tag-wiadomosci"},"share_on_mastodon":{"url":"https:\/\/pubeurope.com\/@pl\/115814463158283823","error":""},"_links":{"self":[{"href":"https:\/\/www.europesays.com\/pl\/wp-json\/wp\/v2\/posts\/180064","targetHints":{"allow":["GET"]}}],"collection":[{"href":"https:\/\/www.europesays.com\/pl\/wp-json\/wp\/v2\/posts"}],"about":[{"href":"https:\/\/www.europesays.com\/pl\/wp-json\/wp\/v2\/types\/post"}],"author":[{"embeddable":true,"href":"https:\/\/www.europesays.com\/pl\/wp-json\/wp\/v2\/users\/2"}],"replies":[{"embeddable":true,"href":"https:\/\/www.europesays.com\/pl\/wp-json\/wp\/v2\/comments?post=180064"}],"version-history":[{"count":0,"href":"https:\/\/www.europesays.com\/pl\/wp-json\/wp\/v2\/posts\/180064\/revisions"}],"wp:featuredmedia":[{"embeddable":true,"href":"https:\/\/www.europesays.com\/pl\/wp-json\/wp\/v2\/media\/180065"}],"wp:attachment":[{"href":"https:\/\/www.europesays.com\/pl\/wp-json\/wp\/v2\/media?parent=180064"}],"wp:term":[{"taxonomy":"category","embeddable":true,"href":"https:\/\/www.europesays.com\/pl\/wp-json\/wp\/v2\/categories?post=180064"},{"taxonomy":"post_tag","embeddable":true,"href":"https:\/\/www.europesays.com\/pl\/wp-json\/wp\/v2\/tags?post=180064"}],"curies":[{"name":"wp","href":"https:\/\/api.w.org\/{rel}","templated":true}]}}