{"id":180072,"date":"2025-12-31T13:44:09","date_gmt":"2025-12-31T13:44:09","guid":{"rendered":"https:\/\/www.europesays.com\/pl\/180072\/"},"modified":"2025-12-31T13:44:09","modified_gmt":"2025-12-31T13:44:09","slug":"wielkie-zmiany-w-2026-r-nizsze-odszkodowania-i-nowe-zasady-dot-bagazu","status":"publish","type":"post","link":"https:\/\/www.europesays.com\/pl\/180072\/","title":{"rendered":"Wielkie zmiany w 2026 r. Ni\u017csze odszkodowania i nowe zasady dot. baga\u017cu"},"content":{"rendered":"<p>Jedna z\u00a0najwa\u017cniejszych zmian dotyczy baga\u017cu podr\u0119cznego. Bezp\u0142atna ma by\u0107 jedna  sztuka, kt\u00f3ra mie\u015bci si\u0119 pod fotelem \u2013\u00a0np. torebka, plecak lub torba na laptopa, o\u00a0wadze do 7\u00a0kg. Za wi\u0119ksz\u0105 walizk\u0119 kabinow\u0105 przewo\u017anik b\u0119dzie m\u00f3g\u0142 doliczy\u0107 op\u0142at\u0119, nawet je\u015bli dzi\u015b w\u00a0danej linii jest ona darmowa.<\/p>\n<p>Spore zmiany przewidziano tak\u017ce w\u00a0przypadku op\u00f3\u017anie\u0144. Obecnie odszkodowania przys\u0142uguj\u0105 w\u00a0momencie, gdy samolot sp\u00f3\u017ani si\u0119 min. 3\u00a0godziny. Wed\u0142ug nowych zasad dla lot\u00f3w w\u00a0UE i\u00a0tras do 3,5 tys. km odszkodowanie ma przys\u0142ugiwa\u0107 przy czterogodzinnym op\u00f3\u017anieniu.  Z kolei na po\u0142\u0105czeniach powy\u017cej 3,5 tys. km odszkodowanie otrzymamy, gdy start odb\u0119dzie si\u0119 ponad sze\u015b\u0107 godzin po planowej godzinie. <\/p>\n<p>Niestety zmieni\u0105 si\u0119 tak\u017ce kwoty odszkodowa\u0144. Obecnie na trasach do 3500 km stawki by\u0142y dwie &#8211;\u00a0250 euro (1055 z\u0142) w\u00a0przypadku lot\u00f3w do 1500 km oraz 400 euro (1689 z\u0142) przy po\u0142\u0105czeniach do 3500 km. Nowe przepisy przewiduj\u0105 t\u0119 sam\u0105 kwot\u0119, niezale\u017cnie od liczby km &#8211;\u00a0300 euro (1266 z\u0142).<\/p>\n<p>Z kolei w\u00a0przypadku lot\u00f3w powy\u017cej 3500 km kwota ta zostanie obni\u017cona z\u00a0600 (2533 z\u0142) na 500 euro (2111 z\u0142).<\/p>\n<p>Nowe przepisy przewiduj\u0105 tak\u017ce, \u017ce pasa\u017cer b\u0119dzie m\u00f3g\u0142 samodzielnie kupi\u0107 alternatywny lot w\u00a0tej samej klasie i\u00a0podobnej cenie, a\u00a0nast\u0119pnie domaga\u0107 si\u0119 zwrotu od pierwotnego przewo\u017anika. To rozwi\u0105zanie ma ograniczy\u0107 przestoje w\u00a0podr\u00f3\u017cy, gdy linia nie zapewnia szybkiej rezerwacji zast\u0119pczej.<\/p>\n<p>Parlament Europejski ma zaj\u0105\u0107 si\u0119 spraw\u0105 12 stycznia 2026 r. Wtedy mo\u017cna spodziewa\u0107 si\u0119 dalszych szczeg\u00f3\u0142\u00f3w. <\/p>\n","protected":false},"excerpt":{"rendered":"Jedna z\u00a0najwa\u017cniejszych zmian dotyczy baga\u017cu podr\u0119cznego. Bezp\u0142atna ma by\u0107 jedna sztuka, kt\u00f3ra mie\u015bci si\u0119 pod fotelem \u2013\u00a0np. torebka,&hellip;\n","protected":false},"author":2,"featured_media":180073,"comment_status":"","ping_status":"","sticky":false,"template":"","format":"standard","meta":{"footnotes":""},"categories":[14],"tags":[32,33,27,34,35,28,31,25,40,41,80,29,30,26,82,83,84],"class_list":{"0":"post-180072","1":"post","2":"type-post","3":"status-publish","4":"format-standard","5":"has-post-thumbnail","7":"category-swiat","8":"tag-breaking-news","9":"tag-breakingnews","10":"tag-headlines","11":"tag-latest-news","12":"tag-latestnews","13":"tag-naglowki","14":"tag-najwazniejsze-artykuly","15":"tag-news","16":"tag-polish","17":"tag-polski","18":"tag-swiat","19":"tag-top-stories","20":"tag-topstories","21":"tag-wiadomosci","22":"tag-world","23":"tag-world-news","24":"tag-worldnews"},"share_on_mastodon":{"url":"https:\/\/pubeurope.com\/@pl\/115814482836861741","error":""},"_links":{"self":[{"href":"https:\/\/www.europesays.com\/pl\/wp-json\/wp\/v2\/posts\/180072","targetHints":{"allow":["GET"]}}],"collection":[{"href":"https:\/\/www.europesays.com\/pl\/wp-json\/wp\/v2\/posts"}],"about":[{"href":"https:\/\/www.europesays.com\/pl\/wp-json\/wp\/v2\/types\/post"}],"author":[{"embeddable":true,"href":"https:\/\/www.europesays.com\/pl\/wp-json\/wp\/v2\/users\/2"}],"replies":[{"embeddable":true,"href":"https:\/\/www.europesays.com\/pl\/wp-json\/wp\/v2\/comments?post=180072"}],"version-history":[{"count":0,"href":"https:\/\/www.europesays.com\/pl\/wp-json\/wp\/v2\/posts\/180072\/revisions"}],"wp:featuredmedia":[{"embeddable":true,"href":"https:\/\/www.europesays.com\/pl\/wp-json\/wp\/v2\/media\/180073"}],"wp:attachment":[{"href":"https:\/\/www.europesays.com\/pl\/wp-json\/wp\/v2\/media?parent=180072"}],"wp:term":[{"taxonomy":"category","embeddable":true,"href":"https:\/\/www.europesays.com\/pl\/wp-json\/wp\/v2\/categories?post=180072"},{"taxonomy":"post_tag","embeddable":true,"href":"https:\/\/www.europesays.com\/pl\/wp-json\/wp\/v2\/tags?post=180072"}],"curies":[{"name":"wp","href":"https:\/\/api.w.org\/{rel}","templated":true}]}}