{"id":180074,"date":"2025-12-31T13:45:18","date_gmt":"2025-12-31T13:45:18","guid":{"rendered":"https:\/\/www.europesays.com\/pl\/180074\/"},"modified":"2025-12-31T13:45:18","modified_gmt":"2025-12-31T13:45:18","slug":"krakow-poszukiwany-nigeryjczyk-wpadl-na-lotnisku-w-balicach","status":"publish","type":"post","link":"https:\/\/www.europesays.com\/pl\/180074\/","title":{"rendered":"Krak\u00f3w: Poszukiwany Nigeryjczyk &#8222;wpad\u0142&#8221; na lotnisku w Balicach"},"content":{"rendered":"<p>Na lotnisku w Krakowie-Balicach dosz\u0142o do zatrzymania poszukiwanego 42-letniego obywatela Nigerii. M\u0119\u017cczyzna zg\u0142osi\u0142 si\u0119 do odprawy na rejs do Eindhoven w Kr\u00f3lestwie Niderland\u00f3w. Jego podr\u00f3\u017c zako\u0144czy\u0142a si\u0119 jeszcze przed wej\u015bciem na pok\u0142ad samolotu.<\/p>\n<p>                         &#13;<br \/>\n        &#13;<\/p>\n<p>                                        &#13;<br \/>\n                        &#13;<br \/>\n                            <img decoding=\"async\" src=\"https:\/\/www.europesays.com\/pl\/wp-content\/uploads\/2025\/12\/000M4YE9RV545CAI-C123-F4.jpg\" title=\"Poszukiwany Nigeryjczyk zatrzymany. &quot;Wpad\u0142&quot; na lotnisku w Balicach\" alt=\"Poszukiwany Nigeryjczyk zatrzymany w Balicach \/Shutterstock\" class=\"img-responsive\"\/>&#13;<\/p>\n<p>                            &#13;<\/p>\n<p>      &#13;<br \/>\n                            Poszukiwany Nigeryjczyk zatrzymany w Balicach&#13;<br \/>\n                                    \/Shutterstock  &#13;\n                                    <\/p>\n<p>&#13;<\/p>\n<p>Jak informuje stra\u017c graniczna, do zatrzymania Nigeryjczyka dosz\u0142o w poniedzia\u0142ek na krakowskim lotnisku w Balicach. Funkcjonariusze plac\u00f3wki stra\u017cy granicznej podczas rutynowej kontroli wylegitymowali pasa\u017cera lec\u0105cego do Holandii. W trakcie sprawdzania danych okaza\u0142o si\u0119, \u017ce 42-letni m\u0119\u017cczyzna figuruje w policyjnych rejestrach jako osoba poszukiwana.<\/p>\n<p> By\u0142 on \u015bcigany przez funkcjonariuszy Komisariatu Policji w Rudzie \u015al\u0105skiej w zwi\u0105zku z uchylaniem si\u0119 od obowi\u0105zku alimentacyjnego.<\/p>\n<p>Cudzoziemiec zosta\u0142 przekazany krakowskim policjantom, kt\u00f3rzy przej\u0119li dalsze czynno\u015bci.<\/p>\n<p>To kolejny przypadek, kt\u00f3ry pokazuje skuteczno\u015b\u0107 i czujno\u015b\u0107 funkcjonariuszy stra\u017cy granicznej na polskich lotniskach. Mundurowi podkre\u015blaj\u0105, \u017ce osoby nieprzestrzegaj\u0105ce prawa musz\u0105 liczy\u0107 si\u0119 z konsekwencjami, a pr\u00f3by wyjazdu z kraju nie chroni\u0105 przed odpowiedzialno\u015bci\u0105 karn\u0105.<\/p>\n","protected":false},"excerpt":{"rendered":"Na lotnisku w Krakowie-Balicach dosz\u0142o do zatrzymania poszukiwanego 42-letniego obywatela Nigerii. M\u0119\u017cczyzna zg\u0142osi\u0142 si\u0119 do odprawy na rejs&hellip;\n","protected":false},"author":2,"featured_media":180075,"comment_status":"","ping_status":"","sticky":false,"template":"","format":"standard","meta":{"footnotes":""},"categories":[12],"tags":[32,33,36,37,27,34,35,28,31,25,42,38,40,39,41,29,30,26],"class_list":{"0":"post-180074","1":"post","2":"type-post","3":"status-publish","4":"format-standard","5":"has-post-thumbnail","7":"category-polska","8":"tag-breaking-news","9":"tag-breakingnews","10":"tag-featured-news","11":"tag-featurednews","12":"tag-headlines","13":"tag-latest-news","14":"tag-latestnews","15":"tag-naglowki","16":"tag-najwazniejsze-artykuly","17":"tag-news","18":"tag-pl","19":"tag-poland","20":"tag-polish","21":"tag-polska","22":"tag-polski","23":"tag-top-stories","24":"tag-topstories","25":"tag-wiadomosci"},"share_on_mastodon":{"url":"https:\/\/pubeurope.com\/@pl\/115814487001296312","error":""},"_links":{"self":[{"href":"https:\/\/www.europesays.com\/pl\/wp-json\/wp\/v2\/posts\/180074","targetHints":{"allow":["GET"]}}],"collection":[{"href":"https:\/\/www.europesays.com\/pl\/wp-json\/wp\/v2\/posts"}],"about":[{"href":"https:\/\/www.europesays.com\/pl\/wp-json\/wp\/v2\/types\/post"}],"author":[{"embeddable":true,"href":"https:\/\/www.europesays.com\/pl\/wp-json\/wp\/v2\/users\/2"}],"replies":[{"embeddable":true,"href":"https:\/\/www.europesays.com\/pl\/wp-json\/wp\/v2\/comments?post=180074"}],"version-history":[{"count":0,"href":"https:\/\/www.europesays.com\/pl\/wp-json\/wp\/v2\/posts\/180074\/revisions"}],"wp:featuredmedia":[{"embeddable":true,"href":"https:\/\/www.europesays.com\/pl\/wp-json\/wp\/v2\/media\/180075"}],"wp:attachment":[{"href":"https:\/\/www.europesays.com\/pl\/wp-json\/wp\/v2\/media?parent=180074"}],"wp:term":[{"taxonomy":"category","embeddable":true,"href":"https:\/\/www.europesays.com\/pl\/wp-json\/wp\/v2\/categories?post=180074"},{"taxonomy":"post_tag","embeddable":true,"href":"https:\/\/www.europesays.com\/pl\/wp-json\/wp\/v2\/tags?post=180074"}],"curies":[{"name":"wp","href":"https:\/\/api.w.org\/{rel}","templated":true}]}}