{"id":180078,"date":"2025-12-31T13:47:08","date_gmt":"2025-12-31T13:47:08","guid":{"rendered":"https:\/\/www.europesays.com\/pl\/180078\/"},"modified":"2025-12-31T13:47:08","modified_gmt":"2025-12-31T13:47:08","slug":"polski-bramkarz-nie-sprawdzil-sie-w-azerbejdzanie-umowa-rozwiazana","status":"publish","type":"post","link":"https:\/\/www.europesays.com\/pl\/180078\/","title":{"rendered":"Polski bramkarz nie sprawdzi\u0142 si\u0119 w Azerbejd\u017canie. Umowa rozwi\u0105zana"},"content":{"rendered":"\n<p class=\"contentpart contentpart--default contentpart--text\" data-position=\"0\">To by\u0142 bardzo nieoczywisty ruch Kacpra Rosy. Po nieudanym czasie sp\u0119dzonym w Motorze Lublin (<a href=\"https:\/\/sportowefakty.wp.pl\/pilka-nozna\/1177239\/co-zrobil-bramkarz-kuriozalny-gol-w-meczu-motor-legia-wideo\" rel=\"nofollow noopener\" target=\"_blank\">zobacz jednego ze straconych przez niego goli<\/a>) polski bramkarz znalaz\u0142 si\u0119 w Azerbejd\u017canie.<\/p>\n<p class=\"contentpart contentpart--default contentpart--text\" data-position=\"1\">Podpisa\u0142 roczny kontrakt z Kapaz PFK.<\/p>\n<p> <img role=\"presentation\" src=\"https:\/\/std.wpcdn.pl\/images\/adv\/placeholder_wp.svg\" loading=\"lazy\" alt=\"\" decoding=\"async\"\/>  <\/p>\n<p class=\"contentpart contentpart--default contentpart--text\" data-position=\"2\">&#8211; Postanowi\u0142em kontynuowa\u0107 karier\u0119 za granic\u0105, by spojrze\u0107 na pi\u0142k\u0119 no\u017cn\u0105 z innej perspektywy i pozna\u0107 inn\u0105 kultur\u0119 &#8211; m\u00f3wi\u0142 Rosa w rozmowie z\u00a0futbolinfo.az.<\/p>\n<p class=\"contentpart contentpart--default contentpart--text\" data-position=\"3\">&#8211; Chc\u0119, \u017ceby kibice dobrze si\u0119 bawili. Chc\u0119 wygrywa\u0107 &#8211; twierdzi\u0142.<\/p>\n<p class=\"contentpart contentpart--default contentpart--text\" data-position=\"4\">Min\u0119\u0142o par\u0119 miesi\u0119cy i&#8230; ju\u017c go w klubie nie ma. Tu\u017c przed \u015bwi\u0119tami jego umowa zosta\u0142a rozwi\u0105zana za porozumieniem stron.<\/p>\n<p class=\"contentpart contentpart--default contentpart--text\" data-position=\"5\">Rosa nie zosta\u0142 w Azerbejd\u017canie nowym Mateuszem Kochalskim.<\/p>\n<p class=\"contentpart contentpart--default contentpart--text\" data-position=\"6\">Jak by\u0142o? Nieciekawie. Wyst\u0105pi\u0142 w o\u015bmiu meczach i wpu\u015bci\u0142 a\u017c 24 gole. Raczej nie jest to wynik, kt\u00f3rym wypada\u0142oby si\u0119 chwali\u0107. Z Ros\u0105 w sk\u0142adzie Kapaz PFK wygra\u0142 raptem jedno spotkanie.<\/p>\n<p> <img role=\"presentation\" src=\"https:\/\/std.wpcdn.pl\/images\/adv\/placeholder_wp.svg\" loading=\"lazy\" alt=\"\" decoding=\"async\"\/>  <\/p>\n<p class=\"contentpart contentpart--default contentpart--text\" data-position=\"7\">By\u0142a ju\u017c dru\u017cyna polskiego bramkarza w rundzie jesiennej zdoby\u0142a \u0142\u0105cznie dziewi\u0119\u0107 punkt\u00f3w w azerskiej ekstraklasie i jest sklasyfikowana na trzecim miejscu od ko\u0144ca.<\/p>\n<p class=\"contentpart contentpart--default contentpart--text\" data-position=\"8\">ZOBACZ WIDEO: Boruc szczerze o \u017cyciu po karierze. &#8222;Problematyczny pocz\u0105tek&#8221;<\/p>\n","protected":false},"excerpt":{"rendered":"To by\u0142 bardzo nieoczywisty ruch Kacpra Rosy. Po nieudanym czasie sp\u0119dzonym w Motorze Lublin (zobacz jednego ze straconych&hellip;\n","protected":false},"author":2,"featured_media":180079,"comment_status":"","ping_status":"","sticky":false,"template":"","format":"standard","meta":{"footnotes":""},"categories":[24],"tags":[990,35306,35305,989,269,42,38,40,39,41,127,126],"class_list":{"0":"post-180078","1":"post","2":"type-post","3":"status-publish","4":"format-standard","5":"has-post-thumbnail","7":"category-sport","8":"tag-azerbejdzan","9":"tag-kacper-rosa","10":"tag-kapaz-pfc","11":"tag-pilka-na-swiecie","12":"tag-pilka-nozna","13":"tag-pl","14":"tag-poland","15":"tag-polish","16":"tag-polska","17":"tag-polski","18":"tag-sport","19":"tag-sports"},"share_on_mastodon":{"url":"https:\/\/pubeurope.com\/@pl\/115814494663418717","error":""},"_links":{"self":[{"href":"https:\/\/www.europesays.com\/pl\/wp-json\/wp\/v2\/posts\/180078","targetHints":{"allow":["GET"]}}],"collection":[{"href":"https:\/\/www.europesays.com\/pl\/wp-json\/wp\/v2\/posts"}],"about":[{"href":"https:\/\/www.europesays.com\/pl\/wp-json\/wp\/v2\/types\/post"}],"author":[{"embeddable":true,"href":"https:\/\/www.europesays.com\/pl\/wp-json\/wp\/v2\/users\/2"}],"replies":[{"embeddable":true,"href":"https:\/\/www.europesays.com\/pl\/wp-json\/wp\/v2\/comments?post=180078"}],"version-history":[{"count":0,"href":"https:\/\/www.europesays.com\/pl\/wp-json\/wp\/v2\/posts\/180078\/revisions"}],"wp:featuredmedia":[{"embeddable":true,"href":"https:\/\/www.europesays.com\/pl\/wp-json\/wp\/v2\/media\/180079"}],"wp:attachment":[{"href":"https:\/\/www.europesays.com\/pl\/wp-json\/wp\/v2\/media?parent=180078"}],"wp:term":[{"taxonomy":"category","embeddable":true,"href":"https:\/\/www.europesays.com\/pl\/wp-json\/wp\/v2\/categories?post=180078"},{"taxonomy":"post_tag","embeddable":true,"href":"https:\/\/www.europesays.com\/pl\/wp-json\/wp\/v2\/tags?post=180078"}],"curies":[{"name":"wp","href":"https:\/\/api.w.org\/{rel}","templated":true}]}}