{"id":180084,"date":"2025-12-31T13:51:18","date_gmt":"2025-12-31T13:51:18","guid":{"rendered":"https:\/\/www.europesays.com\/pl\/180084\/"},"modified":"2025-12-31T13:51:18","modified_gmt":"2025-12-31T13:51:18","slug":"putin-zlecil-powiekszenie-strefy-buforowej-w-ukrainie","status":"publish","type":"post","link":"https:\/\/www.europesays.com\/pl\/180084\/","title":{"rendered":"Putin zleci\u0142 powi\u0119kszenie \u201estrefy buforowej\u201d w Ukrainie"},"content":{"rendered":"<p>   <a href=\"https:\/\/defence24.pl\/strona-autora\/bartlomiej-wypartowicz\" target=\"_self\" class=\"article-author__wrap\" rel=\"nofollow noopener\"><img loading=\"lazy\" decoding=\"async\" src=\"https:\/\/www.europesays.com\/pl\/wp-content\/uploads\/2025\/09\/rIBQNQozPowsyYi8kQ0c76oQGUCIZ8gJOOKiIiJN.bscf.png\" alt=\"\"  width=\"100\" height=\"100\" author=\"defence24\" caption=\"\" fullscreen=\"https:\/\/cdn.defence24.pl\/2023\/04\/20\/1920xpx\/rIBQNQozPowsyYi8kQ0c76oQGUCIZ8gJOOKiIiJN.a9ox.png\" class=\"img article-author__avatar img-avatar\"\/><br \/>\n          Bart\u0142omiej Wypartowicz<br \/>\n        <\/a>  <\/p>\n<p>Rosyjski przyw\u00f3dca W\u0142adimir Putin zleci\u0142 powi\u0119kszenie \u201estrefy buforowej\u201d na p\u00f3\u0142nocnym wschodzie Ukrainy w 2026 r. \u2013 oznajmi\u0142 szef sztabu generalnego rosyjskiej armii gen. Walerij Gierasimow.<\/p>\n<p>  <img decoding=\"async\" src=\"https:\/\/www.europesays.com\/pl\/wp-content\/uploads\/2025\/12\/yWYuD6wFvtCtJtw1zk9QvwuhussM6KFUaqiX6eHL.jpv4.jpg\" alt=\"\"  width=\"800\" height=\"450\" author=\"mil.ru\" fetchpriority=\"high\" class=\"img image-with-caption__image\"\/><br \/>\n        Autor. mil.ru<\/p>\n<p class=\"paragraph-module\">Gierasimow, cytowany w \u015brod\u0119 przez agencj\u0119 Reutera, o\u015bwiadczy\u0142, \u017ce \u201estrefa buforowa\u201d ma by\u0107 powi\u0119kszona w obwodach sumskim i charkowskim, przy granicy z Rosj\u0105.<\/p>\n<p class=\"paragraph-module\">Wcze\u015bniej Rosja zapowiedzia\u0142a odwet w zwi\u0105zku z rzekomym zaatakowaniem przez si\u0142y ukrai\u0144skie rezydencji Putina w nocy z niedzieli na poniedzia\u0142ek. W\u0142adze w Kijowie stanowczo zaprzeczy\u0142y temu zarzutowi.<\/p>\n<p class=\"paragraph-module\">Wed\u0142ug agencji RIA Nowosti Gierasimow przeprowadzi\u0142 inspekcj\u0119 w jednostkach rosyjskich prowadz\u0105cych dzia\u0142ania bojowe na p\u00f3\u0142nocnym wschodzie Ukrainy. Wed\u0142ug niego si\u0142y rosyjskie posuwaj\u0105 si\u0119 w tym rejonie naprz\u00f3d.<\/p>\n<p class=\"paragraph-module\">Putin wielokrotnie m\u00f3wi\u0142, \u017ce \u201estrefa buforowa\u201d ma na celu odepchni\u0119cie ukrai\u0144skich si\u0142 i uzbrojenia od rosyjskiej granicy, by ograniczy\u0107 ukrai\u0144skie ostrza\u0142y i ataki dronowe na rosyjskie obwody bie\u0142gorodzki czy kurski.<\/p>\n<p class=\"paragraph-module\">Wed\u0142ug w\u0142adz w Kijowie jest to koncepcja, kt\u00f3ra ma uzasadni\u0107 g\u0142\u0119bsze wdarcie si\u0119 si\u0142 rosyjskich na terytorium Ukrainy.<\/p>\n<p class=\"paragraph-module\">Zapowied\u017a rozszerzenia tzw. \u201estrefy buforowej\u201d wpisuje si\u0119 w konsekwentnie stosowan\u0105 przez Kreml narracj\u0119 obronn\u0105, w kt\u00f3rej dzia\u0142ania ofensywne przedstawiane s\u0105 jako \u015brodek zapobiegawczy. W praktyce oznacza to jednak dalsz\u0105 eskalacj\u0119 konfliktu i pr\u00f3b\u0119 trwa\u0142ego przesuni\u0119cia linii frontu kosztem Ukrainy.<\/p>\n","protected":false},"excerpt":{"rendered":"Bart\u0142omiej Wypartowicz Rosyjski przyw\u00f3dca W\u0142adimir Putin zleci\u0142 powi\u0119kszenie \u201estrefy buforowej\u201d na p\u00f3\u0142nocnym wschodzie Ukrainy w 2026 r. \u2013&hellip;\n","protected":false},"author":2,"featured_media":180085,"comment_status":"","ping_status":"","sticky":false,"template":"","format":"standard","meta":{"footnotes":""},"categories":[14],"tags":[32,33,27,34,35,28,31,25,40,41,87,35307,80,29,30,415,26,2278,161,82,83,84],"class_list":{"0":"post-180084","1":"post","2":"type-post","3":"status-publish","4":"format-standard","5":"has-post-thumbnail","7":"category-swiat","8":"tag-breaking-news","9":"tag-breakingnews","10":"tag-headlines","11":"tag-latest-news","12":"tag-latestnews","13":"tag-naglowki","14":"tag-najwazniejsze-artykuly","15":"tag-news","16":"tag-polish","17":"tag-polski","18":"tag-rosja","19":"tag-strefa-buforowa","20":"tag-swiat","21":"tag-top-stories","22":"tag-topstories","23":"tag-ukraina","24":"tag-wiadomosci","25":"tag-wojna-na-ukrainie","26":"tag-wojsko","27":"tag-world","28":"tag-world-news","29":"tag-worldnews"},"share_on_mastodon":{"url":"https:\/\/pubeurope.com\/@pl\/115814510431902319","error":""},"_links":{"self":[{"href":"https:\/\/www.europesays.com\/pl\/wp-json\/wp\/v2\/posts\/180084","targetHints":{"allow":["GET"]}}],"collection":[{"href":"https:\/\/www.europesays.com\/pl\/wp-json\/wp\/v2\/posts"}],"about":[{"href":"https:\/\/www.europesays.com\/pl\/wp-json\/wp\/v2\/types\/post"}],"author":[{"embeddable":true,"href":"https:\/\/www.europesays.com\/pl\/wp-json\/wp\/v2\/users\/2"}],"replies":[{"embeddable":true,"href":"https:\/\/www.europesays.com\/pl\/wp-json\/wp\/v2\/comments?post=180084"}],"version-history":[{"count":0,"href":"https:\/\/www.europesays.com\/pl\/wp-json\/wp\/v2\/posts\/180084\/revisions"}],"wp:featuredmedia":[{"embeddable":true,"href":"https:\/\/www.europesays.com\/pl\/wp-json\/wp\/v2\/media\/180085"}],"wp:attachment":[{"href":"https:\/\/www.europesays.com\/pl\/wp-json\/wp\/v2\/media?parent=180084"}],"wp:term":[{"taxonomy":"category","embeddable":true,"href":"https:\/\/www.europesays.com\/pl\/wp-json\/wp\/v2\/categories?post=180084"},{"taxonomy":"post_tag","embeddable":true,"href":"https:\/\/www.europesays.com\/pl\/wp-json\/wp\/v2\/tags?post=180084"}],"curies":[{"name":"wp","href":"https:\/\/api.w.org\/{rel}","templated":true}]}}