{"id":180086,"date":"2025-12-31T13:52:09","date_gmt":"2025-12-31T13:52:09","guid":{"rendered":"https:\/\/www.europesays.com\/pl\/180086\/"},"modified":"2025-12-31T13:52:09","modified_gmt":"2025-12-31T13:52:09","slug":"zwiazki-partnerskie-w-nowej-ustawie-bedzie-kolejne-weto-prezydenta-karola-nawrockiego","status":"publish","type":"post","link":"https:\/\/www.europesays.com\/pl\/180086\/","title":{"rendered":"Zwi\u0105zki partnerskie w nowej ustawie. B\u0119dzie kolejne weto prezydenta Karola Nawrockiego?"},"content":{"rendered":"<p class=\"article-p\" data-section=\"detail-body\">Przyj\u0119ty przez rz\u0105d we wtorek <a href=\"https:\/\/www.fakt.pl\/polityka\/status-osoby-najblizszej-rzad-mowi-o-historycznym-momencie\/9pbs2nk\" id=\"0f200cf2-7d87-412c-ae5a-e6086e83b881\" rel=\"nofollow noopener\" target=\"_blank\">projekt ustawy o statusie osoby najbli\u017cszej w zwi\u0105zku i umowie o wsp\u00f3lnym po\u017cyciu<\/a> stanowi alternatyw\u0119 dla wcze\u015bniejszych plan\u00f3w dotycz\u0105cych zwi\u0105zk\u00f3w partnerskich. Nowe przepisy zak\u0142adaj\u0105, \u017ce dwie pe\u0142noletnie osoby b\u0119d\u0105 mog\u0142y sformalizowa\u0107 swoj\u0105 relacj\u0119 w urz\u0119dzie stanu cywilnego, co zapewni im wiele uprawnie\u0144, takich jak decydowanie o wsp\u00f3lnym maj\u0105tku, ustanowienie aliment\u00f3w czy prawo do zamieszkiwania w lokalu partnera. Ponadto umowa ta zagwarantuje stronom dost\u0119p do dokumentacji medycznej partnera oraz pozwoli na wzajemne reprezentowanie si\u0119 w bie\u017c\u0105cych sprawach urz\u0119dowych i codziennych.<\/p>\n<p class=\"article-p\" data-section=\"detail-body\"><a href=\"https:\/\/www.fakt.pl\/polityka\/zdjecie-z-karolem-nawrockim-wywolalo-burze-czuje-sie-w-obowiazku-wyjasnic\/hy3jzl8\" id=\"29c0a206-62e6-49a2-87c0-2f5a29351a03\" rel=\"nofollow noopener\" target=\"_blank\">Burza o zdj\u0119cie z Nawrockim. Fotograf prezydenta zabra\u0142 g\u0142os. &#8222;Czuj\u0119 si\u0119 w obowi\u0105zku wyja\u015bni\u0107&#8221;<\/a><\/p>\n<p>        Rz\u0105d przyj\u0105\u0142 projekt ustawy o statusie osoby najbli\u017cszej. Co zrobi Karol Nawrocki?<\/p>\n<p class=\"article-p\" data-section=\"detail-body\">Szef gabinetu prezydenta przypomnia\u0142 na antenie Polsat News, \u017ce jeszcze w kampanii wyborczej Karol Nawrocki zapowiada\u0142 podpisanie ustawy, kt\u00f3ra b\u0119dzie pomaga\u0107 ludziom poprzez regulowanie statusu osoby najbli\u017cszej tak, by pom\u00f3c w sprawach codziennych \u2014 w sprawie dost\u0119pu do informacji w urz\u0119dach, czy dost\u0119pu do informacji medycznej.<\/p>\n<p class=\"article-p\" data-section=\"detail-body\">Jednak przyj\u0119ty przez rz\u0105d projekt ustawy zdaniem Paw\u0142a Szefernakera &#8222;przywileje ma\u0142\u017ce\u0144skie przenosi na zwi\u0105zki partnerskie&#8221;. \u2014 To nie jest ustawa o statusie osoby najbli\u017cszej, kt\u00f3ra ma przek\u0142ada\u0107 pomoc Polakom, tylko jest to po prostu kwestia takiej ideologii. Nie ma zgody pana prezydenta na to, aby zr\u00f3wnywa\u0107 ma\u0142\u017ce\u0144stwo ze zwi\u0105zkiem partnerskim \u2014 oceni\u0142 minister.<\/p>\n<p>        Status osoby najbli\u017cszej. To musi si\u0119 zmieni\u0107, \u017ceby prezydent podpisa\u0142 ustaw\u0119<\/p>\n<p class=\"article-p\" data-section=\"detail-body\">Pytany, jakie kwestie nale\u017ca\u0142oby wykre\u015bli\u0107 z projektu, aby prezydent podpisa\u0142 ustaw\u0119, Szefernaker wskaza\u0142 kwesti\u0119 wsp\u00f3lnoty maj\u0105tkowej. Projekt zak\u0142ada bowiem wyb\u00f3r dla stron umowy pomi\u0119dzy pozostaniem w rozdzielno\u015bci (narzuconej automatycznie \u2014 odwrotnie ni\u017c w ma\u0142\u017ce\u0144stwie) a zdecydowaniem si\u0119 na wsp\u00f3lno\u015b\u0107 maj\u0105tkow\u0105. Szefernaker nie ma w\u0105tpliwo\u015bci, \u017ce Nawrocki &#8222;nie zgodzi si\u0119 tak\u017ce na otwarcie furtki do adopcji dzieci przez pary homoseksualne w przysz\u0142o\u015bci&#8221;.<\/p>\n<p class=\"article-p\" data-section=\"detail-body\">Jak zauwa\u017cy\u0142, z konsultacji spo\u0142ecznych, a konkretnie z sygna\u0142\u00f3w organizacji zajmuj\u0105cych si\u0119 prawami os\u00f3b LBGT wynika, \u017ce &#8222;tutaj brakuje jeszcze tylko adopcji&#8221;.<\/p>\n<p class=\"article-p\" data-section=\"detail-body\">\u2014 To pokazuje, jaki jest cel ostateczny przyj\u0119cia tych rozwi\u0105za\u0144: to znaczy najpierw zr\u00f3wnanie zwi\u0105zk\u00f3w partnerskich, utworzenie zwi\u0105zk\u00f3w partnerskich w polskim prawie, zr\u00f3wnanie je z przywilejami ma\u0142\u017ce\u0144skimi, a na koniec adopcja dzieci (przez pary homoseksualne \u2014 red.) \u2014 oceni\u0142 Szefernaker.<\/p>\n<p class=\"article-p\" data-section=\"detail-body\">Szef gabinetu Nawrockiego relacjonowa\u0142, \u017ce na temat tej ustawy zaplecze prezydenta rozmawia\u0142o ju\u017c wcze\u015bniej z przedstawicielami koalicji rz\u0105dz\u0105cej. \u2014 Wskazali\u015bmy, jakie s\u0105 kwestie, kt\u00f3rych pan prezydent nie zaakceptuje w ostatecznym projekcie. Pomimo to one dzisiaj s\u0105 tutaj zapisane \u2014 m\u00f3wi\u0142.<\/p>\n<p class=\"article-p\" data-section=\"detail-body\">\u0179r\u00f3d\u0142o: Polsat News, PAP<\/p>\n","protected":false},"excerpt":{"rendered":"Przyj\u0119ty przez rz\u0105d we wtorek projekt ustawy o statusie osoby najbli\u017cszej w zwi\u0105zku i umowie o wsp\u00f3lnym po\u017cyciu&hellip;\n","protected":false},"author":2,"featured_media":180087,"comment_status":"","ping_status":"","sticky":false,"template":"","format":"standard","meta":{"footnotes":""},"categories":[12],"tags":[32,33,36,37,27,34,35,28,31,25,42,38,40,39,41,29,30,26],"class_list":{"0":"post-180086","1":"post","2":"type-post","3":"status-publish","4":"format-standard","5":"has-post-thumbnail","7":"category-polska","8":"tag-breaking-news","9":"tag-breakingnews","10":"tag-featured-news","11":"tag-featurednews","12":"tag-headlines","13":"tag-latest-news","14":"tag-latestnews","15":"tag-naglowki","16":"tag-najwazniejsze-artykuly","17":"tag-news","18":"tag-pl","19":"tag-poland","20":"tag-polish","21":"tag-polska","22":"tag-polski","23":"tag-top-stories","24":"tag-topstories","25":"tag-wiadomosci"},"share_on_mastodon":{"url":"https:\/\/pubeurope.com\/@pl\/115814514255666217","error":""},"_links":{"self":[{"href":"https:\/\/www.europesays.com\/pl\/wp-json\/wp\/v2\/posts\/180086","targetHints":{"allow":["GET"]}}],"collection":[{"href":"https:\/\/www.europesays.com\/pl\/wp-json\/wp\/v2\/posts"}],"about":[{"href":"https:\/\/www.europesays.com\/pl\/wp-json\/wp\/v2\/types\/post"}],"author":[{"embeddable":true,"href":"https:\/\/www.europesays.com\/pl\/wp-json\/wp\/v2\/users\/2"}],"replies":[{"embeddable":true,"href":"https:\/\/www.europesays.com\/pl\/wp-json\/wp\/v2\/comments?post=180086"}],"version-history":[{"count":0,"href":"https:\/\/www.europesays.com\/pl\/wp-json\/wp\/v2\/posts\/180086\/revisions"}],"wp:featuredmedia":[{"embeddable":true,"href":"https:\/\/www.europesays.com\/pl\/wp-json\/wp\/v2\/media\/180087"}],"wp:attachment":[{"href":"https:\/\/www.europesays.com\/pl\/wp-json\/wp\/v2\/media?parent=180086"}],"wp:term":[{"taxonomy":"category","embeddable":true,"href":"https:\/\/www.europesays.com\/pl\/wp-json\/wp\/v2\/categories?post=180086"},{"taxonomy":"post_tag","embeddable":true,"href":"https:\/\/www.europesays.com\/pl\/wp-json\/wp\/v2\/tags?post=180086"}],"curies":[{"name":"wp","href":"https:\/\/api.w.org\/{rel}","templated":true}]}}