{"id":180088,"date":"2025-12-31T13:53:22","date_gmt":"2025-12-31T13:53:22","guid":{"rendered":"https:\/\/www.europesays.com\/pl\/180088\/"},"modified":"2025-12-31T13:53:22","modified_gmt":"2025-12-31T13:53:22","slug":"biedronka-otwarta-dluzej-przed-sylwestrem","status":"publish","type":"post","link":"https:\/\/www.europesays.com\/pl\/180088\/","title":{"rendered":"Biedronka otwarta d\u0142u\u017cej przed Sylwestrem"},"content":{"rendered":"<p>Sie\u0107 zadba\u0142a r\u00f3wnie\u017c o oferty umo\u017cliwiaj\u0105ce uzupe\u0142nienie lod\u00f3wek po \u015bwi\u0119tach. Tylko 31 grudnia 2025 roku mas\u0142o ekstra Mleczna Dolina (200 g) b\u0119dzie dost\u0119pne z kart\u0105 lub aplikacj\u0105 Moja Biedronka w specjalnej ofercie \u2013 przy zakupie trzech sztuk naliczony zostanie rabat w wysoko\u015bci 57%, a cena jednego opakowania wyniesie 2,99 z\u0142. Natomiast 3 stycznia 2026 roku klienci b\u0119d\u0105 mogli skorzysta\u0107 z kolejnych atrakcyjnych promocji, m.in. oferty 3+3 gratis na mleko UHT 3,2% marek \u0141aciate, Wypasione i Mlekovita (produkty mo\u017cna miesza\u0107), promocji 2+2 gratis na puszysty serek twarogowy Almette (150 g), oferty 4 sztuki cukru bia\u0142ego (1 kg) w cenie 1,40 z\u0142 za opakowanie przy dw\u00f3ch sztukach gratis oraz promocji 1+1 gratis na ser w plastrach \u015awiatowid (2&#215;250 g lub 500 g), w kt\u00f3rej cena ka\u017cdej z dw\u00f3ch sztuk wynosi 7,99 z\u0142.<\/p>\n","protected":false},"excerpt":{"rendered":"Sie\u0107 zadba\u0142a r\u00f3wnie\u017c o oferty umo\u017cliwiaj\u0105ce uzupe\u0142nienie lod\u00f3wek po \u015bwi\u0119tach. Tylko 31 grudnia 2025 roku mas\u0142o ekstra Mleczna&hellip;\n","protected":false},"author":2,"featured_media":180089,"comment_status":"","ping_status":"","sticky":false,"template":"","format":"standard","meta":{"footnotes":""},"categories":[5],"tags":[32,33,36,37,27,34,35,28,31,25,42,38,40,39,41,29,30,26],"class_list":{"0":"post-180088","1":"post","2":"type-post","3":"status-publish","4":"format-standard","5":"has-post-thumbnail","7":"category-naglowki","8":"tag-breaking-news","9":"tag-breakingnews","10":"tag-featured-news","11":"tag-featurednews","12":"tag-headlines","13":"tag-latest-news","14":"tag-latestnews","15":"tag-naglowki","16":"tag-najwazniejsze-artykuly","17":"tag-news","18":"tag-pl","19":"tag-poland","20":"tag-polish","21":"tag-polska","22":"tag-polski","23":"tag-top-stories","24":"tag-topstories","25":"tag-wiadomosci"},"share_on_mastodon":{"url":"https:\/\/pubeurope.com\/@pl\/115814518242110479","error":""},"_links":{"self":[{"href":"https:\/\/www.europesays.com\/pl\/wp-json\/wp\/v2\/posts\/180088","targetHints":{"allow":["GET"]}}],"collection":[{"href":"https:\/\/www.europesays.com\/pl\/wp-json\/wp\/v2\/posts"}],"about":[{"href":"https:\/\/www.europesays.com\/pl\/wp-json\/wp\/v2\/types\/post"}],"author":[{"embeddable":true,"href":"https:\/\/www.europesays.com\/pl\/wp-json\/wp\/v2\/users\/2"}],"replies":[{"embeddable":true,"href":"https:\/\/www.europesays.com\/pl\/wp-json\/wp\/v2\/comments?post=180088"}],"version-history":[{"count":0,"href":"https:\/\/www.europesays.com\/pl\/wp-json\/wp\/v2\/posts\/180088\/revisions"}],"wp:featuredmedia":[{"embeddable":true,"href":"https:\/\/www.europesays.com\/pl\/wp-json\/wp\/v2\/media\/180089"}],"wp:attachment":[{"href":"https:\/\/www.europesays.com\/pl\/wp-json\/wp\/v2\/media?parent=180088"}],"wp:term":[{"taxonomy":"category","embeddable":true,"href":"https:\/\/www.europesays.com\/pl\/wp-json\/wp\/v2\/categories?post=180088"},{"taxonomy":"post_tag","embeddable":true,"href":"https:\/\/www.europesays.com\/pl\/wp-json\/wp\/v2\/tags?post=180088"}],"curies":[{"name":"wp","href":"https:\/\/api.w.org\/{rel}","templated":true}]}}